{"id":4189,"date":"2014-11-28T00:01:19","date_gmt":"2014-11-27T23:01:19","guid":{"rendered":"http:\/\/www.hamburg-fuer-die-elbe.de\/?p=4189"},"modified":"2015-07-05T16:56:22","modified_gmt":"2015-07-05T15:56:22","slug":"nebel-des-grauens","status":"publish","type":"post","link":"https:\/\/www.hamburg-fuer-die-elbe.de\/?p=4189","title":{"rendered":"&#8220;Nebel des Grauens&#8221;"},"content":{"rendered":"<p>Am Dienstagabend legte sich erneut dichter Nebel \u00fcber Hamburg und legte den Hafenbetrieb lahm. Die HHLA hatte wieder den <a title=\"Artikel HA\" href=\"http:\/\/www.google.de\/url?sa=t&amp;rct=j&amp;q=&amp;esrc=s&amp;source=web&amp;cd=3&amp;cad=rja&amp;uact=8&amp;ved=0CCcQqQIwAg&amp;url=http%3A%2F%2Fwww.abendblatt.de%2Fhamburg%2Farticle134731419%2FDichter-Nebel-legt-den-Betrieb-im-Hafen-lahm.html&amp;ei=int3VOizLs7KOavrgNAF&amp;usg=AFQjCNE2plnEFgUTkx6V1lOYIvjvkh1lNw&amp;bvm=bv.80642063,d.ZWU\" target=\"_blank\">Container-Ladebetrieb eingestellt<\/a>.<\/p>\n<p>Doch das war nicht alles: Gegen 17:25 Uhr <a title=\"PM Polizei\" href=\"http:\/\/www.presseportal.de\/blaulicht\/pm\/6337\/2891000\" target=\"_blank\">kollidierte der St\u00fcckgut-Frachter &#8220;Hanoi&#8221;<\/a> (87,5 m lang, 11,45 m breit) mit der Uferbefestigung im Bereich Rethe\/Neuh\u00f6fer Kanal. Dabei wurden die Schiffsw\u00e4nde nicht nur eingedr\u00fcckt, es entstand au\u00dferdem ein Riss, durch den Wasser eindrang.<\/p>\n<p>Warum das Schiff die Spundwand trotz Lotsenberatung rammte, wird noch untersucht.<\/p>\n","protected":false},"excerpt":{"rendered":"<p>Am Dienstagabend legte sich erneut dichter Nebel \u00fcber Hamburg und legte den Hafenbetrieb lahm. Die HHLA hatte wieder den Container-Ladebetrieb eingestellt. Doch das war nicht alles: Gegen 17:25 Uhr kollidierte der St\u00fcckgut-Frachter &#8220;Hanoi&#8221; (87,5 m lang, 11,45 m breit) mit der Uferbefestigung im Bereich Rethe\/Neuh\u00f6fer Kanal. Dabei wurden die Schiffsw\u00e4nde nicht nur eingedr\u00fcckt, es entstand &hellip; <a href=\"https:\/\/www.hamburg-fuer-die-elbe.de\/?p=4189\" class=\"more-link\"><span class=\"screen-reader-text\">&#8220;Nebel des Grauens&#8221;<\/span> weiterlesen <span class=\"meta-nav\">&rarr;<\/span><\/a><\/p>\n","protected":false},"author":3,"featured_media":0,"comment_status":"closed","ping_status":"closed","sticky":false,"template":"","format":"standard","meta":{"footnotes":""},"categories":[1,286],"tags":[56,250],"_links":{"self":[{"href":"https:\/\/www.hamburg-fuer-die-elbe.de\/index.php?rest_route=\/wp\/v2\/posts\/4189"}],"collection":[{"href":"https:\/\/www.hamburg-fuer-die-elbe.de\/index.php?rest_route=\/wp\/v2\/posts"}],"about":[{"href":"https:\/\/www.hamburg-fuer-die-elbe.de\/index.php?rest_route=\/wp\/v2\/types\/post"}],"author":[{"embeddable":true,"href":"https:\/\/www.hamburg-fuer-die-elbe.de\/index.php?rest_route=\/wp\/v2\/users\/3"}],"replies":[{"embeddable":true,"href":"https:\/\/www.hamburg-fuer-die-elbe.de\/index.php?rest_route=%2Fwp%2Fv2%2Fcomments&post=4189"}],"version-history":[{"count":4,"href":"https:\/\/www.hamburg-fuer-die-elbe.de\/index.php?rest_route=\/wp\/v2\/posts\/4189\/revisions"}],"predecessor-version":[{"id":6685,"href":"https:\/\/www.hamburg-fuer-die-elbe.de\/index.php?rest_route=\/wp\/v2\/posts\/4189\/revisions\/6685"}],"wp:attachment":[{"href":"https:\/\/www.hamburg-fuer-die-elbe.de\/index.php?rest_route=%2Fwp%2Fv2%2Fmedia&parent=4189"}],"wp:term":[{"taxonomy":"category","embeddable":true,"href":"https:\/\/www.hamburg-fuer-die-elbe.de\/index.php?rest_route=%2Fwp%2Fv2%2Fcategories&post=4189"},{"taxonomy":"post_tag","embeddable":true,"href":"https:\/\/www.hamburg-fuer-die-elbe.de\/index.php?rest_route=%2Fwp%2Fv2%2Ftags&post=4189"}],"curies":[{"name":"wp","href":"https:\/\/api.w.org\/{rel}","templated":true}]}}