{"id":4261,"date":"2014-12-17T00:02:12","date_gmt":"2014-12-16T23:02:12","guid":{"rendered":"http:\/\/www.hamburg-fuer-die-elbe.de\/?p=4261"},"modified":"2015-02-21T13:05:41","modified_gmt":"2015-02-21T12:05:41","slug":"groessenwahn","status":"publish","type":"post","link":"https:\/\/www.hamburg-fuer-die-elbe.de\/?p=4261","title":{"rendered":"Gr\u00f6\u00dfenwahn?"},"content":{"rendered":"<p>Im <a href=\"http:\/\/www.google.de\/url?sa=t&amp;rct=j&amp;q=&amp;esrc=s&amp;source=web&amp;cd=1&amp;cad=rja&amp;uact=8&amp;ved=0CCQQqQIwAA&amp;url=http%3A%2F%2Fwww.abendblatt.de%2Fwirtschaft%2Fhafen-und-schifffahrt%2Farticle135044425%2FHapag-Lloyd-erwaegt-Kauf-von-Mega-Containerschiffen.html&amp;ei=DfOBVMuiDM7GPeTLgbAF&amp;usg=AFQjCNHBNazzsOeA5Oh52kV-6_IjuqM56g&amp;bvm=bv.80642063,d.ZWU\" target=\"_blank\">Hamburger Abendblatt war k\u00fcrzlich<\/a> zu lesen, dass Herr Rolf Habben Jansen, Vorstand von Hapag Lloyd, ank\u00fcndigt, dass die Reederei die Anschaffung von Mega-Containerschiffen plant. Wann es soweit sein soll, gibt er nicht bekannt. Lediglich von einem unbestimmten &#8220;zum gegebenen Zeitpunkt&#8221; ist die Rede.<a href=\"https:\/\/www.hamburg-fuer-die-elbe.de\/wordpress\/wp-content\/uploads\/2014\/10\/Hapag-Lloyd11.jpg\"><img loading=\"lazy\" decoding=\"async\" class=\"alignright size-medium wp-image-4008\" src=\"https:\/\/www.hamburg-fuer-die-elbe.de\/wordpress\/wp-content\/uploads\/2014\/10\/Hapag-Lloyd11-300x213.jpg\" alt=\"Hapag-Lloyd1\" width=\"300\" height=\"213\" srcset=\"https:\/\/www.hamburg-fuer-die-elbe.de\/wordpress\/wp-content\/uploads\/2014\/10\/Hapag-Lloyd11-300x213.jpg 300w, https:\/\/www.hamburg-fuer-die-elbe.de\/wordpress\/wp-content\/uploads\/2014\/10\/Hapag-Lloyd11-900x639.jpg 900w, https:\/\/www.hamburg-fuer-die-elbe.de\/wordpress\/wp-content\/uploads\/2014\/10\/Hapag-Lloyd11.jpg 933w\" sizes=\"(max-width: 300px) 100vw, 300px\" \/><\/a><\/p>\n<p>Gerade erst<a title=\"better together?\" href=\"https:\/\/www.hamburg-fuer-die-elbe.de\/?p=4249\" target=\"_blank\"> ist die Fusion mit CSAV <\/a>juristisch abgeschlossen worden und die beiden Unternehmen m\u00fcssen in n\u00e4chsten Jahren technisch und organisatorisch zusammen gef\u00fchrt werden. Wir gehen davon aus, dass dieses trotz der immensen angek\u00fcndigten Synergien nicht ohne zus\u00e4tzlichen <a href=\"https:\/\/www.hamburg-fuer-die-elbe.de\/?p=3658\" target=\"_blank\">Kostenaufwand<\/a> zu realisieren sein wird.<\/p>\n<p>Da beide Reedereien in ihrem jeweiligen Containergesch\u00e4ft seit Jahren <a title=\"Zwischenberichte\" href=\"https:\/\/www.hamburg-fuer-die-elbe.de\/?p=3846\" target=\"_blank\">immense Verluste einfahren<\/a>, fragen wir uns, wovon denn die neuen Mega-Containerschiffe bezahlt werden sollen? Weiterhin von unseren Hamburger Steuergeldern? Eigentlich war doch seitens des Senates geplant, dass die Stadt Hamburg als Anteilseigner endlich ab 2016 eine Dividende erhalten und damit der B\u00f6rsengang eingeleitet werden soll.<\/p>\n<p>Wir erwarten nicht, dass Hapag-Lloyd mit Abschluss des Gesch\u00e4ftsjahres 2016 Dividendenf\u00e4higkeit erreicht haben wird und damit \u00fcber die B\u00f6rse verkauft werden kann. Das Gegenteil, die Fortf\u00fchrung einer dividendenlosen hamburgischen Staatsbeteiligung \u00fcber weitere Jahre erscheint wahrscheinlich. So vermuten wir, dass mit diesen Aussagen des Hapag-Lloyd-Vorstandschef zu fehlenden Mega-Containerschiffen eine erste Ausrede f\u00fcr den unm\u00f6glichen B\u00f6rsengang und ausbleibende Dividenden in Szene gesetzt wird: da Hapag-Lloyd diese Schiffe nicht aus eigener Kraft und Bonit\u00e4t finanzieren konnte, ist ein Wettbewerbsnachteil entstanden, der nun durch die Eigent\u00fcmer, also auch der Stadt Hamburg, durch einen weiteren Dividenden- und B\u00f6rsengangverzicht bzw. neuen Eigenkapitalausstattungen ausgeglichen werden muss.<\/p>\n<p>Setzen wir die Gr\u00f6\u00dfenangabe der neuen Mega-Containerschiffe von knapp vier Fussballfeldern, also 4 mal 105 m L\u00e4nge und 68 m Breite in das Verh\u00e4ltnis zu der mit der neunten Elbvertiefung geplanten maximalen Begegnungsbreite zwischen Gl\u00fcckstadt und Hamburg von 92 m, k\u00f6nnen wir nur noch den Kopf sch\u00fctteln. Die in den letzten Tagen durch die Presse wabernden <a href=\"http:\/\/www.shippingscenarios.wartsila.com\/\" target=\"_blank\" class=\"broken_link\">futuristischen Entwicklungsszenarien von W\u00e4rtsil\u00e4<\/a> f\u00fcr das Jahr 2030 samt deren <a href=\"http:\/\/www.shippingscenarios.wartsila.com\/Ship_Concepts_For_Shipping_Scenarios_2030.pdf\" target=\"_blank\" class=\"broken_link\">potentiellen Neubaupr\u00e4sentationen f\u00fcr Containerschiffe<\/a> zeigen auf, dass kein Schiff dieser Schiffsgeneration jemals wird in Hamburg und Bremerhaven wird festmachen k\u00f6nnen. Besonders spannend: die W\u00e4rtsil\u00e4-Planungen wurden auf der <a href=\"http:\/\/www.google.de\/url?sa=t&amp;rct=j&amp;q=&amp;esrc=s&amp;source=web&amp;cd=4&amp;ved=0CDoQFjAD&amp;url=http%3A%2F%2Fwww.abendblatt.de%2Fratgeber%2Fwissen%2Farticle1624275%2FMit-Windkraft-ueber-die-Ozeane.html&amp;ei=DviCVKHnMoKyPczAgLgF&amp;usg=AFQjCNHPMfMPo9HpyWJG7hkLAEPTj4AKPA&amp;bvm=bv.80642063,d.ZWU&amp;cad=rja\" target=\"_blank\">Schiffsmesse SMM am 08.09.2010<\/a> in Hamburg pr\u00e4sentiert &#8211; da war wohl wieder keiner von den Verantwortlichen der Hafenwirtschaft und des Senates anwesend&#8230;<\/p>\n","protected":false},"excerpt":{"rendered":"<p>Im Hamburger Abendblatt war k\u00fcrzlich zu lesen, dass Herr Rolf Habben Jansen, Vorstand von Hapag Lloyd, ank\u00fcndigt, dass die Reederei die Anschaffung von Mega-Containerschiffen plant. Wann es soweit sein soll, gibt er nicht bekannt. Lediglich von einem unbestimmten &#8220;zum gegebenen Zeitpunkt&#8221; ist die Rede. Gerade erst ist die Fusion mit CSAV juristisch abgeschlossen worden und &hellip; <a href=\"https:\/\/www.hamburg-fuer-die-elbe.de\/?p=4261\" class=\"more-link\"><span class=\"screen-reader-text\">Gr\u00f6\u00dfenwahn?<\/span> weiterlesen <span class=\"meta-nav\">&rarr;<\/span><\/a><\/p>\n","protected":false},"author":3,"featured_media":0,"comment_status":"closed","ping_status":"closed","sticky":false,"template":"","format":"standard","meta":{"footnotes":""},"categories":[1,129],"tags":[63,27,137,262],"_links":{"self":[{"href":"https:\/\/www.hamburg-fuer-die-elbe.de\/index.php?rest_route=\/wp\/v2\/posts\/4261"}],"collection":[{"href":"https:\/\/www.hamburg-fuer-die-elbe.de\/index.php?rest_route=\/wp\/v2\/posts"}],"about":[{"href":"https:\/\/www.hamburg-fuer-die-elbe.de\/index.php?rest_route=\/wp\/v2\/types\/post"}],"author":[{"embeddable":true,"href":"https:\/\/www.hamburg-fuer-die-elbe.de\/index.php?rest_route=\/wp\/v2\/users\/3"}],"replies":[{"embeddable":true,"href":"https:\/\/www.hamburg-fuer-die-elbe.de\/index.php?rest_route=%2Fwp%2Fv2%2Fcomments&post=4261"}],"version-history":[{"count":5,"href":"https:\/\/www.hamburg-fuer-die-elbe.de\/index.php?rest_route=\/wp\/v2\/posts\/4261\/revisions"}],"predecessor-version":[{"id":4340,"href":"https:\/\/www.hamburg-fuer-die-elbe.de\/index.php?rest_route=\/wp\/v2\/posts\/4261\/revisions\/4340"}],"wp:attachment":[{"href":"https:\/\/www.hamburg-fuer-die-elbe.de\/index.php?rest_route=%2Fwp%2Fv2%2Fmedia&parent=4261"}],"wp:term":[{"taxonomy":"category","embeddable":true,"href":"https:\/\/www.hamburg-fuer-die-elbe.de\/index.php?rest_route=%2Fwp%2Fv2%2Fcategories&post=4261"},{"taxonomy":"post_tag","embeddable":true,"href":"https:\/\/www.hamburg-fuer-die-elbe.de\/index.php?rest_route=%2Fwp%2Fv2%2Ftags&post=4261"}],"curies":[{"name":"wp","href":"https:\/\/api.w.org\/{rel}","templated":true}]}}