{"id":4350,"date":"2014-12-13T00:01:50","date_gmt":"2014-12-12T23:01:50","guid":{"rendered":"http:\/\/www.hamburg-fuer-die-elbe.de\/?p=4350"},"modified":"2016-01-21T08:18:44","modified_gmt":"2016-01-21T07:18:44","slug":"kollision-suederelbbruecke","status":"publish","type":"post","link":"https:\/\/www.hamburg-fuer-die-elbe.de\/?p=4350","title":{"rendered":"Kollision S\u00fcderelbbr\u00fccke"},"content":{"rendered":"<p>Es war &#8220;nur&#8221; ein Schubverband und die Kollision ereignete sich in einem Bereich, der f\u00fcr die Gro\u00dfschifffahrt nicht mehr zug\u00e4nglich ist. Aber dennoch &#8230; die Kollision hat deutliche Folgen.<\/p>\n<p>Am Donnerstagmorgen <a href=\"http:\/\/www.google.de\/url?sa=t&amp;rct=j&amp;q=&amp;esrc=s&amp;source=web&amp;cd=3&amp;cad=rja&amp;uact=8&amp;ved=0CCwQFjAC&amp;url=http%3A%2F%2Fwww.abendblatt.de%2Fhamburg%2Fpolizeimeldungen%2Farticle135296443%2FSchiff-rammt-Elbbruecke-Sperrung-fuer-schwere-Lkw.html&amp;ei=KRqLVOH9GsTqONTfgKAH&amp;usg=AFQjCNEO-67VORV-YePqIw3MHTzEHgBRGA&amp;bvm=bv.81828268,d.ZWU\" target=\"_blank\">rammte der Schubverband &#8220;Paula&#8221;<\/a> die S\u00fcderelbbr\u00fccke\/A1-Elbquerung. Auf 15 Metern habe sich ein Quertr\u00e4ger der Br\u00fccke verdreht, <a href=\"https:\/\/www.google.de\/url?sa=t&amp;rct=j&amp;q=&amp;esrc=s&amp;source=web&amp;cd=6&amp;ved=0ahUKEwij3t-irrrKAhWELhoKHT7iDzsQFgg-MAU&amp;url=http%3A%2F%2Fwww.abendblatt.de%2Fhamburg%2Farticle135329392%2FSuederelbbruecke-gesperrt-wochenlang-drohen-Staus.html&amp;usg=AFQjCNFN6eCe1RySkevuFESGNon4gNxleg&amp;cad=rja\" target=\"_blank\">wird berichtet<\/a>. Der Kapit\u00e4n hatte vermutlich den Wasserstand und somit die Durchfahrtsh\u00f6he falsch eingesch\u00e4tzt. Erst zwei Stunden sp\u00e4ter meldete der 75-j\u00e4hrige Kapit\u00e4n in Geesthacht den Unfall.<\/p>\n<p>Der Schaden an der Br\u00fccke ist so massiv, dass im Moment LKW nur unter 7,5 Tonnen sowie PKW diese nutzen d\u00fcrfen. Der gesamte Verkehr Richtung S\u00fcden wird hinter der Autobahnrastst\u00e4tte Stillhorn kontrolliert und schwerere Fahrzeuge m\u00fcssen \u00fcber die Abfahrt Stillhorn eine <a href=\"http:\/\/www.presseportal.de\/blaulicht\/pm\/6337\/2904567\" target=\"_blank\">Umleitung \u00fcber die A253<\/a> bis zur Anschlussstelle Harburg fahren.<\/p>\n<p>\u00dcber das Wochenende werden die Fahrspuren des \u00f6stlichen, unbesch\u00e4digten Teils der Br\u00fccke auf 2 x 2 Spuren je Fahrtrichtung umgearbeitet, da f\u00fcr die Reparaturarbeiten der westliche Teil vollst\u00e4ndig gesperrt werden muss.<\/p>\n<p>Wenn schon ein Schubverband solche Sch\u00e4den anrichten kann, was erwartet uns dann erst, wenn einer der Mega-Containerfrachter auf der Elbe kollidiert &#8211; zwar nicht mit einer Br\u00fccke, aber m\u00f6glicherweise mit den Uferbefestigungen, Sperrwerken oder Deichen.<\/p>\n","protected":false},"excerpt":{"rendered":"<p>Es war &#8220;nur&#8221; ein Schubverband und die Kollision ereignete sich in einem Bereich, der f\u00fcr die Gro\u00dfschifffahrt nicht mehr zug\u00e4nglich ist. Aber dennoch &#8230; die Kollision hat deutliche Folgen. Am Donnerstagmorgen rammte der Schubverband &#8220;Paula&#8221; die S\u00fcderelbbr\u00fccke\/A1-Elbquerung. Auf 15 Metern habe sich ein Quertr\u00e4ger der Br\u00fccke verdreht, wird berichtet. Der Kapit\u00e4n hatte vermutlich den Wasserstand &hellip; <a href=\"https:\/\/www.hamburg-fuer-die-elbe.de\/?p=4350\" class=\"more-link\"><span class=\"screen-reader-text\">Kollision S\u00fcderelbbr\u00fccke<\/span> weiterlesen <span class=\"meta-nav\">&rarr;<\/span><\/a><\/p>\n","protected":false},"author":3,"featured_media":0,"comment_status":"closed","ping_status":"closed","sticky":false,"template":"","format":"standard","meta":{"footnotes":""},"categories":[1,286],"tags":[56,58,276],"_links":{"self":[{"href":"https:\/\/www.hamburg-fuer-die-elbe.de\/index.php?rest_route=\/wp\/v2\/posts\/4350"}],"collection":[{"href":"https:\/\/www.hamburg-fuer-die-elbe.de\/index.php?rest_route=\/wp\/v2\/posts"}],"about":[{"href":"https:\/\/www.hamburg-fuer-die-elbe.de\/index.php?rest_route=\/wp\/v2\/types\/post"}],"author":[{"embeddable":true,"href":"https:\/\/www.hamburg-fuer-die-elbe.de\/index.php?rest_route=\/wp\/v2\/users\/3"}],"replies":[{"embeddable":true,"href":"https:\/\/www.hamburg-fuer-die-elbe.de\/index.php?rest_route=%2Fwp%2Fv2%2Fcomments&post=4350"}],"version-history":[{"count":9,"href":"https:\/\/www.hamburg-fuer-die-elbe.de\/index.php?rest_route=\/wp\/v2\/posts\/4350\/revisions"}],"predecessor-version":[{"id":9228,"href":"https:\/\/www.hamburg-fuer-die-elbe.de\/index.php?rest_route=\/wp\/v2\/posts\/4350\/revisions\/9228"}],"wp:attachment":[{"href":"https:\/\/www.hamburg-fuer-die-elbe.de\/index.php?rest_route=%2Fwp%2Fv2%2Fmedia&parent=4350"}],"wp:term":[{"taxonomy":"category","embeddable":true,"href":"https:\/\/www.hamburg-fuer-die-elbe.de\/index.php?rest_route=%2Fwp%2Fv2%2Fcategories&post=4350"},{"taxonomy":"post_tag","embeddable":true,"href":"https:\/\/www.hamburg-fuer-die-elbe.de\/index.php?rest_route=%2Fwp%2Fv2%2Ftags&post=4350"}],"curies":[{"name":"wp","href":"https:\/\/api.w.org\/{rel}","templated":true}]}}