{"id":4386,"date":"2014-12-24T00:02:31","date_gmt":"2014-12-23T23:02:31","guid":{"rendered":"http:\/\/www.hamburg-fuer-die-elbe.de\/?p=4386"},"modified":"2015-12-25T09:22:01","modified_gmt":"2015-12-25T08:22:01","slug":"friedrichskoog-2","status":"publish","type":"post","link":"https:\/\/www.hamburg-fuer-die-elbe.de\/?p=4386","title":{"rendered":"Friedrichskoog 2"},"content":{"rendered":"<p>Im Sommer hatten wir Ihnen \u00fcber den \u00dcberlebenskampf des Schleswig-Holsteinischen <a href=\"https:\/\/www.hamburg-fuer-die-elbe.de\/wordpress\/wp-content\/uploads\/2014\/09\/FischKutterDemo.jpg\" target=\"_blank\"><img loading=\"lazy\" decoding=\"async\" class=\"alignright wp-image-4040 size-medium\" src=\"https:\/\/www.hamburg-fuer-die-elbe.de\/wordpress\/wp-content\/uploads\/2014\/09\/FischKutterDemo-300x168.jpg\" alt=\"FischKutterDemo\" width=\"300\" height=\"168\" srcset=\"https:\/\/www.hamburg-fuer-die-elbe.de\/wordpress\/wp-content\/uploads\/2014\/09\/FischKutterDemo-300x168.jpg 300w, https:\/\/www.hamburg-fuer-die-elbe.de\/wordpress\/wp-content\/uploads\/2014\/09\/FischKutterDemo-1024x575.jpg 1024w, https:\/\/www.hamburg-fuer-die-elbe.de\/wordpress\/wp-content\/uploads\/2014\/09\/FischKutterDemo-900x506.jpg 900w, https:\/\/www.hamburg-fuer-die-elbe.de\/wordpress\/wp-content\/uploads\/2014\/09\/FischKutterDemo.jpg 1179w\" sizes=\"(max-width: 300px) 100vw, 300px\" \/><\/a><a href=\"https:\/\/www.hamburg-fuer-die-elbe.de\/?p=3165\" target=\"_blank\">Kutterhafens Friedrichskoog<\/a> berichtet. Vor wenigen Tagen wurden wir von einer Leserin unserer Seite auf eine Pressemitteilung des Schleswig-Holsteinischen Landtages aufmerksam gemacht: &#8220;<a href=\"http:\/\/www.ltsh.de\/presseticker\/2014-12\/11\/15-17-54-55f2\/PI-VImnklXy-lt.pdf\" target=\"_blank\">Hafen Friedrichskoog: Petitionsausschuss schlie\u00dft Verfahren ab<\/a>&#8220;.<\/p>\n<p>Nun sind wir ganz gespannt: hat sich das Land \u00fcber den Petitionsausschuss nun anders zur beabsichtigten Hafenschlie\u00dfung entschieden? Hat unser Hamburger Wirtschaftssenator, Herr Frank Horch, vielleicht das Portemonnaie aufgemacht? Letzteres &#8211; leider nein!<\/p>\n<p>Der Pressemitteilung entnehmen wir, dass die Kieler Parlamentarier tief beeindruckt von <a href=\"https:\/\/www.hamburg-fuer-die-elbe.de\/wordpress\/wp-content\/uploads\/2014\/12\/Hafengesperrt.jpg\" target=\"_blank\"><img loading=\"lazy\" decoding=\"async\" class=\"alignleft wp-image-4506\" src=\"https:\/\/www.hamburg-fuer-die-elbe.de\/wordpress\/wp-content\/uploads\/2014\/12\/Hafengesperrt.jpg\" alt=\"Hafengesperrt\" width=\"200\" height=\"178\" \/><\/a>dem Protest der Friedrichskooger B\u00fcrgerinnen und B\u00fcrgern gegen die Schlie\u00dfung ihres Hafens gewesen sind. Man k\u00f6nnte fast meinen, dass, wenn die Friedrichskooger keine <a href=\"http:\/\/www.google.de\/url?sa=t&amp;rct=j&amp;q=&amp;esrc=s&amp;source=web&amp;cd=4&amp;ved=0CDUQFjAD&amp;url=http%3A%2F%2Fzeitungen.boyens-medien.de%2Faktuelle-nachrichten%2Fzeitung%2Fartikel%2Ffriedrichskoog-verklagt-das-land.html&amp;ei=-9aNVISjKYGrPYbsgKgJ&amp;usg=AFQjCNHrwWsj9YIuaOAdWTerEeFrqQgvYQ&amp;bvm=bv.81828268,d.ZWU&amp;cad=rja\" target=\"_blank\">Klage beim Verwaltungsgericht in Schleswig<\/a> erhoben h\u00e4tten, die Parlamentarier ihre Entscheidung zur Hafenschlie\u00dfung gleich r\u00fcckg\u00e4ngig gemacht h\u00e4tten. Dabei ist die Klageerhebung von den Friedrichskoogern mehr als nachvollziehbar: wie w\u00fcrden Sie sich verhalten, wenn Sie von <a href=\"http:\/\/www.google.de\/url?sa=t&amp;rct=j&amp;q=&amp;esrc=s&amp;source=web&amp;cd=7&amp;ved=0CEkQFjAG&amp;url=http%3A%2F%2Fwww.amt-marne-nordsee.de%2Fuploads%2Fmedia%2F2014-75_Einziehungsverfuegung_-_Hafen_Friedrkoog.pdf&amp;ei=-9aNVISjKYGrPYbsgKgJ&amp;usg=AFQjCNG1T6NEndEzLakSv_uy-g4NONKshA&amp;bvm=bv.81828268,d.ZWU&amp;cad=rja\" target=\"_blank\">Amtswegen diesen Einziehungsbescheid aus Kiel<\/a> erhalten h\u00e4tten?<\/p>\n<p>Die Friedrichskooger &#8220;B\u00fcrgerinitiative &#8211; Zukunft Hafen&#8221; (BIHZ) k\u00e4mpft seit Jahren gegen die &#8220;Hafenschlie\u00dfung mit Ansage&#8221;. Einen Text der BIHZ \u00fcber den <a href=\"https:\/\/www.hamburg-fuer-die-elbe.de\/wordpress\/wp-content\/uploads\/2014\/12\/hafen-friedrichskoog-und-brgerinitiative-hafen-zukunft-bihz.pdf\">Hafen Friedrichskoog und \u00fcber die engagierte B\u00fcrgerinitiative <\/a>d\u00fcrfen wir Ihnen bereitstellen.<\/p>\n<p>Wir w\u00fcnschen den Friedrichskoogern bei Ihrer Klage viel Erfolg und ver\u00f6ffentlichen den als <a href=\"http:\/\/www.google.de\/url?sa=t&amp;rct=j&amp;q=&amp;esrc=s&amp;source=web&amp;cd=15&amp;ved=0CDQQFjAEOAo&amp;url=http%3A%2F%2Fwww.fvv-nordsee.de%2FBIHZ%2520Spendenaufruf%2520Klage.pdf&amp;ei=8NmNVITSEobEPKyZgNAN&amp;usg=AFQjCNGPWsIeDp8moloQqdb4Y2QZ1n9qgA&amp;bvm=bv.81828268,d.ZWU&amp;cad=rja\" target=\"_blank\">Link beigef\u00fcgten Spendenaufruf<\/a>, mit der Bitte an unsere Leser die Klage der BIHZ mittels Spende zu unterst\u00fctzen. \u00a0 Toi, toi, toi!<\/p>\n","protected":false},"excerpt":{"rendered":"<p>Im Sommer hatten wir Ihnen \u00fcber den \u00dcberlebenskampf des Schleswig-Holsteinischen Kutterhafens Friedrichskoog berichtet. Vor wenigen Tagen wurden wir von einer Leserin unserer Seite auf eine Pressemitteilung des Schleswig-Holsteinischen Landtages aufmerksam gemacht: &#8220;Hafen Friedrichskoog: Petitionsausschuss schlie\u00dft Verfahren ab&#8220;. Nun sind wir ganz gespannt: hat sich das Land \u00fcber den Petitionsausschuss nun anders zur beabsichtigten Hafenschlie\u00dfung entschieden? &hellip; <a href=\"https:\/\/www.hamburg-fuer-die-elbe.de\/?p=4386\" class=\"more-link\"><span class=\"screen-reader-text\">Friedrichskoog 2<\/span> weiterlesen <span class=\"meta-nav\">&rarr;<\/span><\/a><\/p>\n","protected":false},"author":2,"featured_media":0,"comment_status":"closed","ping_status":"closed","sticky":false,"template":"","format":"standard","meta":{"footnotes":""},"categories":[1],"tags":[191],"_links":{"self":[{"href":"https:\/\/www.hamburg-fuer-die-elbe.de\/index.php?rest_route=\/wp\/v2\/posts\/4386"}],"collection":[{"href":"https:\/\/www.hamburg-fuer-die-elbe.de\/index.php?rest_route=\/wp\/v2\/posts"}],"about":[{"href":"https:\/\/www.hamburg-fuer-die-elbe.de\/index.php?rest_route=\/wp\/v2\/types\/post"}],"author":[{"embeddable":true,"href":"https:\/\/www.hamburg-fuer-die-elbe.de\/index.php?rest_route=\/wp\/v2\/users\/2"}],"replies":[{"embeddable":true,"href":"https:\/\/www.hamburg-fuer-die-elbe.de\/index.php?rest_route=%2Fwp%2Fv2%2Fcomments&post=4386"}],"version-history":[{"count":5,"href":"https:\/\/www.hamburg-fuer-die-elbe.de\/index.php?rest_route=\/wp\/v2\/posts\/4386\/revisions"}],"predecessor-version":[{"id":8854,"href":"https:\/\/www.hamburg-fuer-die-elbe.de\/index.php?rest_route=\/wp\/v2\/posts\/4386\/revisions\/8854"}],"wp:attachment":[{"href":"https:\/\/www.hamburg-fuer-die-elbe.de\/index.php?rest_route=%2Fwp%2Fv2%2Fmedia&parent=4386"}],"wp:term":[{"taxonomy":"category","embeddable":true,"href":"https:\/\/www.hamburg-fuer-die-elbe.de\/index.php?rest_route=%2Fwp%2Fv2%2Fcategories&post=4386"},{"taxonomy":"post_tag","embeddable":true,"href":"https:\/\/www.hamburg-fuer-die-elbe.de\/index.php?rest_route=%2Fwp%2Fv2%2Ftags&post=4386"}],"curies":[{"name":"wp","href":"https:\/\/api.w.org\/{rel}","templated":true}]}}