{"id":4412,"date":"2014-12-18T00:02:23","date_gmt":"2014-12-17T23:02:23","guid":{"rendered":"http:\/\/www.hamburg-fuer-die-elbe.de\/?p=4412"},"modified":"2015-12-25T09:53:25","modified_gmt":"2015-12-25T08:53:25","slug":"hamburger-allueren","status":"publish","type":"post","link":"https:\/\/www.hamburg-fuer-die-elbe.de\/?p=4412","title":{"rendered":"Hamburger All\u00fcren"},"content":{"rendered":"<figure id=\"attachment_4415\" aria-describedby=\"caption-attachment-4415\" style=\"width: 300px\" class=\"wp-caption alignright\"><a href=\"https:\/\/www.hamburg-fuer-die-elbe.de\/wordpress\/wp-content\/uploads\/2014\/12\/Rathaus2.jpg\" target=\"_blank\"><img loading=\"lazy\" decoding=\"async\" class=\"wp-image-4415 size-medium\" src=\"https:\/\/www.hamburg-fuer-die-elbe.de\/wordpress\/wp-content\/uploads\/2014\/12\/Rathaus2-300x200.jpg\" alt=\"Rathaus2\" width=\"300\" height=\"200\" srcset=\"https:\/\/www.hamburg-fuer-die-elbe.de\/wordpress\/wp-content\/uploads\/2014\/12\/Rathaus2-300x200.jpg 300w, https:\/\/www.hamburg-fuer-die-elbe.de\/wordpress\/wp-content\/uploads\/2014\/12\/Rathaus2-900x600.jpg 900w, https:\/\/www.hamburg-fuer-die-elbe.de\/wordpress\/wp-content\/uploads\/2014\/12\/Rathaus2.jpg 1023w\" sizes=\"(max-width: 300px) 100vw, 300px\" \/><\/a><figcaption id=\"caption-attachment-4415\" class=\"wp-caption-text\">Wer den Besten seiner Zeit genug gethan der hat gelebt f\u00fcr alle Zeit.<\/figcaption><\/figure>\n<p>Unser erster B\u00fcrgermeister <a href=\"http:\/\/www.google.de\/url?sa=t&amp;rct=j&amp;q=&amp;esrc=s&amp;source=web&amp;cd=1&amp;ved=0CCQQqQIwAA&amp;url=http%3A%2F%2Fwww.abendblatt.de%2Fhamburg%2Farticle135466859%2FWohin-geht-die-Reise-der-Stadt-Herr-Scholz.html&amp;ei=8cyRVLalGcbCPJ7ngeAM&amp;usg=AFQjCNEVkUNHbklunZyEhzlvNaJsx5Vkqg&amp;bvm=bv.82001339,d.ZWU&amp;cad=rja\" target=\"_blank\">Herr Olaf Scholz<\/a> hat gestern im Abendblatt anl\u00e4sslich der B\u00fcrgerschaftswahl am 15.02.2015 seine Positionen f\u00fcr die n\u00e4chste Legislaturperiode dargelegt. Einen Tag zuvor berichtete das Abendblatt \u00fcber die Positionen des F\u00fchrer der gr\u00f6\u00dften Oppositionspartei in der B\u00fcrgerschaft, <a href=\"http:\/\/www.google.de\/url?sa=t&amp;rct=j&amp;q=&amp;esrc=s&amp;source=web&amp;cd=1&amp;cad=rja&amp;uact=8&amp;ved=0CCEQFjAA&amp;url=http%3A%2F%2Fwww.abendblatt.de%2Fhamburg%2Fkommunales%2Farticle135421226%2FDietrich-Wersich-verraet-seine-Plaene-fuer-Hamburg.html&amp;ei=H86RVIzmIsjyOJmtgNgN&amp;usg=AFQjCNHK1M1qjxKr9ACJe7vyd-FaCAGAug&amp;bvm=bv.82001339,d.ZWU\" target=\"_blank\">Herrn Dietrich Wersich<\/a>.<\/p>\n<p>Beide Politiker vertreten identische Positionen in Sachen Elbvertiefung. Ob es nun pathetisch eine &#8220;<em>schicksalshafte Entscheidung f\u00fcr ganz Europa<\/em>&#8221; von Herrn Scholz ist oder ein solides &#8220;e<em>s gibt keinen Plan B zur Elbvertiefung<\/em>&#8221; von Herrn Wersich: beide stehen voll hinter den Pl\u00e4nen der neunten Elbvertiefung. Eine Basta-Politk ist bei beiden Politikern sp\u00fcrbar &#8211; Kompromisslinien sind f\u00fcr beide undenkbar.<\/p>\n<p>Gibt&#8217;s dennoch einen Blick \u00fcber den Tellerrand, z.B. f\u00fcr neue Ideen f\u00fcr den Hafen? Bei Herrn Wersich k\u00f6nnte man zaghafte Ans\u00e4tze vermuten: &#8220;&#8230;<em>allein Rekorde beim Containerumschlag werden die Zukunft des Hafens nicht sichern.\u00a0Weltweit zeige sich, dass allein das Umschlagen von Containern oder St\u00fcckgut nicht mehr ausreiche. Wir ben\u00f6tigen eine Reindustrialisierung des Hafens&#8221;, sagt er. Neben dem Ent- und Beladen von Schiffen m\u00fcssten auf dem Gel\u00e4nde Produktionsst\u00e4tten angesiedelt werden.<\/em>&#8221; Das ist nix Neues, aber immerhin&#8230;!<br \/>\nBei Herrn Scholz dagegen gibt&#8217;s nur alte sozialdemokratische Betonkopfpolitik &#8220;<em>Es gibt Leute, die sagen: Rotterdam h\u00e4tte die ganze K\u00fcste bis Stade weggebaggert&#8221;, sagt der Sozialdemokrat, und seine Stimme klingt sarkastisch.<\/em>&#8221; Das erinnert doch an Zeiten, als Atomkraft noch das undiskutierbare Ma\u00df der Sozialdemokratie f\u00fcr Fortschritt und Arbeitspl\u00e4tze war &#8211; heute will das keiner mehr erinnern.<\/p>\n<p>Was sagen die beiden Herren in Sachen Elbvertiefung zu Kooperationsans\u00e4tzen mit der Unterelbe- und sogar der gesamten K\u00fcstenregion? Gibt es \u00fcberhaupt ein Hamburger Umland, mit dem man gemeinsam eine Politik f\u00fcr Norddeutschland oder sogar Europa gestalten k\u00f6nnte?<br \/>\nHerr Scholz kennt er in Sachen Elbvertiefung immerhin die L\u00fcneburger Heide: &#8220;<em>&#8230;, ist die L\u00fcneburger Heide auch nicht mit EU-Recht vereinbar.&#8221; Schlie\u00dflich sei die Heidelandschaft einst durch Kahlschlag entstanden. <\/em>&#8221; Wie sollen wir das verstehen? <strong>Vergleicht er die heutige geplante Elbvertiefung mit einem etwaigen damaligen Kahlschlag in der L\u00fcneburger Heide<\/strong>? Ein befremdlicher Vergleich, wenn man den Ausf\u00fchrungen der Wikipedia zur L\u00fcneburger Heide (Kapitel <span id=\"Entstehung_und_Entwicklung_der_Heidelandschaft\" class=\"mw-headline\"><a href=\"https:\/\/de.wikipedia.org\/wiki\/L%C3%BCneburger_Heide\" target=\"_blank\"><em>Entstehung und Entwicklung der Heidelandschaft<\/em><\/a>) folgt. Sei&#8217;s drum &#8211; in Sachen norddeutsche Zusammenarbeit: Fehlanzeige!<br \/>\n<\/span><\/p>\n<p><span id=\"Entstehung_und_Entwicklung_der_Heidelandschaft\" class=\"mw-headline\">Nun Herr Wersich &#8211; immerhin scheint er Wilhelmshaven zu kennen: &#8220;<em>Es geht doch nicht darum, dass Hamburg sich finanziell an anderen norddeutschen H\u00e4fen beteiligt. Ein gewisses Ma\u00df an Konkurrenz sei unverzichtbar. Notwendig ist dagegen eine gemeinsame weltweite Vermarktung. Nat\u00fcrlich mit Hamburg als dem zentralen Anlaufpunkt im n\u00f6rdlichen Mitteleuropa.<\/em>&#8221; und erg\u00e4nzend: &#8220;&#8230;<em> in der Umsetzung gro\u00dfer Infrastrukturprojekte sieht der CDU-Politiker M\u00f6glichkeiten f\u00fcr Kooperation der f\u00fcnf norddeutschen Bundesl\u00e4nder, wohl wissend, wie peinlich genau jedes Bundesland darauf achtet, nicht \u00fcber den Tisch gezogen zu werden. Deshalb betont Wersich im Gespr\u00e4ch die Strahlkraft des Hamburger Hafens f\u00fcr den Norden. Der gr\u00f6\u00dfte Teil der in der Hansestadt angelandeten Waren werde in der Metropolregion verarbeitet. Das sichere \u00fcber die Grenzen der Stadt hinaus hochqualifizierten Arbeitskr\u00e4ften Jobs und Einkommen.<\/em>&#8221; Na, also arroganter geht es eigentlich kaum &#8211; warum wundert man sich im Rathaus blo\u00df, dass man uns Hamburger immer als Pfeffers\u00e4cke bezeichnet?<br \/>\n<\/span><\/p>\n<p>Bei Herrn Scholz k\u00f6nnen wir ausgehend von seinen befremdlichen Vergleichen mit der L\u00fcneburger Heide noch eine weitere Merkw\u00fcrdigkeit feststellen:<em> &#8220;Der B\u00fcrgermeister sieht Europa in der Pflicht. Von seinen Gesetzgebern erwartet er mehr Klarheit &#8211; und mehr Realismus. Und er stellt die Frage, ob solche Angelegenheiten \u00fcberhaupt gerichtlich zu kl\u00e4ren seien. Die Fl\u00fcsse sind die Lebensadern Europas<\/em>.&#8221; Ja, so sprechen nahezu &#8220;lupenreine Demokraten&#8221;. Ein derartig demokratisches Verst\u00e4ndnis zeugt davon, das Herr Scholz das deutsche und europ\u00e4ische Rechtssystem nicht richtig verinnerlicht zu haben scheint. Wenn dieser das europ\u00e4ische Rechtssystem kritisierende Politiker dann die neunte Elbvertiefung aus dem Hamburger Haushalt rausnehmen will und \u00fcber die &#8220;Junckers Liste&#8221; finanzieren lassen m\u00f6chte, wird es absurd.<\/p>\n<p>Glauben Sie nicht? Dann gucken Sie doch mal auf die Liste &#8220;<a href=\"https:\/\/www.hamburg-fuer-die-elbe.de\/wordpress\/wp-content\/uploads\/2014\/12\/annex-2-teil-3.pdf\">ANNEX 2 &#8211; Project lists from Member States and the Commission PART 3<\/a>&#8221; &#8211; hier Seite 23 in der Mitte. Das ist die <a href=\"https:\/\/www.hamburg-fuer-die-elbe.de\/wordpress\/wp-content\/uploads\/2014\/11\/Europa1.jpg\" target=\"_blank\"><img loading=\"lazy\" decoding=\"async\" class=\"alignleft wp-image-4192\" src=\"https:\/\/www.hamburg-fuer-die-elbe.de\/wordpress\/wp-content\/uploads\/2014\/11\/Europa1.jpg\" alt=\"Europa1\" width=\"241\" height=\"230\" \/><\/a> &#8220;List of Illustrative Projects&#8221;, die der EU-Kommission zur Entscheidung vorliegt. Hamburg hat dort seinen Baukostenanteil von 199 Mio. Euro \u00fcber die Rubrik &#8220;Transport&#8221; f\u00fcr die neunte Elbvertiefung mit den Worten: &#8220;<em>Hamburg Channel adjustments on the River Elbe \/ The planned channel adjustments of the Lower and Outer Elbe is to ensure that modern large container ships with max. drafts of 14.5 m can reach the port.<\/em>&#8221; angemeldet. Auch die Bundesregierung hat dieses auf Seite 22, ganz unten ihren Anteil von 250 Mio. Euro geltend gemacht: &#8220;<em>Unter- and Au\u00dfenelbe Inland waterway improvement<\/em>&#8221;<\/p>\n<p>Aus Hamburg finden wir auf der Liste noch diverse weitere Hafenprojekt angemeldet: Kattwyk-Br\u00fccke, Einfahrt Vorhafen, Drehkreis Westerweiterung, Zufahrten Burchardkai, Umbau Bahnknoten Hamburg sowie diverse Hamburger Autobahnprojekte. Projekt im Wert von rund 2 Mrd. Euro wurden eingereicht! Die Elbvertiefung wurde sogar doppelt &#8211; in deutscher und englischer Sprache &#8211; eingereicht. Hamburg ma\u00dft sich an, an einem Topf von 300 Mrd. Euro mit 2 Mrd Euro teilhaben zu wollen. D.h. Hamburg, das mit 1,8 Mio. von insgesamt 507 Mio. EU-B\u00fcrgern einen Bev\u00f6lkerungsanteil von 3,5 Promille hat, beansprucht aus dem EU-Topf des Herrn Junckers f\u00fcr sich rund 6,7 Promille des zur Verf\u00fcgung stehenden Geldes.<\/p>\n<p>Was soll man von einer derartigen Politik, d.h. &#8220;<strong>EU-Geld nehme ich gerne, aber EU-Gesetze erkenne ich nicht an<\/strong>&#8221; halten? Wir jedenfalls halten davon nichts!<\/p>\n","protected":false},"excerpt":{"rendered":"<p>Unser erster B\u00fcrgermeister Herr Olaf Scholz hat gestern im Abendblatt anl\u00e4sslich der B\u00fcrgerschaftswahl am 15.02.2015 seine Positionen f\u00fcr die n\u00e4chste Legislaturperiode dargelegt. Einen Tag zuvor berichtete das Abendblatt \u00fcber die Positionen des F\u00fchrer der gr\u00f6\u00dften Oppositionspartei in der B\u00fcrgerschaft, Herrn Dietrich Wersich. Beide Politiker vertreten identische Positionen in Sachen Elbvertiefung. Ob es nun pathetisch eine &hellip; <a href=\"https:\/\/www.hamburg-fuer-die-elbe.de\/?p=4412\" class=\"more-link\"><span class=\"screen-reader-text\">Hamburger All\u00fcren<\/span> weiterlesen <span class=\"meta-nav\">&rarr;<\/span><\/a><\/p>\n","protected":false},"author":2,"featured_media":0,"comment_status":"closed","ping_status":"closed","sticky":false,"template":"","format":"standard","meta":{"footnotes":""},"categories":[1,11],"tags":[292],"_links":{"self":[{"href":"https:\/\/www.hamburg-fuer-die-elbe.de\/index.php?rest_route=\/wp\/v2\/posts\/4412"}],"collection":[{"href":"https:\/\/www.hamburg-fuer-die-elbe.de\/index.php?rest_route=\/wp\/v2\/posts"}],"about":[{"href":"https:\/\/www.hamburg-fuer-die-elbe.de\/index.php?rest_route=\/wp\/v2\/types\/post"}],"author":[{"embeddable":true,"href":"https:\/\/www.hamburg-fuer-die-elbe.de\/index.php?rest_route=\/wp\/v2\/users\/2"}],"replies":[{"embeddable":true,"href":"https:\/\/www.hamburg-fuer-die-elbe.de\/index.php?rest_route=%2Fwp%2Fv2%2Fcomments&post=4412"}],"version-history":[{"count":9,"href":"https:\/\/www.hamburg-fuer-die-elbe.de\/index.php?rest_route=\/wp\/v2\/posts\/4412\/revisions"}],"predecessor-version":[{"id":8880,"href":"https:\/\/www.hamburg-fuer-die-elbe.de\/index.php?rest_route=\/wp\/v2\/posts\/4412\/revisions\/8880"}],"wp:attachment":[{"href":"https:\/\/www.hamburg-fuer-die-elbe.de\/index.php?rest_route=%2Fwp%2Fv2%2Fmedia&parent=4412"}],"wp:term":[{"taxonomy":"category","embeddable":true,"href":"https:\/\/www.hamburg-fuer-die-elbe.de\/index.php?rest_route=%2Fwp%2Fv2%2Fcategories&post=4412"},{"taxonomy":"post_tag","embeddable":true,"href":"https:\/\/www.hamburg-fuer-die-elbe.de\/index.php?rest_route=%2Fwp%2Fv2%2Ftags&post=4412"}],"curies":[{"name":"wp","href":"https:\/\/api.w.org\/{rel}","templated":true}]}}