{"id":4525,"date":"2015-01-05T00:02:06","date_gmt":"2015-01-04T23:02:06","guid":{"rendered":"http:\/\/www.hamburg-fuer-die-elbe.de\/?p=4525"},"modified":"2016-03-22T10:01:19","modified_gmt":"2016-03-22T09:01:19","slug":"nachfrage-ym-utmost","status":"publish","type":"post","link":"https:\/\/www.hamburg-fuer-die-elbe.de\/?p=4525","title":{"rendered":"Nachfrage YM Utmost"},"content":{"rendered":"<p>Am <a href=\"https:\/\/www.hamburg-fuer-die-elbe.de\/?p=3302\" target=\"_blank\">04.10.2014 verlie\u00df das Containerschiff &#8220;YM Utmost&#8221;<\/a> <a href=\"https:\/\/www.hamburg-fuer-die-elbe.de\/wordpress\/wp-content\/uploads\/2014\/10\/K\u00f6hlbrandbr\u00fcckeHapag1.jpg\" target=\"_blank\"><img loading=\"lazy\" decoding=\"async\" class=\"alignright wp-image-3954\" src=\"https:\/\/www.hamburg-fuer-die-elbe.de\/wordpress\/wp-content\/uploads\/2014\/10\/K\u00f6hlbrandbr\u00fcckeHapag1-300x225.jpg\" alt=\"K\u00f6hlbrandbr\u00fcckeHapag\" width=\"249\" height=\"187\" srcset=\"https:\/\/www.hamburg-fuer-die-elbe.de\/wordpress\/wp-content\/uploads\/2014\/10\/K\u00f6hlbrandbr\u00fcckeHapag1-300x225.jpg 300w, https:\/\/www.hamburg-fuer-die-elbe.de\/wordpress\/wp-content\/uploads\/2014\/10\/K\u00f6hlbrandbr\u00fcckeHapag1-900x675.jpg 900w, https:\/\/www.hamburg-fuer-die-elbe.de\/wordpress\/wp-content\/uploads\/2014\/10\/K\u00f6hlbrandbr\u00fcckeHapag1.jpg 990w\" sizes=\"(max-width: 249px) 100vw, 249px\" \/><\/a>mit schwarzen Rauchschwaden den Hamburger Hafen. Die Wasserschutzpolizei konnte unerkl\u00e4rlicherweise die YM Utmost nicht mehr erreichen und zahlreiche Beschwerden und Anzeigen von Betroffenen und Anwohnern scheinen im Sande verlaufen zu sein. Diese Annahme m\u00fcssen treffen, da wir von Seiten unseres &#8220;gr\u00fcn-gep\u00f6nten&#8221; Hafen-Senates nichts vernommen haben.<\/p>\n<p>Eine <a href=\"https:\/\/www.buergerschaft-hh.de\/ParlDok\/dokument\/47506\/st%C3%B6rungen-der-%C3%B6ffentlichen-sicherheit-auf-der-elbe-durch-das-schiff-%E2%80%9Eyang-ming-utmost%E2%80%9C-am-4-oktober-2014-2-.pdf\" target=\"_blank\" class=\"broken_link\">neue Schriftliche Kleine Anfrage<\/a> in der B\u00fcrgerschaft versucht den Stand der Ermittlungen zu den Rauchschwaden der &#8220;YM Utmost&#8221; und die eingeleiteten Ma\u00dfnahmen zu ergr\u00fcnden. Rund ein viertel Jahr sp\u00e4ter m\u00fcsste es doch ein paar \u00f6ffentliche Ausk\u00fcnfte geben k\u00f6nnen, welche Konsequenzen ein derartiger Vorfall hervorruft. Zumal die &#8220;<a href=\"https:\/\/www.hafen-hamburg.de\/de\/schiff\/ym-utmost-imo-9302621---3694\" target=\"_blank\">YM Utmost<\/a>&#8221; den Hamburger Hafen am 18.12.2014 erneut angelaufen hatte und am 21.12.2014 ungehindert nach Rotterdam weiterdampfen durfte.<\/p>\n<p>Vermuten k\u00f6nnte man, dass es die gleichen Folgen hat, wenn man in Hamburg mit dem Auto ohne Umwelt- bzw. Feinstaubplakette durch die Innenstadt fahren sollte, n\u00e4mlich keine\u00a0 &#8211; &#8220;<a href=\"https:\/\/www.hamburg.de\/behoerdenfinder\/hamburg\/11256720\/\" target=\"_blank\"><em>Der Hamburger Senat hat sich gegen die Einf\u00fchrung einer Umweltzone in Hamburg entschieden. Sie ben\u00f6tigen keine Plakette, um die Hamburger Innenstadt befahren zu k\u00f6nnen.<\/em><\/a>&#8221;<\/p>\n<p>Wir sind trotzdem weiterhin im &#8220;guten Glauben&#8221; und gehen davon aus, dass man sich in Hamburg in Sachen &#8220;<a href=\"https:\/\/www.hamburg-fuer-die-elbe.de\/?p=4618\" target=\"_blank\">Neue Abgasregelung<\/a>&#8221; zumindest ab dem 01.01.2015 an Regeln und Gesetze halten wird. N\u00e4heres in K\u00fcrze&#8230;!<\/p>\n","protected":false},"excerpt":{"rendered":"<p>Am 04.10.2014 verlie\u00df das Containerschiff &#8220;YM Utmost&#8221; mit schwarzen Rauchschwaden den Hamburger Hafen. Die Wasserschutzpolizei konnte unerkl\u00e4rlicherweise die YM Utmost nicht mehr erreichen und zahlreiche Beschwerden und Anzeigen von Betroffenen und Anwohnern scheinen im Sande verlaufen zu sein. Diese Annahme m\u00fcssen treffen, da wir von Seiten unseres &#8220;gr\u00fcn-gep\u00f6nten&#8221; Hafen-Senates nichts vernommen haben. Eine neue Schriftliche &hellip; <a href=\"https:\/\/www.hamburg-fuer-die-elbe.de\/?p=4525\" class=\"more-link\"><span class=\"screen-reader-text\">Nachfrage YM Utmost<\/span> weiterlesen <span class=\"meta-nav\">&rarr;<\/span><\/a><\/p>\n","protected":false},"author":2,"featured_media":0,"comment_status":"closed","ping_status":"closed","sticky":false,"template":"","format":"standard","meta":{"footnotes":""},"categories":[1],"tags":[336,201,301,199],"_links":{"self":[{"href":"https:\/\/www.hamburg-fuer-die-elbe.de\/index.php?rest_route=\/wp\/v2\/posts\/4525"}],"collection":[{"href":"https:\/\/www.hamburg-fuer-die-elbe.de\/index.php?rest_route=\/wp\/v2\/posts"}],"about":[{"href":"https:\/\/www.hamburg-fuer-die-elbe.de\/index.php?rest_route=\/wp\/v2\/types\/post"}],"author":[{"embeddable":true,"href":"https:\/\/www.hamburg-fuer-die-elbe.de\/index.php?rest_route=\/wp\/v2\/users\/2"}],"replies":[{"embeddable":true,"href":"https:\/\/www.hamburg-fuer-die-elbe.de\/index.php?rest_route=%2Fwp%2Fv2%2Fcomments&post=4525"}],"version-history":[{"count":8,"href":"https:\/\/www.hamburg-fuer-die-elbe.de\/index.php?rest_route=\/wp\/v2\/posts\/4525\/revisions"}],"predecessor-version":[{"id":9782,"href":"https:\/\/www.hamburg-fuer-die-elbe.de\/index.php?rest_route=\/wp\/v2\/posts\/4525\/revisions\/9782"}],"wp:attachment":[{"href":"https:\/\/www.hamburg-fuer-die-elbe.de\/index.php?rest_route=%2Fwp%2Fv2%2Fmedia&parent=4525"}],"wp:term":[{"taxonomy":"category","embeddable":true,"href":"https:\/\/www.hamburg-fuer-die-elbe.de\/index.php?rest_route=%2Fwp%2Fv2%2Fcategories&post=4525"},{"taxonomy":"post_tag","embeddable":true,"href":"https:\/\/www.hamburg-fuer-die-elbe.de\/index.php?rest_route=%2Fwp%2Fv2%2Ftags&post=4525"}],"curies":[{"name":"wp","href":"https:\/\/api.w.org\/{rel}","templated":true}]}}