{"id":4644,"date":"2015-01-04T10:53:47","date_gmt":"2015-01-04T09:53:47","guid":{"rendered":"http:\/\/www.hamburg-fuer-die-elbe.de\/?p=4644"},"modified":"2016-10-10T12:07:55","modified_gmt":"2016-10-10T10:07:55","slug":"frachter-gekentert","status":"publish","type":"post","link":"https:\/\/www.hamburg-fuer-die-elbe.de\/?p=4644","title":{"rendered":"Frachter gekentert"},"content":{"rendered":"<p>Bereits am Freitag ist ein Frachter der<a href=\"http:\/\/www.brise.de\" target=\"_blank\"> Hamburger Reederei Brise<\/a> im Pentland Firth <a href=\"http:\/\/www.abendblatt.de\/wirtschaft\/hafen-und-schifffahrt\/article135983898\/Brachte-eine-Monsterwelle-die-Cemfjord-zum-Kentern.html\" target=\"_blank\">bei st\u00fcrmischem Wetter gekentert<\/a>. Eine F\u00e4hre entdeckte den aus dem Wasser ragenden Bug und verst\u00e4ndigte die Seenotrettungsstelle. Ein Notruf war nicht eingegangen. Die 8 Besatzungsmitglieder werden vermisst.<\/p>\n<p>Der Frachter &#8220;Cemfjord&#8221; geh\u00f6rte zu der Flotte der Zementfrachter der Brise-Gruppe. Er war 1984 auf der Roland-Werft in Bremen gebaut und 1998 umgebaut worden. Lt. Pressemitteilung der Reederei ist erst im Dezember 2014 die erneute Klassifizierungspr\u00fcfung erfolgreich durchgef\u00fchrt worden.<\/p>\n","protected":false},"excerpt":{"rendered":"<p>Bereits am Freitag ist ein Frachter der Hamburger Reederei Brise im Pentland Firth bei st\u00fcrmischem Wetter gekentert. Eine F\u00e4hre entdeckte den aus dem Wasser ragenden Bug und verst\u00e4ndigte die Seenotrettungsstelle. Ein Notruf war nicht eingegangen. Die 8 Besatzungsmitglieder werden vermisst. Der Frachter &#8220;Cemfjord&#8221; geh\u00f6rte zu der Flotte der Zementfrachter der Brise-Gruppe. Er war 1984 auf &hellip; <a href=\"https:\/\/www.hamburg-fuer-die-elbe.de\/?p=4644\" class=\"more-link\"><span class=\"screen-reader-text\">Frachter gekentert<\/span> weiterlesen <span class=\"meta-nav\">&rarr;<\/span><\/a><\/p>\n","protected":false},"author":3,"featured_media":0,"comment_status":"closed","ping_status":"closed","sticky":false,"template":"","format":"standard","meta":{"footnotes":""},"categories":[1,286],"tags":[56],"_links":{"self":[{"href":"https:\/\/www.hamburg-fuer-die-elbe.de\/index.php?rest_route=\/wp\/v2\/posts\/4644"}],"collection":[{"href":"https:\/\/www.hamburg-fuer-die-elbe.de\/index.php?rest_route=\/wp\/v2\/posts"}],"about":[{"href":"https:\/\/www.hamburg-fuer-die-elbe.de\/index.php?rest_route=\/wp\/v2\/types\/post"}],"author":[{"embeddable":true,"href":"https:\/\/www.hamburg-fuer-die-elbe.de\/index.php?rest_route=\/wp\/v2\/users\/3"}],"replies":[{"embeddable":true,"href":"https:\/\/www.hamburg-fuer-die-elbe.de\/index.php?rest_route=%2Fwp%2Fv2%2Fcomments&post=4644"}],"version-history":[{"count":6,"href":"https:\/\/www.hamburg-fuer-die-elbe.de\/index.php?rest_route=\/wp\/v2\/posts\/4644\/revisions"}],"predecessor-version":[{"id":10669,"href":"https:\/\/www.hamburg-fuer-die-elbe.de\/index.php?rest_route=\/wp\/v2\/posts\/4644\/revisions\/10669"}],"wp:attachment":[{"href":"https:\/\/www.hamburg-fuer-die-elbe.de\/index.php?rest_route=%2Fwp%2Fv2%2Fmedia&parent=4644"}],"wp:term":[{"taxonomy":"category","embeddable":true,"href":"https:\/\/www.hamburg-fuer-die-elbe.de\/index.php?rest_route=%2Fwp%2Fv2%2Fcategories&post=4644"},{"taxonomy":"post_tag","embeddable":true,"href":"https:\/\/www.hamburg-fuer-die-elbe.de\/index.php?rest_route=%2Fwp%2Fv2%2Ftags&post=4644"}],"curies":[{"name":"wp","href":"https:\/\/api.w.org\/{rel}","templated":true}]}}