{"id":4667,"date":"2015-01-07T00:02:17","date_gmt":"2015-01-06T23:02:17","guid":{"rendered":"http:\/\/www.hamburg-fuer-die-elbe.de\/?p=4667"},"modified":"2016-01-10T18:51:38","modified_gmt":"2016-01-10T17:51:38","slug":"symbol-morton-maersk","status":"publish","type":"post","link":"https:\/\/www.hamburg-fuer-die-elbe.de\/?p=4667","title":{"rendered":"Symbol &#8220;Morton Maersk&#8221;?"},"content":{"rendered":"<figure id=\"attachment_4671\" aria-describedby=\"caption-attachment-4671\" style=\"width: 300px\" class=\"wp-caption alignright\"><a href=\"https:\/\/www.hamburg-fuer-die-elbe.de\/wordpress\/wp-content\/uploads\/2015\/01\/Maersk4.jpg\" target=\"_blank\"><img loading=\"lazy\" decoding=\"async\" class=\"wp-image-4671 size-medium\" src=\"https:\/\/www.hamburg-fuer-die-elbe.de\/wordpress\/wp-content\/uploads\/2015\/01\/Maersk4-300x231.jpg\" alt=\"Maersk am Oswaldkai\" width=\"300\" height=\"231\" srcset=\"https:\/\/www.hamburg-fuer-die-elbe.de\/wordpress\/wp-content\/uploads\/2015\/01\/Maersk4-300x231.jpg 300w, https:\/\/www.hamburg-fuer-die-elbe.de\/wordpress\/wp-content\/uploads\/2015\/01\/Maersk4-900x693.jpg 900w, https:\/\/www.hamburg-fuer-die-elbe.de\/wordpress\/wp-content\/uploads\/2015\/01\/Maersk4.jpg 922w\" sizes=\"(max-width: 300px) 100vw, 300px\" \/><\/a><figcaption id=\"caption-attachment-4671\" class=\"wp-caption-text\">&#8220;Maersk Niteroi&#8221; am O&#8217;Swaldkai<\/figcaption><\/figure>\n<p>Am 05.01.2015 <a href=\"http:\/\/www.radiobremen.de\/politik\/dossiers\/jade-weser-port\/morten-maersk108.html\" target=\"_blank\">berichtet Radio Bremen<\/a> vom Anlauf der &#8220;Morton Maersk&#8221; im JadeWeserPort. Es sei ein au\u00dferplanm\u00e4\u00dfiger Anlauf von Wilhelmshaven gewesen, der bereits im November 2014 geplant worden sei.<\/p>\n<p>Verstehen Sie das? Eigentlich soll die &#8220;Morton Maersk&#8221; auf ihrer \u00fcblichen Linie von Bremerhaven nach Hamburg fahren. Somit ist Wilhelmshaven au\u00dferplanm\u00e4\u00dfig. Aber das wurde bereits seit 1,5 bis 2 Monaten geplant &#8230; weil?<\/p>\n<p>Sie ahnen es schon. Die ausstehende Elbvertiefung ist ein Hindernis f\u00fcr au\u00dfergew\u00f6hnlich gro\u00dfe Containerfrachter. Bla, Bla, Bla&#8230;<\/p>\n<p>Maersk ist zusammen mit Eurogate sowohl in Bremerhaven als auch in Wilhelmshaven an Terminals beteiligt. Also leiten Eurogate und Maersk dann mal &#8220;ganz planm\u00e4\u00dfig&#8221;, eben au\u00dferplanm\u00e4\u00dfig einen Liniendienst um und demonstrieren gemeinsam &#8220;St\u00e4rke&#8221;. Der JadeWeserPort freut sich und Hamburg macht eine lange Nase&#8230;<\/p>\n<p>Das scheint wenig seri\u00f6s &#8211;\u00a0 kaufm\u00e4nnisch geradezu unlauter! Wir hoffen, dass kein Richter dieser Welt auf dieses augenscheinlichen Man\u00f6ver reagiert und die Einhaltung von Gesetzen und Rechten &#8220;au\u00dferplanm\u00e4\u00dfig&#8221; au\u00dfer Kraft setzt. Der JadeWeserPort ist unbestritten der g\u00fcnstigere Hafen f\u00fcr die au\u00dfergew\u00f6hnlich gro\u00dfen Containerschiffe. Die Elbe wird den dortigen M\u00f6glichkeiten niemals gen\u00fcgen k\u00f6nnen. Entsprechend ist keine &#8220;unplanm\u00e4\u00dfige&#8221; Reaktion auf diesen augenscheinlichen Erpressungsversuch notwendig.<\/p>\n<p>Eine\u00a0 interessante &#8220;Nebeninformation&#8221; aus dem NDR-Bericht: &#8220;<em>Ein Drittel bis zur H\u00e4lfte der Terminalbewegungen sind laut Sprecher \u00fcblicherweise Leercontainer-Bewegungen.<\/em>&#8221; Bitte? Wie kann das sein, dass der Export-Weltmeister Deutschland zu einem so gro\u00dfen Teil Leercontainer verschiffen l\u00e4sst? Exportieren wir dann doch nicht so viel? Oder liegt es daran, dass R\u00fcstungsg\u00fcter i.d.R. nicht in Container verpackt werden?<\/p>\n","protected":false},"excerpt":{"rendered":"<p>Am 05.01.2015 berichtet Radio Bremen vom Anlauf der &#8220;Morton Maersk&#8221; im JadeWeserPort. Es sei ein au\u00dferplanm\u00e4\u00dfiger Anlauf von Wilhelmshaven gewesen, der bereits im November 2014 geplant worden sei. Verstehen Sie das? Eigentlich soll die &#8220;Morton Maersk&#8221; auf ihrer \u00fcblichen Linie von Bremerhaven nach Hamburg fahren. Somit ist Wilhelmshaven au\u00dferplanm\u00e4\u00dfig. Aber das wurde bereits seit 1,5 &hellip; <a href=\"https:\/\/www.hamburg-fuer-die-elbe.de\/?p=4667\" class=\"more-link\"><span class=\"screen-reader-text\">Symbol &#8220;Morton Maersk&#8221;?<\/span> weiterlesen <span class=\"meta-nav\">&rarr;<\/span><\/a><\/p>\n","protected":false},"author":3,"featured_media":0,"comment_status":"closed","ping_status":"closed","sticky":false,"template":"","format":"standard","meta":{"footnotes":""},"categories":[1,11],"tags":[217,59],"_links":{"self":[{"href":"https:\/\/www.hamburg-fuer-die-elbe.de\/index.php?rest_route=\/wp\/v2\/posts\/4667"}],"collection":[{"href":"https:\/\/www.hamburg-fuer-die-elbe.de\/index.php?rest_route=\/wp\/v2\/posts"}],"about":[{"href":"https:\/\/www.hamburg-fuer-die-elbe.de\/index.php?rest_route=\/wp\/v2\/types\/post"}],"author":[{"embeddable":true,"href":"https:\/\/www.hamburg-fuer-die-elbe.de\/index.php?rest_route=\/wp\/v2\/users\/3"}],"replies":[{"embeddable":true,"href":"https:\/\/www.hamburg-fuer-die-elbe.de\/index.php?rest_route=%2Fwp%2Fv2%2Fcomments&post=4667"}],"version-history":[{"count":6,"href":"https:\/\/www.hamburg-fuer-die-elbe.de\/index.php?rest_route=\/wp\/v2\/posts\/4667\/revisions"}],"predecessor-version":[{"id":9131,"href":"https:\/\/www.hamburg-fuer-die-elbe.de\/index.php?rest_route=\/wp\/v2\/posts\/4667\/revisions\/9131"}],"wp:attachment":[{"href":"https:\/\/www.hamburg-fuer-die-elbe.de\/index.php?rest_route=%2Fwp%2Fv2%2Fmedia&parent=4667"}],"wp:term":[{"taxonomy":"category","embeddable":true,"href":"https:\/\/www.hamburg-fuer-die-elbe.de\/index.php?rest_route=%2Fwp%2Fv2%2Fcategories&post=4667"},{"taxonomy":"post_tag","embeddable":true,"href":"https:\/\/www.hamburg-fuer-die-elbe.de\/index.php?rest_route=%2Fwp%2Fv2%2Ftags&post=4667"}],"curies":[{"name":"wp","href":"https:\/\/api.w.org\/{rel}","templated":true}]}}