{"id":4885,"date":"2015-01-25T00:02:17","date_gmt":"2015-01-24T23:02:17","guid":{"rendered":"http:\/\/www.hamburg-fuer-die-elbe.de\/?p=4885"},"modified":"2015-02-28T12:57:33","modified_gmt":"2015-02-28T11:57:33","slug":"boeser-nabu","status":"publish","type":"post","link":"https:\/\/www.hamburg-fuer-die-elbe.de\/?p=4885","title":{"rendered":"B\u00f6ser NABU?"},"content":{"rendered":"<figure id=\"attachment_4890\" aria-describedby=\"caption-attachment-4890\" style=\"width: 300px\" class=\"wp-caption alignright\"><a href=\"https:\/\/www.hamburg-fuer-die-elbe.de\/wordpress\/wp-content\/uploads\/2015\/01\/InfotafelRosengarten2.jpg\" target=\"_blank\"><img loading=\"lazy\" decoding=\"async\" class=\"wp-image-4890 size-medium\" src=\"https:\/\/www.hamburg-fuer-die-elbe.de\/wordpress\/wp-content\/uploads\/2015\/01\/InfotafelRosengarten2-300x199.jpg\" alt=\"InfotafelRosengarten2\" width=\"300\" height=\"199\" srcset=\"https:\/\/www.hamburg-fuer-die-elbe.de\/wordpress\/wp-content\/uploads\/2015\/01\/InfotafelRosengarten2-300x199.jpg 300w, https:\/\/www.hamburg-fuer-die-elbe.de\/wordpress\/wp-content\/uploads\/2015\/01\/InfotafelRosengarten2.jpg 885w\" sizes=\"(max-width: 300px) 100vw, 300px\" \/><\/a><figcaption id=\"caption-attachment-4890\" class=\"wp-caption-text\">Rosengarten: Infotafel Nummer zwei<\/figcaption><\/figure>\n<p><a title=\"Artikel Hamburger Abendblatt Umweltverb\u00e4nde drohen mit langer Blockade der A26\" href=\"http:\/\/www.google.de\/url?sa=t&amp;rct=j&amp;q=&amp;esrc=s&amp;source=web&amp;cd=1&amp;cad=rja&amp;uact=8&amp;ved=0CCQQqQIwAA&amp;url=http%3A%2F%2Fwww.abendblatt.de%2Fhamburg%2Farticle136731029%2FUmweltverbaende-drohen-mit-langer-Blockade-der-A26.html&amp;ei=D4jDVKSCC4KIPfKvgMAC&amp;usg=AFQjCNFrPGj4E6THo3WvH5g_B5KyLyUSnQ&amp;bvm=bv.84349003,d.ZWU\" target=\"_blank\">Heute wurde \u00f6ffentlich<\/a>, dass es im Rahmen der Planungen zur A26 seit dem Fr\u00fchjahr 2014 Gespr\u00e4che zwischen der Wirtschaftsbeh\u00f6rde Hamburgs und den Naturschutzverb\u00e4nden zum Interessenausgleich f\u00fcr die Natur gegeben hat. Forderung der Naturschutzverb\u00e4nde war, einen Biotopkorridor als Lebensraum und Lebensraumverbund zwischen den Naturschutzgebieten &#8220;Westerweiden&#8221;, &#8220;Finkenwerder S\u00fcderelbe&#8221; und &#8220;Moorg\u00fcrtel&#8221; herzustellen, da in den vergangenen Jahren durch die Finkenwerder Umgehungsstra\u00dfe, den Ausbau des intensiven Obstanbaus und zuk\u00fcnftig durch die A26 die vorhandenen Naturr\u00e4ume zergliedert und zerst\u00f6rt werden. Bei Einigung haben die Verb\u00e4nde angeboten, auf Klagen gegen verschiedene Planfeststellungsverfahren (A26, Ausweitung der Obstanbaugebiete) zu verzichten.<\/p>\n<p><a href=\"https:\/\/hamburg.nabu.de\/umwelt-und-ressourcen\/altes-land\/autobahn.html\" target=\"_blank\">Wie der Nabu auf seiner Internetseite schreibt<\/a>, standen die Gespr\u00e4che von Beginn an unter keinem g\u00fcnstigen Stern. Eine zentrale Fl\u00e4che f\u00fcr den Biotopverbund wurde bereits vor Beginn der G\u00fctegespr\u00e4che im April 2014 einem Obstbauern \u00fcbergeben, der die bisherige Gr\u00fcnlandfl\u00e4che umbrechen lie\u00df, um sie f\u00fcr den Obstanbau vorzubereiten. Nur die Zusage der Beh\u00f6rde f\u00fcr Wirtschaft, Verkehr und Innovation, dass damit noch keine endg\u00fcltige Entscheidung zur Umnutzung gef\u00e4llt sei, bewegte die Verb\u00e4nde an den Verhandlungstisch. Ende Dezember erfuhren diese jedoch, dass die Fl\u00e4che nun endg\u00fcltig dem Landwirt f\u00fcr den intensiven Obstanbau \u00fcbergeben werden soll. Am 01.02.2015 soll der Vertrag endg\u00fcltig unterschrieben werden.<\/p>\n<figure id=\"attachment_4891\" aria-describedby=\"caption-attachment-4891\" style=\"width: 300px\" class=\"wp-caption alignleft\"><a href=\"https:\/\/www.hamburg-fuer-die-elbe.de\/wordpress\/wp-content\/uploads\/2015\/01\/InfotafelRosengarten8.jpg\" target=\"_blank\"><img loading=\"lazy\" decoding=\"async\" class=\"wp-image-4891 size-medium\" src=\"https:\/\/www.hamburg-fuer-die-elbe.de\/wordpress\/wp-content\/uploads\/2015\/01\/InfotafelRosengarten8-300x192.jpg\" alt=\"InfotafelRosengarten8\" width=\"300\" height=\"192\" srcset=\"https:\/\/www.hamburg-fuer-die-elbe.de\/wordpress\/wp-content\/uploads\/2015\/01\/InfotafelRosengarten8-300x192.jpg 300w, https:\/\/www.hamburg-fuer-die-elbe.de\/wordpress\/wp-content\/uploads\/2015\/01\/InfotafelRosengarten8.jpg 847w\" sizes=\"(max-width: 300px) 100vw, 300px\" \/><\/a><figcaption id=\"caption-attachment-4891\" class=\"wp-caption-text\">Rosengarten: Infotafel Nummer acht<\/figcaption><\/figure>\n<p>Erneut zeigt sich, dass die Stadt Hamburg mit ihren verantwortlich Regierenden Belange des Naturschutzes und damit dem Wohl der Menschen, die kalte Schulter zeigt. Ohne R\u00fccksicht auf Verluste werden Ma\u00dfnahmen f\u00fcr die Hafenindustrie und andere Gewerbe umgesetzt. <a title=\"Hintergrund S\u00fcderelberaum\" href=\"https:\/\/hamburg.nabu.de\/imperia\/md\/content\/hamburg\/geschaeftsstelle\/altesland\/2015_01_22_hintergrund_s__derelberaum_final.pdf\" target=\"_blank\">Illegale Zusch\u00fcttungen von \u00f6kologisch wertvollen Gr\u00e4ben <\/a>beispielsweise in den Obstbaugebieten in Francop werden nicht geahndet. Und jetzt werden also inmitten von Verhandlungsgespr\u00e4chen Fakten geschaffen, die eine Umsetzung von erhaltenden Naturschutzma\u00dfnahmen unm\u00f6glich machen.<\/p>\n<p>Vor diesem Hintergrund kann man nur unterst\u00fctzen, dass der Nabu und andere Verb\u00e4nde sich vorbehalten, doch den Klageweg zu beschreiten, der vielfach Nachteile f\u00fcr Hamburg bringen wird:<\/p>\n<ul>\n<li>Die rechtskr\u00e4ftige Planfeststellung f\u00fcr die A26 wird sich deutlich verl\u00e4ngern.<\/li>\n<li>Die Neuordnung der Wasserwirtschaft im S\u00fcdelbe-Raum, die f\u00fcr die Ausweitung des Obstanbaus notwendig ist, wird sich verz\u00f6gern.<\/li>\n<li><a href=\"https:\/\/www.hamburg-fuer-die-elbe.de\/?page_id=682\" target=\"_blank\">Millionenschwere Zusch\u00fcsse aus der EU<\/a> f\u00fcr diese Ma\u00dfnahmen gehen verloren.<\/li>\n<\/ul>\n<p>Abschlie\u00dfend fragen wir die Hamburger Umweltbeh\u00f6rde BSU, welchen Stellenwert die Beh\u00f6rde und das <a href=\"http:\/\/www.hamburg.de\/landschaftsprogramm\/3910420\/das-landschaftsprogramm\/\" target=\"_blank\">Hamburger Landschaftsprogramm<\/a> \u00fcberhaupt noch hat? Sind <a href=\"http:\/\/www.hamburg.de\/landschaftsachsen\/\" target=\"_blank\">Landschafts-achsen<\/a> wirklich nur &#8220;gr\u00fcnes Ged\u00f6ns&#8221;, das man bei Bedarf \u00fcber Bord werfen kann? Kennen die heutigen Stadtplaner \u00fcberhaupt noch die &#8220;Alte-S\u00fcderelb-Achse&#8221; und die &#8220;Westliche-Elbtal-Achse&#8221;, die unsere <a href=\"http:\/\/www.hamburg.de\/contentblob\/4371698\/data\/landschaftsachsenmodell-broschuere.pdf\" target=\"_blank\">Altvorderen mit gro\u00dfem Engagement<\/a> gehegt haben? Ist es das erkl\u00e4rte BSU-Ziel, den sogenannten <a href=\"http:\/\/www.hamburg.de\/contentblob\/3908204\/data\/ring2-uebersicht.pdf\" target=\"_blank\">2. Gr\u00fcnen Ring<\/a> auch im S\u00fcden Hamburgs auf die Breite einer Briefmarke zu reduzieren, wie bereits im Norden bei der Querung der B431 in Flottbek, bei der Unterf\u00fchrung der A7 in Stellingen oder in Wandsbek bei der Eisenbahnpassage geschehen? Wohlgemerkt, es geht nicht um die Querungen, sondern um die Fl\u00e4chen, die vor und hinter der Querung liegen!<\/p>\n<p>Weggucken hat offenbar nicht nur bei der BWVI Methode, <a title=\"Artikel Hamburger Abendblatt Grundwasser: Verursachen Bauprojekte Sch\u00e4den in Millionenh\u00f6he?\" href=\"http:\/\/www.google.com\/url?sa=t&amp;rct=j&amp;q=&amp;esrc=s&amp;source=web&amp;cd=1&amp;cad=rja&amp;uact=8&amp;ved=0CCAQqQIwAA&amp;url=http%3A%2F%2Fwww.abendblatt.de%2Fhamburg%2Farticle136704525%2FVerursachen-Bauprojekte-Schaeden-in-Millionenhoehe.html&amp;ei=_pXDVOK0K8vLygPhi4LwCA&amp;usg=AFQjCNG_mT1_PRcxBKIogeCgPT3i3Jhpsw&amp;bvm=bv.84349003,d.bGQ\" target=\"_blank\">auch bei der BSU<\/a>, wie wir diese Woche ebenfalls erfahren konnten. Die Neubauten im Hamburger Stadtgebiet f\u00fchren zunehmend zu Problemen (Vern\u00e4ssungen, Setzungen&#8230;) bei den Bestandsbauten, da sie Ver\u00e4nderungen beim Grundwasserspiegel und Grundwasserstrom verursachen.<\/p>\n","protected":false},"excerpt":{"rendered":"<p>Heute wurde \u00f6ffentlich, dass es im Rahmen der Planungen zur A26 seit dem Fr\u00fchjahr 2014 Gespr\u00e4che zwischen der Wirtschaftsbeh\u00f6rde Hamburgs und den Naturschutzverb\u00e4nden zum Interessenausgleich f\u00fcr die Natur gegeben hat. Forderung der Naturschutzverb\u00e4nde war, einen Biotopkorridor als Lebensraum und Lebensraumverbund zwischen den Naturschutzgebieten &#8220;Westerweiden&#8221;, &#8220;Finkenwerder S\u00fcderelbe&#8221; und &#8220;Moorg\u00fcrtel&#8221; herzustellen, da in den vergangenen Jahren durch &hellip; <a href=\"https:\/\/www.hamburg-fuer-die-elbe.de\/?p=4885\" class=\"more-link\"><span class=\"screen-reader-text\">B\u00f6ser NABU?<\/span> weiterlesen <span class=\"meta-nav\">&rarr;<\/span><\/a><\/p>\n","protected":false},"author":3,"featured_media":0,"comment_status":"closed","ping_status":"closed","sticky":false,"template":"","format":"standard","meta":{"footnotes":""},"categories":[1,11],"tags":[322,331,238],"_links":{"self":[{"href":"https:\/\/www.hamburg-fuer-die-elbe.de\/index.php?rest_route=\/wp\/v2\/posts\/4885"}],"collection":[{"href":"https:\/\/www.hamburg-fuer-die-elbe.de\/index.php?rest_route=\/wp\/v2\/posts"}],"about":[{"href":"https:\/\/www.hamburg-fuer-die-elbe.de\/index.php?rest_route=\/wp\/v2\/types\/post"}],"author":[{"embeddable":true,"href":"https:\/\/www.hamburg-fuer-die-elbe.de\/index.php?rest_route=\/wp\/v2\/users\/3"}],"replies":[{"embeddable":true,"href":"https:\/\/www.hamburg-fuer-die-elbe.de\/index.php?rest_route=%2Fwp%2Fv2%2Fcomments&post=4885"}],"version-history":[{"count":13,"href":"https:\/\/www.hamburg-fuer-die-elbe.de\/index.php?rest_route=\/wp\/v2\/posts\/4885\/revisions"}],"predecessor-version":[{"id":5337,"href":"https:\/\/www.hamburg-fuer-die-elbe.de\/index.php?rest_route=\/wp\/v2\/posts\/4885\/revisions\/5337"}],"wp:attachment":[{"href":"https:\/\/www.hamburg-fuer-die-elbe.de\/index.php?rest_route=%2Fwp%2Fv2%2Fmedia&parent=4885"}],"wp:term":[{"taxonomy":"category","embeddable":true,"href":"https:\/\/www.hamburg-fuer-die-elbe.de\/index.php?rest_route=%2Fwp%2Fv2%2Fcategories&post=4885"},{"taxonomy":"post_tag","embeddable":true,"href":"https:\/\/www.hamburg-fuer-die-elbe.de\/index.php?rest_route=%2Fwp%2Fv2%2Ftags&post=4885"}],"curies":[{"name":"wp","href":"https:\/\/api.w.org\/{rel}","templated":true}]}}