{"id":4969,"date":"2015-02-01T00:05:02","date_gmt":"2015-01-31T23:05:02","guid":{"rendered":"http:\/\/www.hamburg-fuer-die-elbe.de\/?p=4969"},"modified":"2015-04-03T10:48:38","modified_gmt":"2015-04-03T09:48:38","slug":"vertragsverlaengerung","status":"publish","type":"post","link":"https:\/\/www.hamburg-fuer-die-elbe.de\/?p=4969","title":{"rendered":"Vertragsverl\u00e4ngerung"},"content":{"rendered":"<p><a href=\"https:\/\/www.hamburg-fuer-die-elbe.de\/wordpress\/wp-content\/uploads\/2014\/12\/HPA3.jpg\"><img loading=\"lazy\" decoding=\"async\" class=\"alignright size-medium wp-image-4347\" src=\"https:\/\/www.hamburg-fuer-die-elbe.de\/wordpress\/wp-content\/uploads\/2014\/12\/HPA3-175x300.jpg\" alt=\"HPA3\" width=\"175\" height=\"300\" srcset=\"https:\/\/www.hamburg-fuer-die-elbe.de\/wordpress\/wp-content\/uploads\/2014\/12\/HPA3-175x300.jpg 175w, https:\/\/www.hamburg-fuer-die-elbe.de\/wordpress\/wp-content\/uploads\/2014\/12\/HPA3-599x1024.jpg 599w, https:\/\/www.hamburg-fuer-die-elbe.de\/wordpress\/wp-content\/uploads\/2014\/12\/HPA3.jpg 720w\" sizes=\"(max-width: 175px) 100vw, 175px\" \/><\/a>Es war nur eine kleine Notiz im Abendblatt: &#8220;<a href=\"http:\/\/www.google.de\/url?sa=t&amp;rct=j&amp;q=&amp;esrc=s&amp;source=web&amp;cd=1&amp;ved=0CCMQFjAA&amp;url=http%3A%2F%2Fwww.abendblatt.de%2Fwirtschaft%2Farticle136468938%2FHafenchef-Jens-Meier-verlaengert-Vertrag-bis-zum-Jahr-2020.html&amp;ei=XljLVM__BoveOJ2QgSA&amp;usg=AFQjCNHPqj21Kn3ABl2FSisJaQCXTVzeVA&amp;bvm=bv.84607526,d.ZWU&amp;cad=rja\" target=\"_blank\">Hafenchef Jens Meier verl\u00e4ngert Vertrag bis zum Jahr 2020<\/a>&#8220;. Der Aufsichtsrat der HPA soll den Vertrag mit dem Gesch\u00e4ftsf\u00fchrer unmittelbar vor der B\u00fcrgerschaftswahl um weitere f\u00fcnf Jahre bis 2020 verl\u00e4ngert haben.<\/p>\n<p>Der Zeitpunkt der Vertragsverl\u00e4ngerung ist ungew\u00f6hnlich: Da der bestehende Vertrag mit Herrn Meier noch \u00fcber ein Jahr \u00fcber das Wahldatum 15.02.2015 hinaus bis Ende M\u00e4rz 2016 l\u00e4uft, h\u00e4tten wir erwartet, dass man die Entscheidung zu dieser Personalie dem neuen Senat \u00fcberlassen h\u00e4tte. Der neue Senat, der bis zum Jahre 2020 mit Herrn Meier zusammenarbeiten mu\u00df, h\u00e4tte auch nach der Wahl f\u00fcr eine Personalentscheidung mehr als ausreichend Zeit gehabt.<\/p>\n<p>Die etwaige Entgegnung, dass die Personalentscheidung nicht der Senat, sondern der Aufsichtsrat der HPA trifft, erscheint nicht sehr glaubw\u00fcrdig. Wie wir aus den <a href=\"https:\/\/www.hamburg-fuer-die-elbe.de\/?p=4341\" target=\"_blank\">Untersuchungen des Landesrechnungshofes<\/a> wissen, ist der Aufsichtsrat bislang nicht durch Entscheidungsfreude und -interesse in Erscheinung getreten. Zudem hat unser Senat mit\u00a0 Wirtschaftssenator Herrn Frank Horch als Vorsitzenden des HPA-Aufsichtsrates, dem stellvertretenden Vorsitzenden, Finanzstaatsrat Herrn Jens Lattmann sowie dem Mitglied, Justizsenatorin Frau Jana Schiedek, erheblichen Einfluss im Gremium.<\/p>\n<p>Ob der bisherige Senat entgegen den bisherigen politischen Gepflogenheiten vor der Wahl bei der HPA Fakten schaffen wollte, versucht nun eine <a href=\"https:\/\/www.buergerschaft-hh.de\/ParlDok\/dokument\/47844\/vertragsverl%c3%a4ngerung-gesch%c3%a4ftsf%c3%bchrer-hpa.pdf\" target=\"_blank\" class=\"broken_link\">schriftliche kleine Anfrage in der B\u00fcrgerschaft<\/a> in Erfahrung zu bringen.<\/p>\n","protected":false},"excerpt":{"rendered":"<p>Es war nur eine kleine Notiz im Abendblatt: &#8220;Hafenchef Jens Meier verl\u00e4ngert Vertrag bis zum Jahr 2020&#8220;. Der Aufsichtsrat der HPA soll den Vertrag mit dem Gesch\u00e4ftsf\u00fchrer unmittelbar vor der B\u00fcrgerschaftswahl um weitere f\u00fcnf Jahre bis 2020 verl\u00e4ngert haben. Der Zeitpunkt der Vertragsverl\u00e4ngerung ist ungew\u00f6hnlich: Da der bestehende Vertrag mit Herrn Meier noch \u00fcber ein &hellip; <a href=\"https:\/\/www.hamburg-fuer-die-elbe.de\/?p=4969\" class=\"more-link\"><span class=\"screen-reader-text\">Vertragsverl\u00e4ngerung<\/span> weiterlesen <span class=\"meta-nav\">&rarr;<\/span><\/a><\/p>\n","protected":false},"author":2,"featured_media":0,"comment_status":"closed","ping_status":"closed","sticky":false,"template":"","format":"standard","meta":{"footnotes":""},"categories":[1,10],"tags":[13],"_links":{"self":[{"href":"https:\/\/www.hamburg-fuer-die-elbe.de\/index.php?rest_route=\/wp\/v2\/posts\/4969"}],"collection":[{"href":"https:\/\/www.hamburg-fuer-die-elbe.de\/index.php?rest_route=\/wp\/v2\/posts"}],"about":[{"href":"https:\/\/www.hamburg-fuer-die-elbe.de\/index.php?rest_route=\/wp\/v2\/types\/post"}],"author":[{"embeddable":true,"href":"https:\/\/www.hamburg-fuer-die-elbe.de\/index.php?rest_route=\/wp\/v2\/users\/2"}],"replies":[{"embeddable":true,"href":"https:\/\/www.hamburg-fuer-die-elbe.de\/index.php?rest_route=%2Fwp%2Fv2%2Fcomments&post=4969"}],"version-history":[{"count":5,"href":"https:\/\/www.hamburg-fuer-die-elbe.de\/index.php?rest_route=\/wp\/v2\/posts\/4969\/revisions"}],"predecessor-version":[{"id":5732,"href":"https:\/\/www.hamburg-fuer-die-elbe.de\/index.php?rest_route=\/wp\/v2\/posts\/4969\/revisions\/5732"}],"wp:attachment":[{"href":"https:\/\/www.hamburg-fuer-die-elbe.de\/index.php?rest_route=%2Fwp%2Fv2%2Fmedia&parent=4969"}],"wp:term":[{"taxonomy":"category","embeddable":true,"href":"https:\/\/www.hamburg-fuer-die-elbe.de\/index.php?rest_route=%2Fwp%2Fv2%2Fcategories&post=4969"},{"taxonomy":"post_tag","embeddable":true,"href":"https:\/\/www.hamburg-fuer-die-elbe.de\/index.php?rest_route=%2Fwp%2Fv2%2Ftags&post=4969"}],"curies":[{"name":"wp","href":"https:\/\/api.w.org\/{rel}","templated":true}]}}