{"id":507,"date":"2013-10-29T21:41:09","date_gmt":"2013-10-29T19:41:09","guid":{"rendered":"http:\/\/www.hamburg-fuer-die-elbe.de\/?p=507"},"modified":"2015-04-04T09:29:02","modified_gmt":"2015-04-04T08:29:02","slug":"hapag-lloyd-aufloesung-des-ballin-konsortiums","status":"publish","type":"post","link":"https:\/\/www.hamburg-fuer-die-elbe.de\/?p=507","title":{"rendered":"Hapag-Lloyd: Aufl\u00f6sung des Ballin-Konsortiums"},"content":{"rendered":"<p>Jenseits der \u00d6ffentlichkeit scheint sich das Albert-Ballin-Konsortium aufzul\u00f6sen, wie die <a href=\"https:\/\/www.buergerschaft-hh.de\/ParlDok\/dokument\/42772\/die-zukunft-von-hapag-lloyd-nach-der-aufl%c3%b6sung-des-konsortiums-albert-ballin.pdf\" target=\"_blank\" class=\"broken_link\">Kleine Anfrage<\/a> dokumentiert. Was das f\u00fcr den Hapag-Lloyd-Aktion\u00e4r Hamburg, vertreten \u00fcber die HGV, bedeutet und was das mit der Elbvertiefung zu tun haben k\u00f6nnte, k\u00f6nnen Sie in den Senatsmitteilungen <a href=\"https:\/\/www.buergerschaft-hh.de\/ParlDok\/dokument\/35807\/kapitalma%c3%9fnahmen-bei-der-hapag-lloyd-holding-ag.pdf\" target=\"_blank\" class=\"broken_link\">20\/3306<\/a>, <a href=\"https:\/\/www.buergerschaft-hh.de\/ParlDok\/dokument\/24380\/mittelbare-beteiligung-der-hgv-an-der-hapag-lloyd-ag.pdf\" target=\"_blank\" class=\"broken_link\">19\/1575<\/a> und <a href=\"https:\/\/www.buergerschaft-hh.de\/ParlDok\/dokument\/26077\/mittelbare-beteiligung-der-hgv-an-der-hapag-lloyd-ag-unter-ver%c3%a4nderten-bedingungen.pdf\" target=\"_blank\" class=\"broken_link\">Erschlie\u00dfung neuer Hafenfinanzierungspotentiale<\/a> nachlesen sowie im Artikel des <a href=\"http:\/\/www.google.de\/url?sa=t&amp;rct=j&amp;q=&amp;esrc=s&amp;source=web&amp;cd=1&amp;cad=rja&amp;uact=8&amp;ved=0CCMQFjAA&amp;url=http%3A%2F%2Fwww.abendblatt.de%2Fhamburg%2Farticle121837426%2FHapag-Lloyd-verharrt-weiter-in-der-Verlustzone.html&amp;ei=qV5JVLqXHcjKPd6JgNgH&amp;usg=AFQjCNHenXGERarR-rZGldTYmepxI9g4MA&amp;bvm=bv.77880786,d.ZWU\" target=\"_blank\">Hamburger Abendblattes<\/a>.<br \/>\nObacht ist f\u00fcr uns Hamburger angesagt!<\/p>\n<p>&nbsp;<\/p>\n","protected":false},"excerpt":{"rendered":"<p>Jenseits der \u00d6ffentlichkeit scheint sich das Albert-Ballin-Konsortium aufzul\u00f6sen, wie die Kleine Anfrage dokumentiert. Was das f\u00fcr den Hapag-Lloyd-Aktion\u00e4r Hamburg, vertreten \u00fcber die HGV, bedeutet und was das mit der Elbvertiefung zu tun haben k\u00f6nnte, k\u00f6nnen Sie in den Senatsmitteilungen 20\/3306, 19\/1575 und Erschlie\u00dfung neuer Hafenfinanzierungspotentiale nachlesen sowie im Artikel des Hamburger Abendblattes. Obacht ist f\u00fcr &hellip; <a href=\"https:\/\/www.hamburg-fuer-die-elbe.de\/?p=507\" class=\"more-link\"><span class=\"screen-reader-text\">Hapag-Lloyd: Aufl\u00f6sung des Ballin-Konsortiums<\/span> weiterlesen <span class=\"meta-nav\">&rarr;<\/span><\/a><\/p>\n","protected":false},"author":2,"featured_media":0,"comment_status":"closed","ping_status":"closed","sticky":false,"template":"","format":"standard","meta":{"footnotes":""},"categories":[10,129],"tags":[79,27],"_links":{"self":[{"href":"https:\/\/www.hamburg-fuer-die-elbe.de\/index.php?rest_route=\/wp\/v2\/posts\/507"}],"collection":[{"href":"https:\/\/www.hamburg-fuer-die-elbe.de\/index.php?rest_route=\/wp\/v2\/posts"}],"about":[{"href":"https:\/\/www.hamburg-fuer-die-elbe.de\/index.php?rest_route=\/wp\/v2\/types\/post"}],"author":[{"embeddable":true,"href":"https:\/\/www.hamburg-fuer-die-elbe.de\/index.php?rest_route=\/wp\/v2\/users\/2"}],"replies":[{"embeddable":true,"href":"https:\/\/www.hamburg-fuer-die-elbe.de\/index.php?rest_route=%2Fwp%2Fv2%2Fcomments&post=507"}],"version-history":[{"count":10,"href":"https:\/\/www.hamburg-fuer-die-elbe.de\/index.php?rest_route=\/wp\/v2\/posts\/507\/revisions"}],"predecessor-version":[{"id":5909,"href":"https:\/\/www.hamburg-fuer-die-elbe.de\/index.php?rest_route=\/wp\/v2\/posts\/507\/revisions\/5909"}],"wp:attachment":[{"href":"https:\/\/www.hamburg-fuer-die-elbe.de\/index.php?rest_route=%2Fwp%2Fv2%2Fmedia&parent=507"}],"wp:term":[{"taxonomy":"category","embeddable":true,"href":"https:\/\/www.hamburg-fuer-die-elbe.de\/index.php?rest_route=%2Fwp%2Fv2%2Fcategories&post=507"},{"taxonomy":"post_tag","embeddable":true,"href":"https:\/\/www.hamburg-fuer-die-elbe.de\/index.php?rest_route=%2Fwp%2Fv2%2Ftags&post=507"}],"curies":[{"name":"wp","href":"https:\/\/api.w.org\/{rel}","templated":true}]}}