{"id":5566,"date":"2015-03-22T00:01:54","date_gmt":"2015-03-21T23:01:54","guid":{"rendered":"http:\/\/www.hamburg-fuer-die-elbe.de\/?p=5566"},"modified":"2015-06-18T21:14:15","modified_gmt":"2015-06-18T20:14:15","slug":"elbvision-oder-albtraum","status":"publish","type":"post","link":"https:\/\/www.hamburg-fuer-die-elbe.de\/?p=5566","title":{"rendered":"Elbvision oder Albtraum?"},"content":{"rendered":"<p>Wir schreiben das Jahr 2025. Es wird <a href=\"https:\/\/www.hamburg-fuer-die-elbe.de\/wordpress\/wp-content\/uploads\/2015\/03\/ISPS.jpg\" target=\"_blank\"><img loading=\"lazy\" decoding=\"async\" class=\"alignright wp-image-5570 size-medium\" src=\"https:\/\/www.hamburg-fuer-die-elbe.de\/wordpress\/wp-content\/uploads\/2015\/03\/ISPS-300x238.jpg\" alt=\"ISPS\" width=\"300\" height=\"238\" srcset=\"https:\/\/www.hamburg-fuer-die-elbe.de\/wordpress\/wp-content\/uploads\/2015\/03\/ISPS-300x238.jpg 300w, https:\/\/www.hamburg-fuer-die-elbe.de\/wordpress\/wp-content\/uploads\/2015\/03\/ISPS-900x715.jpg 900w, https:\/\/www.hamburg-fuer-die-elbe.de\/wordpress\/wp-content\/uploads\/2015\/03\/ISPS.jpg 1001w\" sizes=\"(max-width: 300px) 100vw, 300px\" \/><\/a>Fr\u00fchling. Ein Opa geht mit seinem f\u00fcnfj\u00e4hrigen Enkel am F\u00e4hrmannssand nordwestlich von Wedel hinter dem Deich spazieren. Der Enkel fragt seinen Opa, was denn auf der anderen Seite vor dem Deich sei. Der Gro\u00dfvater erz\u00e4hlt ihm, dass dort die Elbe flie\u00dft und gro\u00dfe Schiffe darauf fahren. Dem Enkel stehen viele Fragezeichen im Gesicht.<\/p>\n<p>Warum geht der Opa mit dem Jungen nicht auf den Deich und zeigt ihm das alles? Auf dem Deich steht ein elektrischer doppelter Maschendrahtzaun mit Natodraht gekr\u00f6nt. Zwischen den beiden Z\u00e4unen laufen gro\u00dfe Wachhunde frei herum. Ist die DDR wieder zum Leben erwacht?<\/p>\n<p>Nein! Es war vor zehn Jahren. Ein Mann in den besten Jahren nutzte die guten M\u00f6glichkeiten sich \u00fcber die gesellschaftlichen und politischen Verh\u00e4ltnisse auf aller Welt zu informieren.<\/p>\n<p>Er nahm war, dass die Klimaver\u00e4nderung mit der Ansammlung von Kohlendioxid in der Atmosph\u00e4re zu tun habe. Einerseits wird der kohlendioxidabbauende Regenwald abgeholzt, um Viehfutter f\u00fcr die Fleischproduktion anbauen zu k\u00f6nnen. Andererseits werden die \u00fcberm\u00e4\u00dfigen Mengen an Fleisch- und Getreideprodukte in Europa in den Abfall gegeben und mit hohem Aussto\u00df an Kohlendioxid und W\u00e4rme verbrannt.<\/p>\n<p>Er nahm war, dass mit hohem Wasserverbrauch in Gegenden wo das Wasser knapp ist, Textilien hergestellt werden, die in Europa nur kurz getragen werden, um dann in Afrika die M\u00e4rkte f\u00fcllen. Die einheimischen Produktionen gehen dabei kaputt.<\/p>\n<p>Er verdeutlichte sich die Warenstr\u00f6me. Er nahm war, dass enorme Warenstr\u00f6me nach und \u00fcber Hamburg ablaufen. Er nahm war, dass der direkt und indirekt subventionierte Seeverkehr viel zu billig ist, um dem ganzen Treiben Grenzen zu setzen.<\/p>\n<p>Da besann er sich seiner M\u00f6glichkeiten. Am folgenden Tag sollte er als Lotse ein sehr gro\u00dfes Containerschiff aus dem Waltershofer Hafen an den Burchardkai verholen. In dem Moment, wo das Schiff quer zum Strom der Elbe lag, unterlie\u00df er es, dem Ruderg\u00e4nger das entsprechende Ruderkommando zu erteilen. Das Schiff kam auf Grund, legte sich Quer zum Elbstrom und zerbrach. Der Hamburger Hafen war wochenlang gesperrt.<\/p>\n<p>Gleichzeitig kam ein \u00e4hnlich eingestellter Kollege auf die Idee in der gro\u00dfen Nordschleuse des Nordostseekanals in Brunsb\u00fcttel den Maschinentelegrafen auf Voll-Voraus zu legen. Da war das Schleusentor hin.<\/p>\n<p>Nun wurde den innenpolitisch Verantwortlichen die Verletzlichkeit des Seetransportes deutlich und sie handelten. Es wurde ein Seeverkehrssicherheitsgesetz erlassen, was zur Folge hatte, dass die B\u00fcrger \u00fcber einen Solidarit\u00e4tszuschlag den Bau von Sicherheitsanlagen l\u00e4ngs der Seeschifffahrtsstra\u00dfen finanzieren durften.<\/p>\n<p>So konnte der Gro\u00dfvater seinem Enkel die Elbe nicht zeigen. Aber warum auch. Ist ja nicht lebenswichtig.<\/p>\n<p>\u00c4hnlichkeiten mit dem aktuellen Zeitgeschehen sind und w\u00e4ren rein zuf\u00e4llig. Und mit <a href=\"https:\/\/de.wikipedia.org\/wiki\/International_Ship_and_Port_Facility_Security_Code\" target=\"_blank\">ISPS-Areas vom abgebildeten Schild<\/a> kann das auch nichts zu tun haben.<\/p>\n","protected":false},"excerpt":{"rendered":"<p>Wir schreiben das Jahr 2025. Es wird Fr\u00fchling. Ein Opa geht mit seinem f\u00fcnfj\u00e4hrigen Enkel am F\u00e4hrmannssand nordwestlich von Wedel hinter dem Deich spazieren. Der Enkel fragt seinen Opa, was denn auf der anderen Seite vor dem Deich sei. Der Gro\u00dfvater erz\u00e4hlt ihm, dass dort die Elbe flie\u00dft und gro\u00dfe Schiffe darauf fahren. Dem Enkel &hellip; <a href=\"https:\/\/www.hamburg-fuer-die-elbe.de\/?p=5566\" class=\"more-link\"><span class=\"screen-reader-text\">Elbvision oder Albtraum?<\/span> weiterlesen <span class=\"meta-nav\">&rarr;<\/span><\/a><\/p>\n","protected":false},"author":4,"featured_media":0,"comment_status":"closed","ping_status":"closed","sticky":false,"template":"","format":"standard","meta":{"footnotes":""},"categories":[1,286],"tags":[373],"_links":{"self":[{"href":"https:\/\/www.hamburg-fuer-die-elbe.de\/index.php?rest_route=\/wp\/v2\/posts\/5566"}],"collection":[{"href":"https:\/\/www.hamburg-fuer-die-elbe.de\/index.php?rest_route=\/wp\/v2\/posts"}],"about":[{"href":"https:\/\/www.hamburg-fuer-die-elbe.de\/index.php?rest_route=\/wp\/v2\/types\/post"}],"author":[{"embeddable":true,"href":"https:\/\/www.hamburg-fuer-die-elbe.de\/index.php?rest_route=\/wp\/v2\/users\/4"}],"replies":[{"embeddable":true,"href":"https:\/\/www.hamburg-fuer-die-elbe.de\/index.php?rest_route=%2Fwp%2Fv2%2Fcomments&post=5566"}],"version-history":[{"count":5,"href":"https:\/\/www.hamburg-fuer-die-elbe.de\/index.php?rest_route=\/wp\/v2\/posts\/5566\/revisions"}],"predecessor-version":[{"id":6906,"href":"https:\/\/www.hamburg-fuer-die-elbe.de\/index.php?rest_route=\/wp\/v2\/posts\/5566\/revisions\/6906"}],"wp:attachment":[{"href":"https:\/\/www.hamburg-fuer-die-elbe.de\/index.php?rest_route=%2Fwp%2Fv2%2Fmedia&parent=5566"}],"wp:term":[{"taxonomy":"category","embeddable":true,"href":"https:\/\/www.hamburg-fuer-die-elbe.de\/index.php?rest_route=%2Fwp%2Fv2%2Fcategories&post=5566"},{"taxonomy":"post_tag","embeddable":true,"href":"https:\/\/www.hamburg-fuer-die-elbe.de\/index.php?rest_route=%2Fwp%2Fv2%2Ftags&post=5566"}],"curies":[{"name":"wp","href":"https:\/\/api.w.org\/{rel}","templated":true}]}}