{"id":6083,"date":"2015-04-09T18:56:00","date_gmt":"2015-04-09T17:56:00","guid":{"rendered":"http:\/\/www.hamburg-fuer-die-elbe.de\/?p=6083"},"modified":"2015-04-09T18:56:00","modified_gmt":"2015-04-09T17:56:00","slug":"riesenfrachter","status":"publish","type":"post","link":"https:\/\/www.hamburg-fuer-die-elbe.de\/?p=6083","title":{"rendered":"Riesenfrachter&#8230;"},"content":{"rendered":"<p class=\"article__header__heading\"><span class=\"article__header__headline\"><a href=\"http:\/\/www.google.de\/url?sa=t&amp;rct=j&amp;q=&amp;esrc=s&amp;source=web&amp;cd=1&amp;ved=0CCMQqQIwAA&amp;url=http%3A%2F%2Fwww.abendblatt.de%2Fhamburg%2Farticle205241217%2FRiesenfrachter-bereiten-Hamburger-Hafen-Probleme.html&amp;ei=5xMkVfD_MYGKsgHDpIDoAw&amp;usg=AFQjCNF24hn-Z4qlKOoNz_DI1H2kjQV1WQ&amp;bvm=bv.89947451,d.bGg&amp;cad=rja\" target=\"_blank\">&#8230;bereiten Hamburger Hafen Probleme<\/a>&#8221; lautete gestern eine Schlagzeile im Hamburger <a href=\"https:\/\/www.hamburg-fuer-die-elbe.de\/wordpress\/wp-content\/uploads\/2015\/01\/CSCLGlobe3.jpg\"><img loading=\"lazy\" decoding=\"async\" class=\"alignright size-medium wp-image-4794\" src=\"https:\/\/www.hamburg-fuer-die-elbe.de\/wordpress\/wp-content\/uploads\/2015\/01\/CSCLGlobe3-300x71.jpg\" alt=\"CSCLGlobe3\" width=\"300\" height=\"71\" srcset=\"https:\/\/www.hamburg-fuer-die-elbe.de\/wordpress\/wp-content\/uploads\/2015\/01\/CSCLGlobe3-300x71.jpg 300w, https:\/\/www.hamburg-fuer-die-elbe.de\/wordpress\/wp-content\/uploads\/2015\/01\/CSCLGlobe3-1024x242.jpg 1024w, https:\/\/www.hamburg-fuer-die-elbe.de\/wordpress\/wp-content\/uploads\/2015\/01\/CSCLGlobe3-900x213.jpg 900w\" sizes=\"(max-width: 300px) 100vw, 300px\" \/><\/a>Abendblatt. Ein inhaltsgleicher Artikel erschien <a href=\"http:\/\/www.google.de\/url?sa=t&amp;rct=j&amp;q=&amp;esrc=s&amp;source=web&amp;cd=1&amp;ved=0CCUQqQIwAA&amp;url=http%3A%2F%2Fwww.welt.de%2Fprint%2Fdie_welt%2Fhamburg%2Farticle139198431%2FContainerfrachter-wachsen-weiter-bald-Grenze-von-20-000-TEU-ueberschritten.html&amp;ei=5BQkVcS9EcesswG984Io&amp;usg=AFQjCNFbp-zoAUIiqxaTPImFLKOcyj1bmg&amp;bvm=bv.89947451,d.bGg&amp;cad=rja\" target=\"_blank\">parallel in der Welt<\/a>.<\/span><\/p>\n<p class=\"article__header__heading\">\u00dcber die neuen nachdenklichen T\u00f6ne im Hamburger Abendblatt und in der Welt freuen wir uns. Der guten Ordnung halber f\u00fchren wir an, dass der Bericht eine Ungenauigkeit enth\u00e4lt: &#8220;<em>Kurz vor Hamburg d\u00fcrfen zwei Schiffe mit einer addierten Breite von mehr als 90 Metern derzeit aus Sicherheitsgr\u00fcnden einander nicht passieren<\/em>.&#8221; Mit diesem &#8220;Kurz vor Hamburg&#8221; ist die Strecke zwischen der St\u00f6rkurve (zwischen Brokdorf und Gl\u00fcckstadt) bis zur Landesgrenze nach Tinsdal gemeint. Hier ist die Fahrrinne derzeit 300 m breit und soll durch die Elbvertiefung um 20 m auf 320 m verbreitert werden. Mit diesen zus\u00e4tzlichen 20 Metern kann die die addierte Schiffsbreite der Befahrensregelung auf 92 m erweitert werden. Mit diesen zwei zus\u00e4tzlichen Metern gewinnt man bei den 20.000 TEU-Schiffen mit einer Breite von 60 m und mehr nat\u00fcrlich \u00fcberhaupt nichts.<\/p>\n<p class=\"article__header__heading\">Der richtigen Aussage &#8220;Hamburgs Hauptproblem sind derzeit gleichwohl die Schiffsbreiten&#8221; folgt zugleich wieder eine Ungenauigkeit: &#8220;<em>Ohne die geplante Elbvertiefung, die zugleich auch eine Verbreiterung der Fahrrinne vor allem zwischen Wedel und Wittenbergen umfassen soll, w\u00fcrde es f\u00fcr die Schifffahrt auf dem Weg von und nach Hamburg sehr eng werden.<\/em>&#8221; Mit der von Herrn Preuss umschriebenen Verbreiterung der Fahrrinne ist die sogenannte &#8220;Begegnungsbox&#8221; gemeint. Von der L\u00fchekurve bis Blankenese soll die Fahrrinne auf 385 m verbreitert werden. Dieses w\u00fcrde unter extremer Auslegung der Sicherheitsanforderungen eine addierte Begegnungsbreite von 100 m erm\u00f6glichen. Aber auch das wird nicht reichen, damit zwei 60 m breite Containerriesen aneinander vorbeifahren k\u00f6nnen. Nachzulesen ist dieses auf Seite 11 in der <a href=\"http:\/\/www.fahrrinnenausbau.de\/downloads\/fahrrinnenanpassung.pdf\" target=\"_blank\">Brosch\u00fcre &#8220;Fahrrinnenanpassung Unter- und Au\u00dfenelbe&#8221; der Elbvertiefung<\/a>, die von den Planern der Elbvertiefung herausgegeben worden ist.<\/p>\n<p class=\"article__header__heading\">Es w\u00e4re sch\u00f6n, wenn Herrn Preuss und seine Kollegen beim Hamburger Abendblatt und der Welt sich auch weitere interessante Fragen rund um Gro\u00dfschiffe, deren Havarierisiken und die Elbvertiefung stellen w\u00fcrden. <strong>Denn: <\/strong><strong>Wird der Hamburger Hafen wirklich zum bef\u00fcrchteten Biotop werden, wenn die Elbvertiefung nicht kommen sollte?<\/strong><\/p>\n<p class=\"article__header__heading\"><a href=\"http:\/\/www.mc-schiffahrt.de\/de\/thema-des-monats\/auch-ohne-elbvertiefung-wird-der-hamburger-hafen-nicht-zum-biotop\" target=\"_blank\">Mad Dabelstein, Gesch\u00e4ftsf\u00fchrer der Hamburger Reederei MarConsult<\/a> Schiffahrt GmbH &amp; Co. KG, hat zu dieser Frage bereits im August 2014 eine klare Antwort gefunden: &#8220;<em>Ich kann mir nicht vorstellen, dass der Hamburger Hafen k\u00fcnftig nicht mehr konkurrenzf\u00e4hig ist, nur weil die Elbvertiefung Schiffen mit einem Tiefgang von mehr als 13 Meter das Anlaufen nicht erm\u00f6glicht. Hamburg wird nicht einbrechen und zum Biotop werden, nur weil diese Megaboxer den Hafen nicht anlaufen k\u00f6nnen.<\/em>&#8220;<\/p>\n<p class=\"article__header__heading\">Interessierten und auch den Redaktionen des Abendblatts und der Welt m\u00f6chten wir freundlich das Ordemann-Gutachten &#8220;<a href=\"http:\/\/www.wwf.de\/fileadmin\/fm-wwf\/Publikationen-PDF\/WWF-Studie_Szenario_fuer_eine_Seehafenkooperation_im_Bereich_des_Containerverkehrs.pdf\" target=\"_blank\">Szenario f\u00fcr eine Seehafenkooperation im Bereich des Containerverkehrs<\/a>&#8221; aus dem Jahr 2013 empfehlen, dass bislang von den Betreibern der jetzigen Elbvertiefung regelm\u00e4\u00dfig verrissen wurde. Herr Dabelstein scheint das Gutachten gelesen und kritisch gew\u00fcrdigt zu haben. Ob das Abendblatt und die Welt das auch gemacht haben?<\/p>\n","protected":false},"excerpt":{"rendered":"<p>&#8230;bereiten Hamburger Hafen Probleme&#8221; lautete gestern eine Schlagzeile im Hamburger Abendblatt. Ein inhaltsgleicher Artikel erschien parallel in der Welt. \u00dcber die neuen nachdenklichen T\u00f6ne im Hamburger Abendblatt und in der Welt freuen wir uns. Der guten Ordnung halber f\u00fchren wir an, dass der Bericht eine Ungenauigkeit enth\u00e4lt: &#8220;Kurz vor Hamburg d\u00fcrfen zwei Schiffe mit einer &hellip; <a href=\"https:\/\/www.hamburg-fuer-die-elbe.de\/?p=6083\" class=\"more-link\"><span class=\"screen-reader-text\">Riesenfrachter&#8230;<\/span> weiterlesen <span class=\"meta-nav\">&rarr;<\/span><\/a><\/p>\n","protected":false},"author":2,"featured_media":0,"comment_status":"closed","ping_status":"closed","sticky":false,"template":"","format":"standard","meta":{"footnotes":""},"categories":[1],"tags":[60,137],"_links":{"self":[{"href":"https:\/\/www.hamburg-fuer-die-elbe.de\/index.php?rest_route=\/wp\/v2\/posts\/6083"}],"collection":[{"href":"https:\/\/www.hamburg-fuer-die-elbe.de\/index.php?rest_route=\/wp\/v2\/posts"}],"about":[{"href":"https:\/\/www.hamburg-fuer-die-elbe.de\/index.php?rest_route=\/wp\/v2\/types\/post"}],"author":[{"embeddable":true,"href":"https:\/\/www.hamburg-fuer-die-elbe.de\/index.php?rest_route=\/wp\/v2\/users\/2"}],"replies":[{"embeddable":true,"href":"https:\/\/www.hamburg-fuer-die-elbe.de\/index.php?rest_route=%2Fwp%2Fv2%2Fcomments&post=6083"}],"version-history":[{"count":6,"href":"https:\/\/www.hamburg-fuer-die-elbe.de\/index.php?rest_route=\/wp\/v2\/posts\/6083\/revisions"}],"predecessor-version":[{"id":6092,"href":"https:\/\/www.hamburg-fuer-die-elbe.de\/index.php?rest_route=\/wp\/v2\/posts\/6083\/revisions\/6092"}],"wp:attachment":[{"href":"https:\/\/www.hamburg-fuer-die-elbe.de\/index.php?rest_route=%2Fwp%2Fv2%2Fmedia&parent=6083"}],"wp:term":[{"taxonomy":"category","embeddable":true,"href":"https:\/\/www.hamburg-fuer-die-elbe.de\/index.php?rest_route=%2Fwp%2Fv2%2Fcategories&post=6083"},{"taxonomy":"post_tag","embeddable":true,"href":"https:\/\/www.hamburg-fuer-die-elbe.de\/index.php?rest_route=%2Fwp%2Fv2%2Ftags&post=6083"}],"curies":[{"name":"wp","href":"https:\/\/api.w.org\/{rel}","templated":true}]}}