{"id":6164,"date":"2015-04-20T20:42:53","date_gmt":"2015-04-20T19:42:53","guid":{"rendered":"http:\/\/www.hamburg-fuer-die-elbe.de\/?p=6164"},"modified":"2017-02-06T11:19:35","modified_gmt":"2017-02-06T09:19:35","slug":"im-gedaechtnis-der-stadt","status":"publish","type":"post","link":"https:\/\/www.hamburg-fuer-die-elbe.de\/?p=6164","title":{"rendered":"Im Ged\u00e4chtnis der Stadt"},"content":{"rendered":"<p>Hamburg l\u00e4sst sich gerne mit hanseatischen Traditionen in Verbindung bringen. Als &#8220;<a href=\"https:\/\/de.wikipedia.org\/wiki\/Hanseat\" target=\"_blank\">Hanseaten<\/a>&#8221; werden Menschen empfunden, deren Haltung und Einstellung mit Weltl\u00e4ufigkeit, kaufm\u00e4nnischen Wagemut, Gediegenheit, Verl\u00e4sslichkeit, Zur\u00fcckhaltung sowie einer F\u00e4higkeit zur Selbstironie umschrieben werden. Ehrbare Kaufleute, Schifffahrt, Reedereien und Hafen sind untrennbar mit diesen Empfindungen verbunden. An unserem Rathaus prangen die Wappen der Hansest\u00e4dte, rot-wei\u00df sind die Farben der Hanse und der Flagge unserer Stadt.<\/p>\n<p>Unsere &#8220;Freie und Hansestadt Hamburg&#8221; hat sich im Jahre 2008 entschlossen, sich einem Konsortium anzuschlie\u00dfen. Das Konsortium tr\u00e4gt den Namen von Albert Ballin, eine der bedeutendsten hamburgischen j\u00fcdischen Pers\u00f6nlichkeiten in der Zeit des deutschen Kaiserreiches &#8211; in Hamburg geboren und gestorben. Er machte als <a href=\"https:\/\/de.wikipedia.org\/wiki\/Albert_Ballin\" target=\"_blank\">Generaldirektor die HAPAG zur gr\u00f6\u00dften Schifffahrtslinie<\/a> der Welt.<\/p>\n<p>&#8220;<em>Auf Grund einer Initiative des Bankhauses M.M. Warburg aus Hamburg und dem in Hamburg geborenen Unternehmer Klaus Michael K\u00fchne entsteht ein Konsortium verschiedener Investoren, das das Ziel hat, Hapag-Lloyd als eigenst\u00e4ndige Reederei mit Sitz in Hamburg zu erhalten und weiter zu entwickeln (\u201eHamburger L\u00f6sung\u201c)<\/em>&#8221; entnehmen wir der <a href=\"https:\/\/www.buergerschaft-hh.de\/ParlDok\/dokument\/23078\/beteiligung-der-hgv-an-der-komplement%c3%a4r-gmbh-eines-erwerbsvehikels-gmbh-co-kg-zum-m%c3%b6glichen-ankauf-von-hapag-lloyd.pdf\" target=\"_blank\" class=\"broken_link\">zugeh\u00f6rigen Senatsmitteilung vom 20.05.2008<\/a>. Das klingt sehr hanseatisch &#8211; schlie\u00dflich war der Hamburger Kaufmann <a href=\"https:\/\/de.wikipedia.org\/wiki\/Max_Warburg\" target=\"_blank\">Max Warburg ein enger Freund und Begleiter von Albert Ballin<\/a>.<\/p>\n<p>Aber wer ist der &#8220;in Hamburg geborene Unternehmer Klaus Michael K\u00fchne&#8221;? <a href=\"https:\/\/www.hamburg-fuer-die-elbe.de\/wordpress\/wp-content\/uploads\/2015\/04\/K\u00fchne3.jpg\" target=\"_blank\"><img loading=\"lazy\" decoding=\"async\" class=\"alignright wp-image-6198 size-medium\" src=\"https:\/\/www.hamburg-fuer-die-elbe.de\/wordpress\/wp-content\/uploads\/2015\/04\/K\u00fchne3-263x300.jpg\" alt=\"K\u00fchne3\" width=\"263\" height=\"300\" srcset=\"https:\/\/www.hamburg-fuer-die-elbe.de\/wordpress\/wp-content\/uploads\/2015\/04\/K\u00fchne3-263x300.jpg 263w, https:\/\/www.hamburg-fuer-die-elbe.de\/wordpress\/wp-content\/uploads\/2015\/04\/K\u00fchne3-897x1024.jpg 897w, https:\/\/www.hamburg-fuer-die-elbe.de\/wordpress\/wp-content\/uploads\/2015\/04\/K\u00fchne3-900x1028.jpg 900w, https:\/\/www.hamburg-fuer-die-elbe.de\/wordpress\/wp-content\/uploads\/2015\/04\/K\u00fchne3.jpg 966w\" sizes=\"(max-width: 263px) 100vw, 263px\" \/><\/a>Jetzt l\u00e4cheln Sie und denken an einen eigenwilligen <a href=\"http:\/\/www.hamburg.de\/the-fontenay-hotel\/\" target=\"_blank\">Unternehmer mit Hotel<\/a>, nat\u00fcrlich den HSV, das schicke Geb\u00e4ude im Herzen der HafenCity und die vielen Lkw&#8217;s, die Ihnen regelm\u00e4\u00dfig begegnen. Der 1937 in Hamburg geborene Herr K\u00fchne verantwortet ein Weltunternehmen, dass in diesem Jahr sein 125. Firmenjubil\u00e4um feiert. Das mutet doch fast hanseatisch an?!<\/p>\n<p>Abgesehen davon, dass Herr Klaus-Michael K\u00fchne ganz un-hanseatisch seinen Firmensitz seit langem im steuerg\u00fcnstigen Kanton Schwyz in der Schweiz hat, steht er einem Unternehmen vor, welches sich bis heute schwer tut, seine Firmengeschichte ernsthaft aufzuarbeiten. Nun kommt allerdings \u201eDampf auf den Kessel\u201c, haben doch verschiedene Medien im Rahmen des Firmenjubil\u00e4um das Thema in die \u00d6ffentlichkeit gebracht.<\/p>\n<p>Die <a href=\"https:\/\/www.kn-portal.com\/about_us\/media_relations\/news\/news_archive\/show\/?tx_knnews_pi1%5Buid%5D=4878&amp;cHash=1fe37194defc3f08cbeef5200ae467ec\" target=\"_blank\">Pressemitteilung vom 17.03.2015<\/a> von K\u00fchne+Nagel ist mit &#8220;Bekenntnis zu seiner Geschichte&#8221; \u00fcberschrieben und nimmt Bezug auf die Firmenhistorie in der Zeit von 1933 bis 1945. Ein Gesch\u00e4ftsfeld (\u201eAktion M\u201c), das diese Spedition in dieser Zeit bearbeitet hat, wird mit sparsamen Worten angedeutet. Genaueres finden Sie in Beitr\u00e4gen der taz, der S\u00fcddeutschen Zeitung und dem Fernseh-Magazin Kontrovers.<\/p>\n<ul>\n<li>taz vom 28.11.2010 &#8220;<a href=\"http:\/\/www.taz.de\/!5131483\/\" target=\"_blank\">Billigende Inkaufnahme<\/a>&#8220;<\/li>\n<li>taz vom 31.03.2015 &#8220;<a href=\"http:\/\/www.taz.de\/!5014561\/\" target=\"_blank\">Lasten der Vergangenheit<\/a>&#8220;<\/li>\n<li>S\u00fcddeutsche vom 15.04.2015 &#8220;<a href=\"http:\/\/www.sueddeutsche.de\/wirtschaft\/kuehne-nagel-schraenke-uhren-zwei-kinderwaegen-1.2436175\" target=\"_blank\"><span class=\"nowrap\">126<\/span> Schr\u00e4nke, <span class=\"nowrap\">32<\/span> Uhren, zwei Kinderw\u00e4gen<\/a>&#8221; und Kontrovers vom Bayerischen Rundfunk &#8220;<a href=\"http:\/\/www.br.de\/br-fernsehen\/sendungen\/kontrovers\/kuehne-nagel-ns-zeit-moebeltransport-100.html\" target=\"_blank\">Die Vergangenheit von K\u00fchne+Nagel<\/a>&#8220;<\/li>\n<\/ul>\n<p>Wie K\u00fchne+Nagel 1933 mit dem j\u00fcdischen Miteigent\u00fcmer Herrn Adolf Maass umgegangen ist, erfahren wir in der Pressemitteilung nicht. Die taz vom 16.02.2015 kl\u00e4rt in &#8220;<a href=\"http:\/\/www.taz.de\/!5021323\/\" target=\"_blank\">Verwertung ohne Relevanz<\/a>&#8221; \u00fcber das Vorgehen der Br\u00fcder K\u00fchne auf: Das Ehepaar Maass starb in Auschwitz.<\/p>\n<p>Auch Herr Max Warburg wurde in dieser Zeit aus seinen gesch\u00e4ftlichen Aktivit\u00e4ten herausgedr\u00e4ngt. <a href=\"https:\/\/de.wikipedia.org\/wiki\/Max_Warburg\" target=\"_blank\">Von 1933 bis 1938 konnte Herr Warburg mit Hilfe eines Vereins, seiner Bank und seinen Mitarbeitern die Emigration von 75.000 j\u00fcdische Mitb\u00fcrger organisieren<\/a>. Er selber musste 1938 in die Staaten auswandern.<\/p>\n<p>Es hat sich mit der Gr\u00fcndung des Ballin-Konsortiums in 2008 eine sehr seltsame &#8220;Hanseatische Allianz&#8221; hinter Hapag-Lloyd formiert. Der Konsortialf\u00fchrer fand im Gr\u00fcndungsjahr hierf\u00fcr <a href=\"http:\/\/www.handelsblatt.com\/unternehmen\/management\/nazi-vokabel-kuehne-schockiert-juden-mit-rasse-bemerkung\/3052554.html\" target=\"_blank\">schon bemerkenswerte Worte<\/a>.<\/p>\n<figure id=\"attachment_6199\" aria-describedby=\"caption-attachment-6199\" style=\"width: 300px\" class=\"wp-caption alignright\"><a href=\"https:\/\/www.hamburg-fuer-die-elbe.de\/wordpress\/wp-content\/uploads\/2015\/04\/Neuengamme-ImGed\u00e4chtnisderStadt.jpg\"><img loading=\"lazy\" decoding=\"async\" class=\"wp-image-6199 size-medium\" src=\"https:\/\/www.hamburg-fuer-die-elbe.de\/wordpress\/wp-content\/uploads\/2015\/04\/Neuengamme-ImGed\u00e4chtnisderStadt-300x275.jpg\" alt=\"Neuengamme ImGed\u00e4chtnisderStadt\" width=\"300\" height=\"275\" srcset=\"https:\/\/www.hamburg-fuer-die-elbe.de\/wordpress\/wp-content\/uploads\/2015\/04\/Neuengamme-ImGed\u00e4chtnisderStadt-300x275.jpg 300w, https:\/\/www.hamburg-fuer-die-elbe.de\/wordpress\/wp-content\/uploads\/2015\/04\/Neuengamme-ImGed\u00e4chtnisderStadt.jpg 759w\" sizes=\"(max-width: 300px) 100vw, 300px\" \/><\/a><figcaption id=\"caption-attachment-6199\" class=\"wp-caption-text\">KZ Neuengamme &#8211; Tafel kurz vorm Ende der Ausstellung.<\/figcaption><\/figure>\n<p>Mit &#8220;hanseatischem Geist der Stadt&#8221; kann das Verhalten des internationalen Unternehmens K\u00fchne + Nagel samt seinem Eigent\u00fcmer nicht erkl\u00e4rt werden. Auch nicht damit, dass angeblich das Firmenarchiv 1944 abgebrannt ist, gibt es doch im Verzeichnis der Deutschen Wirtschaftsarchive den Hinweis auf 10m Akten \u00fcber die Firma. Da fragen wir uns: Welches weitere wackelige Fundament taucht jetzt f\u00fcr Hamburg und den Hamburger Senat bei der Hapag-Lloyd-Beteiligung auf?<\/p>\n<p>Das bis vor wenigen Jahren z\u00e4h anmutende &#8220;Ged\u00e4chtnis der Stadt&#8221; hat sich mittlerweile dramatisch ver\u00e4ndert: Hamburg will mit <strong>neuer hanseatischer Tradition<\/strong> &#8211; <a href=\"http:\/\/www.google.de\/url?sa=t&amp;rct=j&amp;q=&amp;esrc=s&amp;source=web&amp;cd=3&amp;ved=0CC8QqQIwAg&amp;url=http%3A%2F%2Fwww.abendblatt.de%2Fhamburg%2Fhamburg-mitte%2Farticle205266659%2FSenator-erinnert-an-ermordete-Kinder-vom-Bullenhuser-Damm.html&amp;ei=fVI1VdS3EsGvPNmfgeAI&amp;usg=AFQjCNGSRuripgi1gAe50FF-wopP_JzaTA&amp;bvm=bv.91071109,d.ZWU&amp;cad=rja\" target=\"_blank\">insbesondere in Erinnerung des heutigen Tages<\/a> &#8211; wissen, wer die Geschicke der Stadt mitbestimmen will.<\/p>\n","protected":false},"excerpt":{"rendered":"<p>Hamburg l\u00e4sst sich gerne mit hanseatischen Traditionen in Verbindung bringen. Als &#8220;Hanseaten&#8221; werden Menschen empfunden, deren Haltung und Einstellung mit Weltl\u00e4ufigkeit, kaufm\u00e4nnischen Wagemut, Gediegenheit, Verl\u00e4sslichkeit, Zur\u00fcckhaltung sowie einer F\u00e4higkeit zur Selbstironie umschrieben werden. Ehrbare Kaufleute, Schifffahrt, Reedereien und Hafen sind untrennbar mit diesen Empfindungen verbunden. An unserem Rathaus prangen die Wappen der Hansest\u00e4dte, rot-wei\u00df sind &hellip; <a href=\"https:\/\/www.hamburg-fuer-die-elbe.de\/?p=6164\" class=\"more-link\"><span class=\"screen-reader-text\">Im Ged\u00e4chtnis der Stadt<\/span> weiterlesen <span class=\"meta-nav\">&rarr;<\/span><\/a><\/p>\n","protected":false},"author":2,"featured_media":0,"comment_status":"closed","ping_status":"closed","sticky":false,"template":"","format":"standard","meta":{"footnotes":""},"categories":[1],"tags":[384,27,95,289,385],"_links":{"self":[{"href":"https:\/\/www.hamburg-fuer-die-elbe.de\/index.php?rest_route=\/wp\/v2\/posts\/6164"}],"collection":[{"href":"https:\/\/www.hamburg-fuer-die-elbe.de\/index.php?rest_route=\/wp\/v2\/posts"}],"about":[{"href":"https:\/\/www.hamburg-fuer-die-elbe.de\/index.php?rest_route=\/wp\/v2\/types\/post"}],"author":[{"embeddable":true,"href":"https:\/\/www.hamburg-fuer-die-elbe.de\/index.php?rest_route=\/wp\/v2\/users\/2"}],"replies":[{"embeddable":true,"href":"https:\/\/www.hamburg-fuer-die-elbe.de\/index.php?rest_route=%2Fwp%2Fv2%2Fcomments&post=6164"}],"version-history":[{"count":16,"href":"https:\/\/www.hamburg-fuer-die-elbe.de\/index.php?rest_route=\/wp\/v2\/posts\/6164\/revisions"}],"predecessor-version":[{"id":11223,"href":"https:\/\/www.hamburg-fuer-die-elbe.de\/index.php?rest_route=\/wp\/v2\/posts\/6164\/revisions\/11223"}],"wp:attachment":[{"href":"https:\/\/www.hamburg-fuer-die-elbe.de\/index.php?rest_route=%2Fwp%2Fv2%2Fmedia&parent=6164"}],"wp:term":[{"taxonomy":"category","embeddable":true,"href":"https:\/\/www.hamburg-fuer-die-elbe.de\/index.php?rest_route=%2Fwp%2Fv2%2Fcategories&post=6164"},{"taxonomy":"post_tag","embeddable":true,"href":"https:\/\/www.hamburg-fuer-die-elbe.de\/index.php?rest_route=%2Fwp%2Fv2%2Ftags&post=6164"}],"curies":[{"name":"wp","href":"https:\/\/api.w.org\/{rel}","templated":true}]}}