{"id":6265,"date":"2015-04-28T22:59:58","date_gmt":"2015-04-28T21:59:58","guid":{"rendered":"http:\/\/www.hamburg-fuer-die-elbe.de\/?p=6265"},"modified":"2016-11-03T17:31:08","modified_gmt":"2016-11-03T15:31:08","slug":"es-wird-eng","status":"publish","type":"post","link":"https:\/\/www.hamburg-fuer-die-elbe.de\/?p=6265","title":{"rendered":"Es wird eng&#8230;"},"content":{"rendered":"<p>In einer <a href=\"https:\/\/www.buergerschaft-hh.de\/ParlDok\/dokument\/48274\/jahrespressekonferenz-der-logistikinitiative-%e2%80%93-gewerbefl%c3%a4chenangebot-in-hamburg.pdf\" target=\"_blank\" class=\"broken_link\">schriftlichen kleinen Anfrage<\/a> wurde Ende M\u00e4rz 2015 nach den freien Hamburger Gewerbefl\u00e4chen gefragt. In der Anfrage werden Worte des Wirtschaftssenators anl\u00e4sslich der Jahrespressekonferenz der <a href=\"http:\/\/www.hamburg-logistik.net\/netzwerk-und-mitglieder\/netzwerk\/ueber-uns\/\" target=\"_blank\">Logistik-Initiative Hamburg (LIHH) <\/a>zitiert. Nicht der Rede wert, denkt der Hamburger, aber&#8230;<br \/>\nDie LIHH ist doch das Lobbynetzwerk des Hamburger Hafens? Klar, guckt man sich die Mitglieder des LIHH-Kuratoriums an, ahnt man, was der Auftrag dieser Initiative ist! Prominente Namen sind dort zu finden: <a href=\"http:\/\/www.hamburg-logistik.net\/netzwerk-und-mitglieder\/netzwerk\/organisation\/alt\/kuratorium\/\" target=\"_blank\">Lesen Sie doch einfach mal &#8211; der Vorsitzende des Kuratoriums Herr Prof. Dr. Peer Witten ist zugleich Aufsichtsratsvorsitzender der HHLA !<\/a><\/p>\n<p>Wenn also eine schriftliche kleine Anfrage, die nicht mit einem Wort nach dem &#8220;Hafen&#8221; fragt, vom Senat reihenweise Antworten mit ausschlie\u00dflichem Hafenbezug erh\u00e4lt, ist f\u00fcr uns Hamburg alarmm\u00e4\u00dfig &#8220;Wahrschau&#8221; angesagt!<\/p>\n<p>Im Hamburger Abendblatt ist heute, also fast ein Monat sp\u00e4ter, zu lesen, dass der <a href=\"http:\/\/www.google.de\/url?sa=t&amp;rct=j&amp;q=&amp;esrc=s&amp;source=web&amp;cd=1&amp;ved=0CCMQqQIwAA&amp;url=http%3A%2F%2Fwww.abendblatt.de%2Fhamburg%2Farticle205281369%2FDer-Platz-im-Hamburger-Hafen-wird-knapp.html&amp;ei=oMw_Vd2SFoPN7QaTt4DYDA&amp;usg=AFQjCNEUGZ2fsiS6-cYO6KhyOUBoJlDVzw&amp;bvm=bv.91665533,d.ZGU&amp;cad=rja\" target=\"_blank\">Platz im Hamburger Hafen eng wird<\/a>. Mit &#8220;kleinen Krokodilstr\u00e4nen&#8221; nimmt der Redakteur Bezug auf die o.a. kleine Anfrage und sp\u00e4testens jetzt wissen wir, warum der Senat seine Antworten fast ausschlie\u00dflich mit Hafenbezug gibt. Erstaunlich offen f\u00fcrs Abendblatt erfahren wir von den Leichen, die sich in unserem Hafen, mitten in der Stadt, verbergen.<\/p>\n<p>Der Hamburger Hafen nimmt rund 10% der<a href=\"https:\/\/www.hamburg-fuer-die-elbe.de\/wordpress\/wp-content\/uploads\/2015\/01\/Olympia-Oswald.jpg\" target=\"_blank\"><img loading=\"lazy\" decoding=\"async\" class=\"alignright wp-image-4818\" src=\"https:\/\/www.hamburg-fuer-die-elbe.de\/wordpress\/wp-content\/uploads\/2015\/01\/Olympia-Oswald.jpg\" alt=\"Olympia Oswald\" width=\"300\" height=\"277\" \/><\/a> Fl\u00e4che des Staatsgebietes ein &#8211; wohlgemerkt in Innenstadtlage! Dass da nur noch 20 Hektar (200.000 m\u00b2) Fl\u00e4che f\u00fcr Gewerbeansiedlung frei sind, d\u00fcrfte eigentlich keinen so richtig verwundern. Erst recht nicht unseren Senat, der ja \u00fcber die HPA Eigent\u00fcmer aller Hafengrundfl\u00e4chen ist und als Vermieter \u00fcber alle Miet- und und insbesondere die Untermietvertr\u00e4ge Kenntnis hat.<\/p>\n<p>Laut Abendblatt ist das aber nicht der Fall. Es wird festgestellt, dass die am Kleinen Grasbrook f\u00fcr das Olympiagel\u00e4nde ben\u00f6tigten Ersatzfl\u00e4chen anscheinend nicht zur Verf\u00fcgung stehen. Welch Erkenntnis!<\/p>\n<p>Das am Kleinen Grasbrook sitzende HHLA O&#8217;Swald-Terminal soll nun auf das Gel\u00e4nde des BUSS-Hansaterminal am Travehafen umziehen. Der bis <a href=\"https:\/\/www.hamburg-fuer-die-elbe.de\/?page_id=276\" target=\"_blank\">2028 laufende Mietvertrag zwischen HPA und BUSS<\/a>, wurde vor wenigen Jahren mit dreistelligen Millionenzahlungen vorzeitig f\u00fcr das <a href=\"https:\/\/www.hamburg-fuer-die-elbe.de\/wordpress\/wp-content\/uploads\/2015\/04\/BUSS-Hanseterminal-1.jpg\" target=\"_blank\"><img loading=\"lazy\" decoding=\"async\" class=\"alignleft wp-image-6268 size-medium\" src=\"https:\/\/www.hamburg-fuer-die-elbe.de\/wordpress\/wp-content\/uploads\/2015\/04\/BUSS-Hanseterminal-1-300x213.jpg\" alt=\"BUSS Hanseterminal 1\" width=\"300\" height=\"213\" srcset=\"https:\/\/www.hamburg-fuer-die-elbe.de\/wordpress\/wp-content\/uploads\/2015\/04\/BUSS-Hanseterminal-1-300x213.jpg 300w, https:\/\/www.hamburg-fuer-die-elbe.de\/wordpress\/wp-content\/uploads\/2015\/04\/BUSS-Hanseterminal-1.jpg 884w\" sizes=\"(max-width: 300px) 100vw, 300px\" \/><\/a>Vorhaben &#8220;CTS Steinwerder&#8221; aufgel\u00f6st. CTS war ein Projekt des damaligen schwarzen bzw. nachfolgenden schwarz-gr\u00fcnen Senates f\u00fcr den Ausbau der Containerumschlagskapazit\u00e4ten, das mit den damaligen Visionen des unbegrenzten Containerwachstums und der aktuellen Elbvertiefung in direktem Zusammenhang steht.<\/p>\n<p>Da Containerumschlagskapazit\u00e4ten aber nach der Finanzkrise in 2008 nicht mehr ben\u00f6tigt wurden, wurde der Mietvertrag &#8211; trotz dreistelliger Millionenzahlungen\u00a0 &#8211; wieder kurzfristig verl\u00e4ngert. Die Planungen zum &#8220;CTS Steinwerder&#8221; wurden auf Eis gelegt. Nicht ganz. Auf dem Nordteil des Plangel\u00e4ndes werden derzeit die Schlusssteine f\u00fcr das Kreuzfahrerterminal CC3 gelegt.<\/p>\n<figure id=\"attachment_6269\" aria-describedby=\"caption-attachment-6269\" style=\"width: 300px\" class=\"wp-caption alignleft\"><a href=\"https:\/\/www.hamburg-fuer-die-elbe.de\/wordpress\/wp-content\/uploads\/2015\/04\/Travehafen1.jpg\" target=\"_blank\"><img loading=\"lazy\" decoding=\"async\" class=\"wp-image-6269 size-medium\" src=\"https:\/\/www.hamburg-fuer-die-elbe.de\/wordpress\/wp-content\/uploads\/2015\/04\/Travehafen1-300x167.jpg\" alt=\"Travehafen1\" width=\"300\" height=\"167\" srcset=\"https:\/\/www.hamburg-fuer-die-elbe.de\/wordpress\/wp-content\/uploads\/2015\/04\/Travehafen1-300x167.jpg 300w, https:\/\/www.hamburg-fuer-die-elbe.de\/wordpress\/wp-content\/uploads\/2015\/04\/Travehafen1-1024x568.jpg 1024w, https:\/\/www.hamburg-fuer-die-elbe.de\/wordpress\/wp-content\/uploads\/2015\/04\/Travehafen1-900x500.jpg 900w, https:\/\/www.hamburg-fuer-die-elbe.de\/wordpress\/wp-content\/uploads\/2015\/04\/Travehafen1.jpg 1436w\" sizes=\"(max-width: 300px) 100vw, 300px\" \/><\/a><figcaption id=\"caption-attachment-6269\" class=\"wp-caption-text\">Travehafen &#8211; rechts BUSS-Hansaterminal<\/figcaption><\/figure>\n<p>Jetzt, mit den Olympia-Pl\u00e4nen, soll BUSS-Hansaterminal dem HHLA-O&#8217;Swald-Terminal weichen. Da die ben\u00f6tigten Fl\u00e4chen durch den Bau des CC3-Passagierterminals vermutlich nicht reichen werden, steht im Raum, dass die Ursprungsplanungen f\u00fcr die Zusch\u00fcttung des dem BUSS-Hansaterminal benachbarten Travehafens wieder aufgenommen werden. Dort liegt derzeit aber gro\u00dffl\u00e4chig die Schutenflotte von Eckelmann. Wo sollen die denn hin &#8211; wie lang sind die dortigen Vertr\u00e4ge \u00fcber Liegepl\u00e4tze? Folgen nun erneute Entsch\u00e4digungen f\u00fcr BUSS und neue f\u00fcr Eckelmann?<a href=\"https:\/\/www.hamburg-fuer-die-elbe.de\/wordpress\/wp-content\/uploads\/2015\/04\/EckelmannSchute1.jpg\" target=\"_blank\"><img loading=\"lazy\" decoding=\"async\" class=\"wp-image-6270 size-medium alignright\" src=\"https:\/\/www.hamburg-fuer-die-elbe.de\/wordpress\/wp-content\/uploads\/2015\/04\/EckelmannSchute1-300x169.jpg\" alt=\"EckelmannSchute1\" width=\"300\" height=\"169\" srcset=\"https:\/\/www.hamburg-fuer-die-elbe.de\/wordpress\/wp-content\/uploads\/2015\/04\/EckelmannSchute1-300x169.jpg 300w, https:\/\/www.hamburg-fuer-die-elbe.de\/wordpress\/wp-content\/uploads\/2015\/04\/EckelmannSchute1-1024x576.jpg 1024w, https:\/\/www.hamburg-fuer-die-elbe.de\/wordpress\/wp-content\/uploads\/2015\/04\/EckelmannSchute1-900x506.jpg 900w, https:\/\/www.hamburg-fuer-die-elbe.de\/wordpress\/wp-content\/uploads\/2015\/04\/EckelmannSchute1.jpg 1152w\" sizes=\"(max-width: 300px) 100vw, 300px\" \/><\/a><\/p>\n<p>Das Chaos um die Olympia- und Hafenplanungen des Senates ist gro\u00df. Aber da sind ja noch die <a href=\"https:\/\/www.hamburg-fuer-die-elbe.de\/?p=4812\">Hafenerweiterungsfl\u00e4chen um Moorburg<\/a>. Und da waren ja auch in den letzten Wochen nicht erkl\u00e4rbare Rechte\u00fcbertragungen f\u00fcr die dortigen Grundst\u00fccke festzustellen, die kein Interessierter verstehen konnte.<\/p>\n<p>Im Hamburger Hafen g\u00e4rt es gewaltig. Die Hafenlobby scheint ihre Pfr\u00fcnde zu sichern. Mit Olympia winken der Lobby erhebliche Entsch\u00e4digungsmillionen. Schlie\u00dflich sind die AGB&#8217;s f\u00fcr HPA-Grundst\u00fccksvermietungen seit der BUSS-Entmietung auf Druck der Hafenlobby nicht ge\u00e4ndert worden. <a href=\"https:\/\/www.hamburg-fuer-die-elbe.de\/?p=4341\" target=\"_blank\">Selbst der Rechnungshof<\/a>, der die BUSS-Entsch\u00e4digung mit schr\u00e4g anmutenden Erkl\u00e4rungen vor einem halben Jahr f\u00fcr einwandfrei erkl\u00e4rt hat, hat bei den AGB&#8217;s und der T\u00e4tigkeit des HPA-Aufsichtsrates doch arg gehustet.<\/p>\n<p>Hamburg, wach auf! Mit Olympia stehen allergr\u00f6\u00dfte Umbr\u00fcche im Hafen bevor. Es stinkt zum Himmel, wenn der Senat auf Fragen antwortet, die nicht gestellt wurden. Millionen, nein, eher Milliarden an Euros stehen im Raum, die der Hafenlobby von unserem Steuergeld hinterhergeworfen werden sollen. An das olympiabedingte &#8220;Nein&#8221; der Gr\u00fcnen zu Moorburg sei erinnert, das im <a href=\"https:\/\/www.hamburg-fuer-die-elbe.de\/wordpress\/wp-content\/uploads\/2015\/04\/koalitionsvertrag-2014.pdf\" target=\"_blank\">Koalitionsvertrag<\/a> (Seite 28) explizit erw\u00e4hnt wird. Die geplante Elbvertiefung w\u00fcrde das Chaos im Hafen und in der Hamburgischen Hafenpolitik noch mehr versch\u00e4rfen.<\/p>\n<p><strong>Hamburg, pass auf!<\/strong><\/p>\n","protected":false},"excerpt":{"rendered":"<p>In einer schriftlichen kleinen Anfrage wurde Ende M\u00e4rz 2015 nach den freien Hamburger Gewerbefl\u00e4chen gefragt. In der Anfrage werden Worte des Wirtschaftssenators anl\u00e4sslich der Jahrespressekonferenz der Logistik-Initiative Hamburg (LIHH) zitiert. Nicht der Rede wert, denkt der Hamburger, aber&#8230; Die LIHH ist doch das Lobbynetzwerk des Hamburger Hafens? Klar, guckt man sich die Mitglieder des LIHH-Kuratoriums &hellip; <a href=\"https:\/\/www.hamburg-fuer-die-elbe.de\/?p=6265\" class=\"more-link\"><span class=\"screen-reader-text\">Es wird eng&#8230;<\/span> weiterlesen <span class=\"meta-nav\">&rarr;<\/span><\/a><\/p>\n","protected":false},"author":2,"featured_media":0,"comment_status":"closed","ping_status":"closed","sticky":false,"template":"","format":"standard","meta":{"footnotes":""},"categories":[1],"tags":[14,315,389,21,13,388,204,390],"_links":{"self":[{"href":"https:\/\/www.hamburg-fuer-die-elbe.de\/index.php?rest_route=\/wp\/v2\/posts\/6265"}],"collection":[{"href":"https:\/\/www.hamburg-fuer-die-elbe.de\/index.php?rest_route=\/wp\/v2\/posts"}],"about":[{"href":"https:\/\/www.hamburg-fuer-die-elbe.de\/index.php?rest_route=\/wp\/v2\/types\/post"}],"author":[{"embeddable":true,"href":"https:\/\/www.hamburg-fuer-die-elbe.de\/index.php?rest_route=\/wp\/v2\/users\/2"}],"replies":[{"embeddable":true,"href":"https:\/\/www.hamburg-fuer-die-elbe.de\/index.php?rest_route=%2Fwp%2Fv2%2Fcomments&post=6265"}],"version-history":[{"count":12,"href":"https:\/\/www.hamburg-fuer-die-elbe.de\/index.php?rest_route=\/wp\/v2\/posts\/6265\/revisions"}],"predecessor-version":[{"id":10732,"href":"https:\/\/www.hamburg-fuer-die-elbe.de\/index.php?rest_route=\/wp\/v2\/posts\/6265\/revisions\/10732"}],"wp:attachment":[{"href":"https:\/\/www.hamburg-fuer-die-elbe.de\/index.php?rest_route=%2Fwp%2Fv2%2Fmedia&parent=6265"}],"wp:term":[{"taxonomy":"category","embeddable":true,"href":"https:\/\/www.hamburg-fuer-die-elbe.de\/index.php?rest_route=%2Fwp%2Fv2%2Fcategories&post=6265"},{"taxonomy":"post_tag","embeddable":true,"href":"https:\/\/www.hamburg-fuer-die-elbe.de\/index.php?rest_route=%2Fwp%2Fv2%2Ftags&post=6265"}],"curies":[{"name":"wp","href":"https:\/\/api.w.org\/{rel}","templated":true}]}}