{"id":6283,"date":"2015-04-29T20:01:11","date_gmt":"2015-04-29T19:01:11","guid":{"rendered":"http:\/\/www.hamburg-fuer-die-elbe.de\/?p=6283"},"modified":"2016-01-23T18:48:31","modified_gmt":"2016-01-23T17:48:31","slug":"havariegefahren-auf-der-unterelbe","status":"publish","type":"post","link":"https:\/\/www.hamburg-fuer-die-elbe.de\/?p=6283","title":{"rendered":"Havariegefahren auf der Unterelbe"},"content":{"rendered":"<p style=\"text-align: left;\">Unsere Freunde, die <a href=\"http:\/\/www.freie-waehler-neuhaus.de\/elbe\/?p=2458\" target=\"_blank\">Aktionsgemeinschaft Unterelbe e.V. (AGU)<\/a> <a href=\"https:\/\/www.hamburg-fuer-die-elbe.de\/wordpress\/wp-content\/uploads\/2013\/11\/Elbvertiefung.jpg\"><img loading=\"lazy\" decoding=\"async\" class=\"alignright wp-image-953\" src=\"https:\/\/www.hamburg-fuer-die-elbe.de\/wordpress\/wp-content\/uploads\/2013\/11\/Elbvertiefung-282x300.jpg\" alt=\"www.wir-brauchen-keine-Elbvertiefung.de\" width=\"164\" height=\"174\" srcset=\"https:\/\/www.hamburg-fuer-die-elbe.de\/wordpress\/wp-content\/uploads\/2013\/11\/Elbvertiefung-282x300.jpg 282w, https:\/\/www.hamburg-fuer-die-elbe.de\/wordpress\/wp-content\/uploads\/2013\/11\/Elbvertiefung.jpg 547w\" sizes=\"(max-width: 164px) 100vw, 164px\" \/><\/a>und das Regionale B\u00fcndnis gegen die Elbvertiefung (ReB\u00fcgEl), laden zu einer hochkar\u00e4tigen Informationsveranstaltung mit dem Titel <strong>&#8220;Havariegefahren auf der Unterelbe&#8221; <\/strong>ein, auf die wir Sie heute hinweisen m\u00f6chten. Die Veranstaltung wird am<\/p>\n<p><strong>07. Mai 2015<\/strong><br \/>\n<strong>um 19:00 Uhr <\/strong><br \/>\n<strong>in den Seelandhallen in Otterndorf <\/strong>(Norderteiler Weg 2 a, 21762 Otterndorf) stattfinden.<\/p>\n<p>Zu der Informationsveranstaltung laden zwei profilierte Elbfreunde ein: B\u00fcrgermeister Harald Zahrte (Samtgemeinde Land Hadeln) als Vorsitzender der Aktionsgemeinschaft Unterelbe sowie AG-Osteland-Vize Walter Rademacher als Sprecher des Regionalen Bu\u0308ndnisses gegen Elbvertiefung.<\/p>\n<p>Zahrte und Rademacher schlagen Alarm: Der Verkehr gro\u00dfer und gr\u00f6\u00dfter Containerschiffe auf der Elbe hat in den vergangenen Jahren erheblich zugenommen. Seit dem Ende der 1960er Jahre wurde das Fahrwasser mit zwei Eingriffen zwar um weitere 3 m vertieft, aber die Fahrrinnenbreite blieb unvera\u0308ndert: Sie betr\u00e4gt bis Glu\u0308ckstadt 400 m, weiter elbaufw\u00e4rts bis zur L\u00fchem\u00fcndung 300 m und bis zum Hamburger Hafen nur noch 250 m. Mit steigender Schiffsgr\u00f6\u00dfe bei kaum ver\u00e4nderbaren Fahrrinnenbreiten steigt die Gefahr von Havarien und damit steigt das Risiko erheblicher Risiken auf der Elbe, sowohl in Bezug auf die Umwelt, als auch auf die vollst\u00e4ndige Blockade des Hamburger Hafens.<\/p>\n<p>Die Informationsveranstaltung wird von profilierten Referenten und Podiumsdiskutanten begleitet, die von der Unterelbe zwischen Cuxhaven und Hamburg stammen und sich seit vielen Jahren als Anwohner, beruflich und wissenschaftlich mit dem Thema Elbvertiefung besch\u00e4ftigen.<\/p>\n<p>Den vollst\u00e4ndigen Einladungstext finden Sie hier beim <a href=\"http:\/\/www.wir-brauchen-keine-elbvertiefung.de\/\" target=\"_blank\">Regionalen B\u00fcndnis gegen die Elbvertiefung<\/a>. Wir von Hamburg-f\u00fcr-die-Elbe unterst\u00fctzen diese Veranstaltung, stehen mit einem Mitglied im Podium und w\u00fcrden uns freuen, wenn wir Sie in Otterndorf treffen d\u00fcrften.<\/p>\n","protected":false},"excerpt":{"rendered":"<p>Unsere Freunde, die Aktionsgemeinschaft Unterelbe e.V. (AGU) und das Regionale B\u00fcndnis gegen die Elbvertiefung (ReB\u00fcgEl), laden zu einer hochkar\u00e4tigen Informationsveranstaltung mit dem Titel &#8220;Havariegefahren auf der Unterelbe&#8221; ein, auf die wir Sie heute hinweisen m\u00f6chten. Die Veranstaltung wird am 07. Mai 2015 um 19:00 Uhr in den Seelandhallen in Otterndorf (Norderteiler Weg 2 a, 21762 &hellip; <a href=\"https:\/\/www.hamburg-fuer-die-elbe.de\/?p=6283\" class=\"more-link\"><span class=\"screen-reader-text\">Havariegefahren auf der Unterelbe<\/span> weiterlesen <span class=\"meta-nav\">&rarr;<\/span><\/a><\/p>\n","protected":false},"author":2,"featured_media":0,"comment_status":"closed","ping_status":"closed","sticky":false,"template":"","format":"standard","meta":{"footnotes":""},"categories":[1,9],"tags":[334,361],"_links":{"self":[{"href":"https:\/\/www.hamburg-fuer-die-elbe.de\/index.php?rest_route=\/wp\/v2\/posts\/6283"}],"collection":[{"href":"https:\/\/www.hamburg-fuer-die-elbe.de\/index.php?rest_route=\/wp\/v2\/posts"}],"about":[{"href":"https:\/\/www.hamburg-fuer-die-elbe.de\/index.php?rest_route=\/wp\/v2\/types\/post"}],"author":[{"embeddable":true,"href":"https:\/\/www.hamburg-fuer-die-elbe.de\/index.php?rest_route=\/wp\/v2\/users\/2"}],"replies":[{"embeddable":true,"href":"https:\/\/www.hamburg-fuer-die-elbe.de\/index.php?rest_route=%2Fwp%2Fv2%2Fcomments&post=6283"}],"version-history":[{"count":4,"href":"https:\/\/www.hamburg-fuer-die-elbe.de\/index.php?rest_route=\/wp\/v2\/posts\/6283\/revisions"}],"predecessor-version":[{"id":9260,"href":"https:\/\/www.hamburg-fuer-die-elbe.de\/index.php?rest_route=\/wp\/v2\/posts\/6283\/revisions\/9260"}],"wp:attachment":[{"href":"https:\/\/www.hamburg-fuer-die-elbe.de\/index.php?rest_route=%2Fwp%2Fv2%2Fmedia&parent=6283"}],"wp:term":[{"taxonomy":"category","embeddable":true,"href":"https:\/\/www.hamburg-fuer-die-elbe.de\/index.php?rest_route=%2Fwp%2Fv2%2Fcategories&post=6283"},{"taxonomy":"post_tag","embeddable":true,"href":"https:\/\/www.hamburg-fuer-die-elbe.de\/index.php?rest_route=%2Fwp%2Fv2%2Ftags&post=6283"}],"curies":[{"name":"wp","href":"https:\/\/api.w.org\/{rel}","templated":true}]}}