{"id":6597,"date":"2015-05-29T00:01:39","date_gmt":"2015-05-28T23:01:39","guid":{"rendered":"http:\/\/www.hamburg-fuer-die-elbe.de\/?p=6597"},"modified":"2015-05-27T20:56:06","modified_gmt":"2015-05-27T19:56:06","slug":"staus-im-hafen","status":"publish","type":"post","link":"https:\/\/www.hamburg-fuer-die-elbe.de\/?p=6597","title":{"rendered":"Staus im Hafen"},"content":{"rendered":"<p>Obwohl nicht Weihnachten ist, k\u00f6nnen wir angesichts der <a href=\"https:\/\/www.hamburg-fuer-die-elbe.de\/wordpress\/wp-content\/uploads\/2015\/05\/CTD2.jpg\" target=\"_blank\"><img loading=\"lazy\" decoding=\"async\" class=\"alignright wp-image-6598 size-medium\" src=\"https:\/\/www.hamburg-fuer-die-elbe.de\/wordpress\/wp-content\/uploads\/2015\/05\/CTD2-300x225.jpg\" alt=\"CTD2\" width=\"300\" height=\"225\" srcset=\"https:\/\/www.hamburg-fuer-die-elbe.de\/wordpress\/wp-content\/uploads\/2015\/05\/CTD2-300x225.jpg 300w, https:\/\/www.hamburg-fuer-die-elbe.de\/wordpress\/wp-content\/uploads\/2015\/05\/CTD2.jpg 900w\" sizes=\"(max-width: 300px) 100vw, 300px\" \/><\/a>Stausituation im Hamburger Hafen &#8220;Alle Jahre wieder&#8221; intonieren. Das Verkehrsstudio informiert uns regelm\u00e4\u00dfig ganzt\u00e4gig, in welcher L\u00e4nge auf der K\u00f6hlbrandbr\u00fccke oder auf der A7 im Stau gestanden wird.<\/p>\n<p>Und wir erinnern uns an den letzten Sommer. Die Situation <a href=\"https:\/\/www.hamburg-fuer-die-elbe.de\/?p=2334\" target=\"_blank\">kulminierte im Juli 2014<\/a>: Unser Wirtschaftssenator und HPA-Aufsichtsratsvorsitzender Herr Frank Horch lud zu einem hochkar\u00e4tigen Hafengipfel mit der Haute Volaute der Hafenwirtschaft ein. Selbst Herr R\u00fcdiger Grube, Chef der Deutschen Bahn, reiste an.<\/p>\n<p><a href=\"http:\/\/universal_lexikon.deacademic.com\/226573\/Der_Berg_krei%C3%9Fte_und_gebar_eine_Maus\" target=\"_blank\" class=\"broken_link\">Der Berg krei\u00dfte und gebar eine Maus<\/a>! Herr Horch gab aber nur die Geburt eines M\u00e4uschens kund: \u201c<strong>Die Situation im Hamburger Hafen ist vielschichtig. Wir haben es einmal \u2026 mit erheblichen Steigerungsraten zu tun\u2026 Aber diese Tatsache verlangt auch von uns ein in die Zukunft gerichtetes Handeln, um eben die Qualit\u00e4tsmerkmale des Hamburgs Hafens, die Zuverl\u00e4ssigkeit des Hamburger Hafens sicherzustellen.<\/strong>\u201d Und dann wurde der <a href=\"http:\/\/www.google.de\/url?sa=t&amp;rct=j&amp;q=&amp;esrc=s&amp;source=web&amp;cd=1&amp;cad=rja&amp;uact=8&amp;ved=0CCQQqQIwAA&amp;url=http%3A%2F%2Fwww.abendblatt.de%2Fhamburg%2Farticle130059231%2FAbfertigungsstau-Hafenunternehmen-beschliessen-Aktionsplan.html&amp;ei=I2rAU5qrIOq90QXyvYDoDA&amp;usg=AFQjCNEAdVkxXv4uMW9hiVPjQNU7SBIpEg&amp;bvm=bv.70810081,d.d2k\" target=\"_blank\">Aktionsplan<\/a> geboren. Was f\u00fcr ein Mini-M\u00e4uschen&#8230;<\/p>\n<p>Ja, die Zeiten der erheblichen Steigerungsraten sind <a href=\"https:\/\/www.hamburg-fuer-die-elbe.de\/?p=6507\" target=\"_blank\">derzeit zum Stillstand<\/a> gekommen &#8211; trotzdem hat das Verkehrsstudio weiterhin m\u00e4chtig viel aus dem Hafen und \u00fcber seine Zugangsstra\u00dfen zu berichten. Was ist aus dem Aktionsplan geworden?<\/p>\n<p>Da hakt eine <a href=\"https:\/\/www.buergerschaft-hh.de\/ParlDok\/dokument\/48680\/staus-im-hamburger-hafen-%e2%80%93-langfristige-l%c3%b6sung-in-sicht-.pdf\" target=\"_blank\" class=\"broken_link\">schriftliche kleine Anfrage<\/a> in der B\u00fcrgerschaft nach und will wissen, was aus dem M\u00e4uschen von Herrn Horch geworden ist. Wir sind sehr gespannt, wie dieser uns nun erkl\u00e4rt, dass die morgendlichen Meldungen des Verkehrsfunks nur &#8220;Halluzinationen&#8221; und vielmehr Bestandteil eines staatlich gelenkten Gesundheits- und Sozialprogramms f\u00fcr im Stau stehende Trucker sind, denen in Zeiten des Booms einfach mal mit ein bi\u00dfchen F\u00fcrsorge die Einhaltung der Lenk-Ruhezeiten wieder etwas n\u00e4her gebracht werden sollen. Und das w\u00e4re doch wirklich nett von unserem Wirtschaftssenator Herrn Horch&#8230;! Oder?<\/p>\n","protected":false},"excerpt":{"rendered":"<p>Obwohl nicht Weihnachten ist, k\u00f6nnen wir angesichts der Stausituation im Hamburger Hafen &#8220;Alle Jahre wieder&#8221; intonieren. Das Verkehrsstudio informiert uns regelm\u00e4\u00dfig ganzt\u00e4gig, in welcher L\u00e4nge auf der K\u00f6hlbrandbr\u00fccke oder auf der A7 im Stau gestanden wird. Und wir erinnern uns an den letzten Sommer. Die Situation kulminierte im Juli 2014: Unser Wirtschaftssenator und HPA-Aufsichtsratsvorsitzender Herr &hellip; <a href=\"https:\/\/www.hamburg-fuer-die-elbe.de\/?p=6597\" class=\"more-link\"><span class=\"screen-reader-text\">Staus im Hafen<\/span> weiterlesen <span class=\"meta-nav\">&rarr;<\/span><\/a><\/p>\n","protected":false},"author":2,"featured_media":0,"comment_status":"closed","ping_status":"closed","sticky":false,"template":"","format":"standard","meta":{"footnotes":""},"categories":[1,10,152],"tags":[54,407],"_links":{"self":[{"href":"https:\/\/www.hamburg-fuer-die-elbe.de\/index.php?rest_route=\/wp\/v2\/posts\/6597"}],"collection":[{"href":"https:\/\/www.hamburg-fuer-die-elbe.de\/index.php?rest_route=\/wp\/v2\/posts"}],"about":[{"href":"https:\/\/www.hamburg-fuer-die-elbe.de\/index.php?rest_route=\/wp\/v2\/types\/post"}],"author":[{"embeddable":true,"href":"https:\/\/www.hamburg-fuer-die-elbe.de\/index.php?rest_route=\/wp\/v2\/users\/2"}],"replies":[{"embeddable":true,"href":"https:\/\/www.hamburg-fuer-die-elbe.de\/index.php?rest_route=%2Fwp%2Fv2%2Fcomments&post=6597"}],"version-history":[{"count":4,"href":"https:\/\/www.hamburg-fuer-die-elbe.de\/index.php?rest_route=\/wp\/v2\/posts\/6597\/revisions"}],"predecessor-version":[{"id":6608,"href":"https:\/\/www.hamburg-fuer-die-elbe.de\/index.php?rest_route=\/wp\/v2\/posts\/6597\/revisions\/6608"}],"wp:attachment":[{"href":"https:\/\/www.hamburg-fuer-die-elbe.de\/index.php?rest_route=%2Fwp%2Fv2%2Fmedia&parent=6597"}],"wp:term":[{"taxonomy":"category","embeddable":true,"href":"https:\/\/www.hamburg-fuer-die-elbe.de\/index.php?rest_route=%2Fwp%2Fv2%2Fcategories&post=6597"},{"taxonomy":"post_tag","embeddable":true,"href":"https:\/\/www.hamburg-fuer-die-elbe.de\/index.php?rest_route=%2Fwp%2Fv2%2Ftags&post=6597"}],"curies":[{"name":"wp","href":"https:\/\/api.w.org\/{rel}","templated":true}]}}