{"id":6640,"date":"2015-05-27T20:56:37","date_gmt":"2015-05-27T19:56:37","guid":{"rendered":"http:\/\/www.hamburg-fuer-die-elbe.de\/?p=6640"},"modified":"2016-03-24T08:00:24","modified_gmt":"2016-03-24T07:00:24","slug":"was-waere-in-hamburg","status":"publish","type":"post","link":"https:\/\/www.hamburg-fuer-die-elbe.de\/?p=6640","title":{"rendered":"Was w\u00e4re in Hamburg?"},"content":{"rendered":"<p>Es wirkt alles etwas hilflos, was wir in den Pressemeldungen von <a href=\"http:\/\/www.wsv.de\/ftp\/presse\/2015\/00178_2015.pdf\" target=\"_blank\">1,<\/a> <a href=\"http:\/\/www.wsv.de\/ftp\/presse\/2015\/00179_2015.pdf\" target=\"_blank\">2,<\/a> <a href=\"http:\/\/www.wsv.de\/ftp\/presse\/2015\/00180_2015.pdf\" target=\"_blank\">3,<\/a> <a href=\"http:\/\/www.wsv.de\/ftp\/presse\/2015\/00181_2015.pdf\" target=\"_blank\">4,<\/a> <a href=\"http:\/\/www.wsv.de\/ftp\/presse\/2015\/00182_2015.pdf\" target=\"_blank\">5 <\/a>bis<a href=\"http:\/\/www.wsv.de\/ftp\/presse\/2015\/00184_2015.pdf\" target=\"_blank\"> 6 <\/a>vom Havariekommando \u00fcber den Brand der &#8220;Purple Beach&#8221; lesen d\u00fcrfen.<\/p>\n<figure id=\"attachment_6643\" aria-describedby=\"caption-attachment-6643\" style=\"width: 300px\" class=\"wp-caption alignright\"><a href=\"https:\/\/www.hamburg-fuer-die-elbe.de\/wordpress\/wp-content\/uploads\/2015\/05\/Havariekommando.jpg\"><img loading=\"lazy\" decoding=\"async\" class=\"wp-image-6643 size-medium\" src=\"https:\/\/www.hamburg-fuer-die-elbe.de\/wordpress\/wp-content\/uploads\/2015\/05\/Havariekommando-300x225.jpg\" alt=\"Havariekommando\" width=\"300\" height=\"225\" srcset=\"https:\/\/www.hamburg-fuer-die-elbe.de\/wordpress\/wp-content\/uploads\/2015\/05\/Havariekommando-300x225.jpg 300w, https:\/\/www.hamburg-fuer-die-elbe.de\/wordpress\/wp-content\/uploads\/2015\/05\/Havariekommando.jpg 600w\" sizes=\"(max-width: 300px) 100vw, 300px\" \/><\/a><figcaption id=\"caption-attachment-6643\" class=\"wp-caption-text\">Quelle: Havariekommando<\/figcaption><\/figure>\n<p>Bereits am Pfingsmontag, 25.05., abends, ist die Havarie eingetreten. Heute, \u00fcber drei Tage sp\u00e4ter, ist die Rauchentwicklung zwar deutlich geringer, aber an Bord des Schiffes kann kein Mensch etwas ausrichten. Von unserer obersten Havariebeh\u00f6rde bekommen wir nicht das Gef\u00fchl vermittelt, das man dort, trotz gro\u00dfem pers\u00f6nlichen Engagements, alles im Griff hat. Wir h\u00f6ren nur: Sechzig Kilometer vom Havaristen entfernt sollen K\u00fcstenbewohner ihre Fenster schlie\u00dfen. Wegen Explosions- und Vergiftungsgefahr wird eine 5km-Sperrzohne eingerichtet.<\/p>\n<p>Wir stellen uns einen derartigen &#8220;Unfall&#8221; einfach mal <u>im Hamburger Hafen<\/u> vor.<\/p>\n<ul>\n<li>Bis L\u00fcbeck, Elmshorn und Soltau m\u00fcssen B\u00fcrger T\u00fcren und Fenster geschlossen halten &#8211; und auf neue Nachrichten warten.<\/li>\n<li>Wegen Explosions- und Vergiftungsgefahr wird eine 5km-Sperrzohne um den Havaristen eingerichtet.<\/li>\n<\/ul>\n<p><b>Gut, dass der Rot-Gr\u00fcne Hamburger Senat einen ausget\u00fcftelten Plan f\u00fcr die Evakuierung der Stadtgebiete bereit h\u00e4lt. <\/b>Wir zeigen Ihnen, was\u00a0 eine derartige 5km-Sperrzone f\u00fcr Hamburg bedeuten w\u00fcrde:<a href=\"https:\/\/www.hamburg-fuer-die-elbe.de\/wordpress\/wp-content\/uploads\/2015\/05\/Sperrzone-HH-5km.jpg\"><img loading=\"lazy\" decoding=\"async\" class=\" wp-image-6641 size-full aligncenter\" src=\"https:\/\/www.hamburg-fuer-die-elbe.de\/wordpress\/wp-content\/uploads\/2015\/05\/Sperrzone-HH-5km.jpg\" alt=\"Sperrzone HH 5km\" width=\"640\" height=\"289\" srcset=\"https:\/\/www.hamburg-fuer-die-elbe.de\/wordpress\/wp-content\/uploads\/2015\/05\/Sperrzone-HH-5km.jpg 640w, https:\/\/www.hamburg-fuer-die-elbe.de\/wordpress\/wp-content\/uploads\/2015\/05\/Sperrzone-HH-5km-300x135.jpg 300w\" sizes=\"(max-width: 640px) 100vw, 640px\" \/><\/a><\/p>\n<p>Und nun stellen wir uns diese Havarie im Hamburger Hafen vor&#8230; <strong>NEIN, das tun wir lieber nicht!<\/strong><\/p>\n<p>Aber unser Hamburger Senat kennt die &#8220;Purple Beach&#8221; schon seit einigen Jahren. Sie ist in Sachen Atomtransporte f\u00fcr ihn eine alte &#8220;Bekannte&#8221;: bis vor <a href=\"https:\/\/sand.blackblogs.org\/atomfrachtschiffe\/fahrtroute-walvis-baynamibia-hamburg\/\" target=\"_blank\">Kurzem transportierte sie noch Uranerzkonzentrat<\/a> aus Namibia, Walvis-Bay nach Hamburg. Letzter Anlauf war der 17. Juli 2013, wie wir auf den <a href=\"https:\/\/www.hafen-hamburg.de\/de\/schiff\/purple-beach-imo-9138135---3582\" target=\"_blank\">offiziellen Seiten des Hafens<\/a> nachlesen d\u00fcrfen.<\/p>\n<p>Zur Zeit f\u00e4hrt die &#8220;Purple Beach&#8221; f\u00fcr die Reederei MACS auf der Route \u201cMACS Transatlantic\u201d zwischen Europa\/Gro\u00df Britanninen (u.a. Bremen) und Mexiko\/US-amerikanischer Golfk\u00fcste. Was sie auf dieser Route geladen hat, ist uns nicht bekannt.<\/p>\n<p>Erinnern k\u00f6nnen wir dagegen noch sehr gut den Brand der &#8220;<a href=\"https:\/\/www.hamburg-fuer-die-elbe.de\/?p=1380\" target=\"_blank\">Atlantic Cartier<\/a>&#8221; in unmittelbarer Nachbarschaft zum Kirchentag in Hamburg am 1. und 2. Mai 2013 in Hamburg. Hamburg ist damals mit einem &#8220;blauen Auge&#8221; davon gekommen.<\/p>\n<p>Lehren aus diesem &#8220;Fast&#8221;-GAU hat unser Hamburger Senat keine gezogen. Unbehelligt geht der Atomumschlag in Hamburg mit Katastrophenschiffen weiter: Gestern hat die &#8220;<a href=\"https:\/\/www.hamburg-fuer-die-elbe.de\/?p=2731\" target=\"_blank\">Sheksna<\/a>&#8221; erneut <a href=\"https:\/\/sand.blackblogs.org\/2015\/05\/23\/atomtransport-mit-der-sheksna-am-26-5-in-hamburg-erwartet\/\" target=\"_blank\">atomare Fracht am S\u00fcdwestkai <\/a>in Nachbarschaft zur Hafencity umgeschlagen.Die &#8220;Purple Beach&#8221; qualmt weiter, wir schlagen in unmittelbarer N\u00e4he zur Hamburger Innenstadt &#8220;Yellow Cake&#8221; und &#8220;Uranhexafluorid&#8221; bei Firma Steinweg am S\u00fcdwestkai um und kl\u00e4ren die Umst\u00e4nde um den Brand der &#8220;Atlantic Cartier&#8221; weiterhin nicht \u00f6ffentlich auf. Feuerl\u00f6schboote brauchen wir nicht, oder erst in 2017. Alles prima im Hamburger Hafen.<\/p>\n<p>Ach ja, das Havariekommando ist eine <a href=\"http:\/\/www.havariekommando.de\/wir_ueber_uns\/index.html\" target=\"_blank\">gemeinsame Einrichtung des Bundes und der K\u00fcstenl\u00e4nder<\/a>. Hamburg ist also auch dran beteiligt. Das l\u00e4sst nichts Gutes erwarten&#8230;<\/p>\n","protected":false},"excerpt":{"rendered":"<p>Es wirkt alles etwas hilflos, was wir in den Pressemeldungen von 1, 2, 3, 4, 5 bis 6 vom Havariekommando \u00fcber den Brand der &#8220;Purple Beach&#8221; lesen d\u00fcrfen. Bereits am Pfingsmontag, 25.05., abends, ist die Havarie eingetreten. Heute, \u00fcber drei Tage sp\u00e4ter, ist die Rauchentwicklung zwar deutlich geringer, aber an Bord des Schiffes kann kein &hellip; <a href=\"https:\/\/www.hamburg-fuer-die-elbe.de\/?p=6640\" class=\"more-link\"><span class=\"screen-reader-text\">Was w\u00e4re in Hamburg?<\/span> weiterlesen <span class=\"meta-nav\">&rarr;<\/span><\/a><\/p>\n","protected":false},"author":6,"featured_media":0,"comment_status":"closed","ping_status":"closed","sticky":false,"template":"","format":"standard","meta":{"footnotes":""},"categories":[1,286],"tags":[76,357,178],"_links":{"self":[{"href":"https:\/\/www.hamburg-fuer-die-elbe.de\/index.php?rest_route=\/wp\/v2\/posts\/6640"}],"collection":[{"href":"https:\/\/www.hamburg-fuer-die-elbe.de\/index.php?rest_route=\/wp\/v2\/posts"}],"about":[{"href":"https:\/\/www.hamburg-fuer-die-elbe.de\/index.php?rest_route=\/wp\/v2\/types\/post"}],"author":[{"embeddable":true,"href":"https:\/\/www.hamburg-fuer-die-elbe.de\/index.php?rest_route=\/wp\/v2\/users\/6"}],"replies":[{"embeddable":true,"href":"https:\/\/www.hamburg-fuer-die-elbe.de\/index.php?rest_route=%2Fwp%2Fv2%2Fcomments&post=6640"}],"version-history":[{"count":6,"href":"https:\/\/www.hamburg-fuer-die-elbe.de\/index.php?rest_route=\/wp\/v2\/posts\/6640\/revisions"}],"predecessor-version":[{"id":9831,"href":"https:\/\/www.hamburg-fuer-die-elbe.de\/index.php?rest_route=\/wp\/v2\/posts\/6640\/revisions\/9831"}],"wp:attachment":[{"href":"https:\/\/www.hamburg-fuer-die-elbe.de\/index.php?rest_route=%2Fwp%2Fv2%2Fmedia&parent=6640"}],"wp:term":[{"taxonomy":"category","embeddable":true,"href":"https:\/\/www.hamburg-fuer-die-elbe.de\/index.php?rest_route=%2Fwp%2Fv2%2Fcategories&post=6640"},{"taxonomy":"post_tag","embeddable":true,"href":"https:\/\/www.hamburg-fuer-die-elbe.de\/index.php?rest_route=%2Fwp%2Fv2%2Ftags&post=6640"}],"curies":[{"name":"wp","href":"https:\/\/api.w.org\/{rel}","templated":true}]}}