{"id":6648,"date":"2015-06-01T07:33:58","date_gmt":"2015-06-01T06:33:58","guid":{"rendered":"http:\/\/www.hamburg-fuer-die-elbe.de\/?p=6648"},"modified":"2015-06-01T07:33:58","modified_gmt":"2015-06-01T06:33:58","slug":"lernunfaehig","status":"publish","type":"post","link":"https:\/\/www.hamburg-fuer-die-elbe.de\/?p=6648","title":{"rendered":"Lern(un)f\u00e4hig?"},"content":{"rendered":"<p>Irgendwie bekommt man den Eindruck, die politischen Entscheider, der Hamburger Senat, lernt nicht dazu.<\/p>\n<p>Am 28.05.2015 finden wir im Hamburger Abendblatt die \u00dcberschrift &#8220;<a href=\"http:\/\/www.google.de\/url?sa=t&amp;rct=j&amp;q=&amp;esrc=s&amp;source=web&amp;cd=1&amp;cad=rja&amp;uact=8&amp;ved=0CCMQqQIwAA&amp;url=http%3A%2F%2Fwww.abendblatt.de%2Fhamburg%2Farticle205343707%2FDer-A26-droht-die-Verschiebung-auf-den-Sanktnimmerleinstag.html&amp;ei=6FlnVYrUDceKsgHy8YPABA&amp;usg=AFQjCNHPvVM7SFj0246eeksrE-yFjKkkAQ&amp;bvm=bv.93990622,d.bGg\" target=\"_blank\">Der A26 droht die Verschiebung auf den Sanktnimmerleinstag<\/a>&#8221; (aktualisiert <a href=\"http:\/\/www.google.de\/url?sa=t&amp;rct=j&amp;q=&amp;esrc=s&amp;source=web&amp;cd=1&amp;cad=rja&amp;uact=8&amp;ved=0CCIQqQIwAA&amp;url=http%3A%2F%2Fwww.abendblatt.de%2Fhamburg%2Farticle205346103%2FDer-Nabu-und-die-A-26-zwischen-Klage-und-Kompromiss.html&amp;ei=XfprVcGUE4nX7Qb5koKQBw&amp;usg=AFQjCNHJ6Um2Sv3NOVnfdTi10yUvkoNuAw&amp;bvm=bv.94455598,d.ZGU\" target=\"_blank\">hier<\/a>). Was steckt dahinter?<\/p>\n<p><a href=\"https:\/\/www.hamburg-fuer-die-elbe.de\/wordpress\/wp-content\/uploads\/2015\/01\/InfotafelRosengarten2.jpg\" target=\"_blank\"><img loading=\"lazy\" decoding=\"async\" class=\"alignleft wp-image-4890 size-medium\" src=\"https:\/\/www.hamburg-fuer-die-elbe.de\/wordpress\/wp-content\/uploads\/2015\/01\/InfotafelRosengarten2-300x199.jpg\" alt=\"InfotafelRosengarten2\" width=\"300\" height=\"199\" srcset=\"https:\/\/www.hamburg-fuer-die-elbe.de\/wordpress\/wp-content\/uploads\/2015\/01\/InfotafelRosengarten2-300x199.jpg 300w, https:\/\/www.hamburg-fuer-die-elbe.de\/wordpress\/wp-content\/uploads\/2015\/01\/InfotafelRosengarten2.jpg 885w\" sizes=\"(max-width: 300px) 100vw, 300px\" \/><\/a><a href=\"https:\/\/www.hamburg-fuer-die-elbe.de\/?p=4885\" target=\"_blank\">Wir berichteten am 25.01.2015 <\/a>davon, dass die Verhandlungen zwischen Naturschutzverb\u00e4nden, Obstbauern und der Beh\u00f6rde f\u00fcr Wirtschaft, Verkehr und Innovation (BWVI) gescheitert sind. Die Umweltverb\u00e4nde hatten sich bereit erkl\u00e4rt, auf verschiedene Klagen gegen Planfeststellungsbeschl\u00fcsse, einschlie\u00dflich des Baus der A26, im S\u00fcderelberaum zu verzichten, wenn es gelingt, einen &#8220;<em>Interessenausgleich zwischen Obstbau und A26 auf der einen Seite und dem Naturschutz auf der anderen Seite zu erreichen. Dabei sollten mit der Errichtung eines Biotopkorridors in der S\u00fcderelbmarsch fr\u00fchere und aktuell drohende Naturverluste infolge mehrerer Planfeststellungsverfahren im S\u00fcderelberaum im Sinne eines tragbaren Kompromisses kompensiert werden. Ziel war ein dauerhafter und funktionsf\u00e4higer Biotopkorridor, der die Naturschutzgebiete Moorg\u00fcrtel und Westerweiden\/Alte S\u00fcderelbe miteinander verbindet.<\/em>&#8220;, k\u00f6nnen wir <a href=\"https:\/\/hamburg.nabu.de\/imperia\/md\/content\/hamburg\/geschaeftsstelle\/altesland\/2015_05_28_hintergrund_verhandlungsstand_s__derelberaum_final.pdf\" target=\"_blank\">in der Hintergrunderkl\u00e4rung zum Verhandlungsstand G\u00fcteverhandlung A26<\/a> lesen<\/p>\n<p>Die Verhandlungen scheiterten, weil die BWVI eine f\u00fcr den Biotopkorridor zentrale Gr\u00fcnfl\u00e4che langfristig an den Intensiv-Obstbau verpachtet hat. Und nun soll auch noch der Wald an den Vollh\u00f6fner Weiden, der ebenfalls Bestandteil des Korridors werden sollte, dem Hafennutzungsgebiet zugeordnet und somit abgeholzt werden. Damit wurde die Basis f\u00fcr Verhandlungen einseitig von Seiten der BWVI aufgek\u00fcndigt.<\/p>\n<p>Jetzt k\u00fcndigt der Nabu an, gegen alle Planfeststellungen (\u201eWasserwirtschaftliche Ma\u00dfnahmen im Gebiet des Sommerdeichverbandes (SDV) Francop und im SDV Vierzigst\u00fccken\u201c, \u201eHerstellung des Verbindungsgew\u00e4ssers Neuenfelde und wasserwirtschaftliche Ma\u00dfnahmen im SDV Rosengarten\u201c, \u201eWasserwirtschaftliche Ma\u00dfnahmen in den SV Neuenfelde und SV Viersielen\u201c) einschlie\u00dflich der &#8220;A26&#8221;-Trassenplanung Klage einzureichen. Und die Chancen sollen f\u00fcr den Verband nicht schlecht stehen. Bei der Planung der Trassenf\u00fchrung der A26 wurden die Umweltverb\u00e4nde nicht eingebunden und somit konnte nicht fr\u00fchzeitig \u00fcber Alternativen vehandelt werden. Die insgesamt 5 Ma\u00dfnahmen bedeuten einen immensen Eingriff in den Naturraum der nicht ortsnah ausgeglichen wird. Feuchtgr\u00fcnland wird durch die Zusch\u00fcttung von insgesamt 65 km Gr\u00e4ben unwiederbringlich zerst\u00f6rt und bedrohte und gesch\u00fctzte Amphibien-, Brutvogel- und Fischarten werden dauerhaft vertrieben.<\/p>\n<p>Und, aufgepasst: Die Konfrontation geht hier nicht von den Umweltverb\u00e4nden aus, der Senat, vertreten durch die BWVI schafft Fakten, die NULL Verhandlungsbereitschaft signaliseren.<\/p>\n<p>Diese Verhalten, und das wahrscheinliche Scheitern vor Gericht, ist nichts Neues. Erinnern Sie sich an die <a href=\"http:\/\/www.google.de\/url?sa=t&amp;rct=j&amp;q=&amp;esrc=s&amp;source=web&amp;cd=1&amp;cad=rja&amp;uact=8&amp;ved=0CCUQqQIwAA&amp;url=http%3A%2F%2Fwww.abendblatt.de%2Fhamburg%2Farticle134055463%2FHamburg-unterliegt-vor-Gericht-kommt-jetzt-die-City-Maut.html&amp;ei=QdhbVIbyNIf1OOqXgcAG&amp;usg=AFQjCNHaHvoV71Ry8wUuUuV7GtYwL_M7Ng&amp;bvm=bv.78677474,d.ZWU\" target=\"_blank\">Klage des Anwohners an der Max-Brauer-Allee<\/a> bez\u00fcglich der Luftbelastungen? Die Stadt h\u00e4lt es nicht f\u00fcr notwendig, etwas f\u00fcr eine bessere Luft in Hamburg zu tun. Sie wollte gegen den verlorenen Prozess sogar vorgehen. Von einem Gericht wolle man sich keine Vorschriften machen lassen, was Hamburg f\u00fcr eine Verbesserung der innerst\u00e4dtischen Luftqualit\u00e4t tut.<\/p>\n<p>Und <a href=\"https:\/\/www.hamburg-fuer-die-elbe.de\/?p=3630\" target=\"_blank\">bei der Elbvertiefung<\/a>? Auch dort Ignoranz gegen\u00fcber Gesetzen und Vorschriften zum Schutz der Natur, mit dem Ergebnis, dass die geplante Ma\u00dfnahme vor dem Bundesverwaltungsgericht gelandet ist. Und dort hat die Stadt (aber auch der Bund) als Tr\u00e4ger der Ma\u00dfnahme keine gute Figur in Bezug auf den Umweltschutz gemacht.<\/p>\n<p>Der Diletantismus des Hamburger Senats bei den beispielhaft aufgef\u00fchrten F\u00e4llen macht auf uns den Eindruck, dass die politischen Verantwortlichen in Hamburg nicht lernf\u00e4hig sind. Immer wieder und wieder versuchen sie mit dem Kopf durch die Wand zu kommen, indem sie s\u00e4mtliche Vorschriften zu Gunsten einer diffusen Wirtschaftselite ignorieren. Vielleicht ist das ja der Grund: Wer st\u00e4ndig mit dem Kopf anst\u00f6\u00dft, bekommt vielleicht eine matschige Birne?<\/p>\n","protected":false},"excerpt":{"rendered":"<p>Irgendwie bekommt man den Eindruck, die politischen Entscheider, der Hamburger Senat, lernt nicht dazu. Am 28.05.2015 finden wir im Hamburger Abendblatt die \u00dcberschrift &#8220;Der A26 droht die Verschiebung auf den Sanktnimmerleinstag&#8221; (aktualisiert hier). Was steckt dahinter? Wir berichteten am 25.01.2015 davon, dass die Verhandlungen zwischen Naturschutzverb\u00e4nden, Obstbauern und der Beh\u00f6rde f\u00fcr Wirtschaft, Verkehr und Innovation &hellip; <a href=\"https:\/\/www.hamburg-fuer-die-elbe.de\/?p=6648\" class=\"more-link\"><span class=\"screen-reader-text\">Lern(un)f\u00e4hig?<\/span> weiterlesen <span class=\"meta-nav\">&rarr;<\/span><\/a><\/p>\n","protected":false},"author":3,"featured_media":0,"comment_status":"closed","ping_status":"closed","sticky":false,"template":"","format":"standard","meta":{"footnotes":""},"categories":[1,138],"tags":[408,404,312,313,405],"_links":{"self":[{"href":"https:\/\/www.hamburg-fuer-die-elbe.de\/index.php?rest_route=\/wp\/v2\/posts\/6648"}],"collection":[{"href":"https:\/\/www.hamburg-fuer-die-elbe.de\/index.php?rest_route=\/wp\/v2\/posts"}],"about":[{"href":"https:\/\/www.hamburg-fuer-die-elbe.de\/index.php?rest_route=\/wp\/v2\/types\/post"}],"author":[{"embeddable":true,"href":"https:\/\/www.hamburg-fuer-die-elbe.de\/index.php?rest_route=\/wp\/v2\/users\/3"}],"replies":[{"embeddable":true,"href":"https:\/\/www.hamburg-fuer-die-elbe.de\/index.php?rest_route=%2Fwp%2Fv2%2Fcomments&post=6648"}],"version-history":[{"count":3,"href":"https:\/\/www.hamburg-fuer-die-elbe.de\/index.php?rest_route=\/wp\/v2\/posts\/6648\/revisions"}],"predecessor-version":[{"id":6690,"href":"https:\/\/www.hamburg-fuer-die-elbe.de\/index.php?rest_route=\/wp\/v2\/posts\/6648\/revisions\/6690"}],"wp:attachment":[{"href":"https:\/\/www.hamburg-fuer-die-elbe.de\/index.php?rest_route=%2Fwp%2Fv2%2Fmedia&parent=6648"}],"wp:term":[{"taxonomy":"category","embeddable":true,"href":"https:\/\/www.hamburg-fuer-die-elbe.de\/index.php?rest_route=%2Fwp%2Fv2%2Fcategories&post=6648"},{"taxonomy":"post_tag","embeddable":true,"href":"https:\/\/www.hamburg-fuer-die-elbe.de\/index.php?rest_route=%2Fwp%2Fv2%2Ftags&post=6648"}],"curies":[{"name":"wp","href":"https:\/\/api.w.org\/{rel}","templated":true}]}}