{"id":6727,"date":"2015-06-05T09:17:26","date_gmt":"2015-06-05T08:17:26","guid":{"rendered":"http:\/\/www.hamburg-fuer-die-elbe.de\/?p=6727"},"modified":"2015-12-27T13:08:32","modified_gmt":"2015-12-27T12:08:32","slug":"eroerterungstermin-westerweiterung","status":"publish","type":"post","link":"https:\/\/www.hamburg-fuer-die-elbe.de\/?p=6727","title":{"rendered":"Er\u00f6rterungstermin Westerweiterung"},"content":{"rendered":"<p><a href=\"https:\/\/www.hamburg-fuer-die-elbe.de\/wordpress\/wp-content\/uploads\/2014\/10\/HamburgCTH1.jpg\" target=\"_blank\"><img loading=\"lazy\" decoding=\"async\" class=\"alignright wp-image-3346 size-medium\" src=\"https:\/\/www.hamburg-fuer-die-elbe.de\/wordpress\/wp-content\/uploads\/2014\/10\/HamburgCTH1-300x212.jpg\" alt=\"CTH Hamburg\" width=\"300\" height=\"212\" srcset=\"https:\/\/www.hamburg-fuer-die-elbe.de\/wordpress\/wp-content\/uploads\/2014\/10\/HamburgCTH1-300x212.jpg 300w, https:\/\/www.hamburg-fuer-die-elbe.de\/wordpress\/wp-content\/uploads\/2014\/10\/HamburgCTH1-1024x723.jpg 1024w, https:\/\/www.hamburg-fuer-die-elbe.de\/wordpress\/wp-content\/uploads\/2014\/10\/HamburgCTH1-900x636.jpg 900w, https:\/\/www.hamburg-fuer-die-elbe.de\/wordpress\/wp-content\/uploads\/2014\/10\/HamburgCTH1.jpg 1594w\" sizes=\"(max-width: 300px) 100vw, 300px\" \/><\/a>Das Planfeststellungsverfahren zur <a href=\"https:\/\/www.hamburg-fuer-die-elbe.de\/?page_id=5027\" target=\"_blank\">Westerweiterung CTH-Eurogate<\/a> geht in die n\u00e4chste Runde. In dieser Woche haben einige Einwender unserer B\u00fcrgerinitiative ein auf den 01.06.2015 datierendes Schreiben der Beh\u00f6rde f\u00fcr Wirtschaft, Verkehr und Innovation erhalten, in dem der Er\u00f6rterungstermin am<\/p>\n<p><strong>22. Juni 2015 um 10:00 Uhr<\/strong> ,<br \/>\nin das Auditorium der Katholischen Akademie,<br \/>\nHerrengraben 4<br \/>\n20459 Hamburg<\/p>\n<p>bekanntgegeben wurde. Das <a href=\"https:\/\/www.hamburg-fuer-die-elbe.de\/wordpress\/wp-content\/uploads\/2015\/06\/errterung-20150622.pdf\">anonymisierte Schreiben der Beh\u00f6rde finden Sie hier<\/a>.<\/p>\n<p>Eine \u00f6ffentliche Bekanntmachung dieses Er\u00f6rterungstermine haben wir bislang nicht gefunden. Wir bitten Einwenderinnen und Einwender um R\u00fcckmeldung, ob Sie ein gleichlautendes Schreiben erhalten haben, oder nicht.<\/p>\n","protected":false},"excerpt":{"rendered":"<p>Das Planfeststellungsverfahren zur Westerweiterung CTH-Eurogate geht in die n\u00e4chste Runde. In dieser Woche haben einige Einwender unserer B\u00fcrgerinitiative ein auf den 01.06.2015 datierendes Schreiben der Beh\u00f6rde f\u00fcr Wirtschaft, Verkehr und Innovation erhalten, in dem der Er\u00f6rterungstermin am 22. Juni 2015 um 10:00 Uhr , in das Auditorium der Katholischen Akademie, Herrengraben 4 20459 Hamburg bekanntgegeben &hellip; <a href=\"https:\/\/www.hamburg-fuer-die-elbe.de\/?p=6727\" class=\"more-link\"><span class=\"screen-reader-text\">Er\u00f6rterungstermin Westerweiterung<\/span> weiterlesen <span class=\"meta-nav\">&rarr;<\/span><\/a><\/p>\n","protected":false},"author":2,"featured_media":0,"comment_status":"closed","ping_status":"closed","sticky":false,"template":"","format":"standard","meta":{"footnotes":""},"categories":[1],"tags":[18,43,409,62,313,19],"_links":{"self":[{"href":"https:\/\/www.hamburg-fuer-die-elbe.de\/index.php?rest_route=\/wp\/v2\/posts\/6727"}],"collection":[{"href":"https:\/\/www.hamburg-fuer-die-elbe.de\/index.php?rest_route=\/wp\/v2\/posts"}],"about":[{"href":"https:\/\/www.hamburg-fuer-die-elbe.de\/index.php?rest_route=\/wp\/v2\/types\/post"}],"author":[{"embeddable":true,"href":"https:\/\/www.hamburg-fuer-die-elbe.de\/index.php?rest_route=\/wp\/v2\/users\/2"}],"replies":[{"embeddable":true,"href":"https:\/\/www.hamburg-fuer-die-elbe.de\/index.php?rest_route=%2Fwp%2Fv2%2Fcomments&post=6727"}],"version-history":[{"count":6,"href":"https:\/\/www.hamburg-fuer-die-elbe.de\/index.php?rest_route=\/wp\/v2\/posts\/6727\/revisions"}],"predecessor-version":[{"id":8960,"href":"https:\/\/www.hamburg-fuer-die-elbe.de\/index.php?rest_route=\/wp\/v2\/posts\/6727\/revisions\/8960"}],"wp:attachment":[{"href":"https:\/\/www.hamburg-fuer-die-elbe.de\/index.php?rest_route=%2Fwp%2Fv2%2Fmedia&parent=6727"}],"wp:term":[{"taxonomy":"category","embeddable":true,"href":"https:\/\/www.hamburg-fuer-die-elbe.de\/index.php?rest_route=%2Fwp%2Fv2%2Fcategories&post=6727"},{"taxonomy":"post_tag","embeddable":true,"href":"https:\/\/www.hamburg-fuer-die-elbe.de\/index.php?rest_route=%2Fwp%2Fv2%2Ftags&post=6727"}],"curies":[{"name":"wp","href":"https:\/\/api.w.org\/{rel}","templated":true}]}}