{"id":6796,"date":"2015-06-11T00:08:11","date_gmt":"2015-06-10T23:08:11","guid":{"rendered":"http:\/\/www.hamburg-fuer-die-elbe.de\/?p=6796"},"modified":"2017-01-26T20:02:34","modified_gmt":"2017-01-26T18:02:34","slug":"arbeitsplatzverluste","status":"publish","type":"post","link":"https:\/\/www.hamburg-fuer-die-elbe.de\/?p=6796","title":{"rendered":"Know-how-Verluste"},"content":{"rendered":"<p>Am Montag lud die<a href=\"https:\/\/www.hk24.de\/servicemarken\/presse\/pressemeldungen\/Neuer_Inhalt06-08-15-PM-Schifffahrtsdialog\/2484564\" target=\"_blank\"> Hamburger Handelskammer zum 4. Hamburger Schifffahrtsdialog<\/a>, gemeinsam mit der <a href=\"http:\/\/www.hamburg.de\/bwvi\/wir-ueber-uns\/\" target=\"_blank\">Beh\u00f6rde f\u00fcr Wirtschaft, Verkehr und Innovation<\/a> (BWVI), dem <a href=\"http:\/\/www.bmwi.de\/Navigation\/DE\/Home\/home.html\" target=\"_blank\">Bundesministerium f\u00fcr Wirtschaft und Energie<\/a> (BMWi), dem <a href=\"http:\/\/www.reederverband.de\/\" target=\"_blank\">Verband Deuts<\/a><a class=\"alignnone\" href=\"https:\/\/www.hamburg-fuer-die-elbe.de\/wordpress\/wp-content\/uploads\/2014\/12\/Handelskammer1.jpg\"><img loading=\"lazy\" decoding=\"async\" class=\" wp-image-4611 alignright\" src=\"https:\/\/www.hamburg-fuer-die-elbe.de\/wordpress\/wp-content\/uploads\/2014\/12\/Handelskammer1-300x228.jpg\" alt=\"Handelskammer1\" width=\"279\" height=\"212\" srcset=\"https:\/\/www.hamburg-fuer-die-elbe.de\/wordpress\/wp-content\/uploads\/2014\/12\/Handelskammer1-300x228.jpg 300w, https:\/\/www.hamburg-fuer-die-elbe.de\/wordpress\/wp-content\/uploads\/2014\/12\/Handelskammer1-900x683.jpg 900w, https:\/\/www.hamburg-fuer-die-elbe.de\/wordpress\/wp-content\/uploads\/2014\/12\/Handelskammer1.jpg 946w\" sizes=\"(max-width: 279px) 100vw, 279px\" \/><\/a><a href=\"http:\/\/www.reederverband.de\/\" target=\"_blank\">cher Reeder<\/a> (VDR) und dem <a href=\"https:\/\/www.hamburg-fuer-die-elbe.de\/?p=4066\" target=\"_blank\">Zentralverband Deutscher Schiffsmakler <\/a>(ZDS). Hauptthemen waren Umweltbelastungen durch die Schifffahrt und Sicherung des maritimen Know-how. Und was kommt dabei heraus?<\/p>\n<p>Einhellig jammern die Gro\u00dfkopferten \u00fcber vermeintlich zu hohe Lohnneben- und Versicherungskosten f\u00fcr deutsche Reedereien. Das f\u00fchre zu zunehmender Ausflaggung und immer weniger gut ausgebildeten deutschen Seeleuten. Daher m\u00fcsse jetzt dringend eine Entlastung f\u00fcr die Reedereien geschaffen werden. Nur dann k\u00f6nne sicher gestellt werden, dass weiterhin Seeleute nach deutschen Standards ausgebildet und auf Fahrt gehen k\u00f6nnen. Selbstverst\u00e4ndlich \u00fcbernehmen die bekannten Zeitungen (<a href=\"http:\/\/www.google.de\/url?sa=t&amp;rct=j&amp;q=&amp;esrc=s&amp;source=web&amp;cd=1&amp;cad=rja&amp;uact=8&amp;ved=0CCMQqQIwAA&amp;url=http%3A%2F%2Fwww.abendblatt.de%2Fhamburg%2Farticle205369509%2FWirtschaftssenator-warnt-vor-Arbeitsplatzverlust-auf-See.html&amp;ei=MAF2VdTkKebfywO56IGgDw&amp;usg=AFQjCNFXukWOXoZAPHvdyLHBPqlfSlRviQ&amp;bvm=bv.95039771,d.bGQ\" target=\"_blank\">Abendblatt<\/a> gleich <a href=\"http:\/\/www.google.de\/url?sa=t&amp;rct=j&amp;q=&amp;esrc=s&amp;source=web&amp;cd=1&amp;cad=rja&amp;uact=8&amp;ved=0CCIQFjAAahUKEwiDwtHz9YXGAhUk8XIKHXepAFk&amp;url=http%3A%2F%2Fwww.abendblatt.de%2Fwirtschaft%2Farticle205372013%2FEntlastung-fuer-deutsche-Reeder-gefordert.html&amp;ei=Eph4VYPxLqTiywP30oLIBQ&amp;usg=AFQjCNFohZ0dFDNSlpPZhALDVycU83WaWA&amp;bvm=bv.95277229,d.bGQ\" target=\"_blank\">zweimal<\/a>, <a href=\"http:\/\/www.zeit.de\/hamburg\/aktuell\/2015-06\/08\/schifffahrt-wirtschaftssenator-warnt-vor-arbeitsplatzverlust-auf-see-08131008\" target=\"_blank\">ZEIT<\/a>) unhinterfragt die Forderungen nach steuerlichen Verg\u00fcnstigungen f\u00fcr die Schifffahrt.<\/p>\n<p><a href=\"https:\/\/www.hamburg-fuer-die-elbe.de\/wordpress\/wp-content\/uploads\/2014\/10\/Rathaus1.jpg\" target=\"_blank\"><img loading=\"lazy\" decoding=\"async\" class=\" alignleft wp-image-3285\" src=\"https:\/\/www.hamburg-fuer-die-elbe.de\/wordpress\/wp-content\/uploads\/2014\/10\/Rathaus1-196x300.jpg\" alt=\"Rathaus1\" width=\"139\" height=\"213\" srcset=\"https:\/\/www.hamburg-fuer-die-elbe.de\/wordpress\/wp-content\/uploads\/2014\/10\/Rathaus1-196x300.jpg 196w, https:\/\/www.hamburg-fuer-die-elbe.de\/wordpress\/wp-content\/uploads\/2014\/10\/Rathaus1-670x1024.jpg 670w, https:\/\/www.hamburg-fuer-die-elbe.de\/wordpress\/wp-content\/uploads\/2014\/10\/Rathaus1-900x1375.jpg 900w, https:\/\/www.hamburg-fuer-die-elbe.de\/wordpress\/wp-content\/uploads\/2014\/10\/Rathaus1.jpg 1032w\" sizes=\"(max-width: 139px) 100vw, 139px\" \/><\/a>Doch rechnen wir mal &#8220;platt&#8221; nach:<br \/>\nLaut einer Ver\u00f6ffentlichung\u00a0 des VDR (wurde im Internet zur\u00fcckgezogen &#8211; alternativ die <a href=\"http:\/\/www.bsh.de\/de\/Schifffahrt\/Berufsschifffahrt\/Deutsche_Handelsflotte\/Handelsfl._Mon.pdf\">BSH-Statistik<\/a>) fahren weltweit nur noch 183 Containerschiffe unter deutscher Flagge (Stand 2014). Um das zu d\u00fcrfen, m\u00fcssen u.a. mindestens 4 Seeleute mit deutschem Pass auf dem Schiff besch\u00e4ftigt werden (<a href=\"https:\/\/www.hamburg-fuer-die-elbe.de\/?p=4312\" target=\"_blank\">wir berichteten<\/a>). Wenn wir davon ausgehen, dass die Reeder nur das Mindestma\u00df erf\u00fcllen, sprechen wir von 732 Arbeitspl\u00e4tzen, die in Gefahr sind. Eine der \u00c4nderungen, die von der Schiffswirtschaft gefordert wird, hei\u00dft, dass nur noch mindestens zwei Seeleute einen deutschen Pass haben m\u00fcssen. Damit k\u00f6nnte die Anzahl der Arbeitspl\u00e4tze auf den 183 Schiffen mal eben auf 366 reduziert werden. Nur um die Arbeitspl\u00e4tze zu erhalten, m\u00fcssten 183 Containerschiffe wieder in Deutschland eingeflaggt werden. F\u00fcr wie wahrscheinlich halten Sie das? In der Konsequenz bedeuten die Forderungen doch weniger Versicherungs- und Einkommenssteuereinnahmen. Was soll eine solch unsinnige Subvention, die auch noch von Herrn Frank Horch (Hamburg) und Herrn Uwe Beckmeyer (Bund) unterst\u00fctzt wird?<\/p>\n<p>Gleichzeitig vernichtet der Billigimport von Waren aus Asien per Containerschiff in Deutschland tausende Arbeitspl\u00e4tze. Niemand diskutiert \u00fcber diesen Wahnsinn und fordert ein Umdenken in Politik und Gesellschaft \u00fcber diese Frage. Gut ausgebildete Facharbeiter in Industrie und Handwerk gingen und gehen verloren, Deutschland verliert Know-how auf ganzer Linie. Es ist billiger, einen neuen Wasserkocher zu kaufen, als ihn reparieren zu lassen. Dasselbe gilt f\u00fcr Drucker, Computer, Fernseher, Waschmaschinen&#8230;<\/p>\n<p>Ach ja, die obligatorische Forderung nach der 9. Elbvertiefung (eine zus\u00e4tzliche Umweltbelastung) ist nat\u00fcrlich auch wieder auf dem Tisch gewesen. Interessanterweise hat Herr Fritz Horst Melsheimer, Pr\u00e4ses der Handelskammer das Zeitfenster verschoben: <em>&#8220;Ich hoffe auf f\u00fcr die Hamburger Wirtschaft positives Urteil zur Fahrrinnenanpassung der Elbe bis sp\u00e4testens Anfang kommenden Jahres&#8221;, sagte Melsheimer.&#8221;<\/em> Der Optimismus scheint langsam dem Realit\u00e4tssinn zu weichen.<\/p>\n<p>&nbsp;<\/p>\n<p>&nbsp;<\/p>\n","protected":false},"excerpt":{"rendered":"<p>Am Montag lud die Hamburger Handelskammer zum 4. Hamburger Schifffahrtsdialog, gemeinsam mit der Beh\u00f6rde f\u00fcr Wirtschaft, Verkehr und Innovation (BWVI), dem Bundesministerium f\u00fcr Wirtschaft und Energie (BMWi), dem Verband Deutscher Reeder (VDR) und dem Zentralverband Deutscher Schiffsmakler (ZDS). Hauptthemen waren Umweltbelastungen durch die Schifffahrt und Sicherung des maritimen Know-how. Und was kommt dabei heraus? Einhellig &hellip; <a href=\"https:\/\/www.hamburg-fuer-die-elbe.de\/?p=6796\" class=\"more-link\"><span class=\"screen-reader-text\">Know-how-Verluste<\/span> weiterlesen <span class=\"meta-nav\">&rarr;<\/span><\/a><\/p>\n","protected":false},"author":3,"featured_media":0,"comment_status":"closed","ping_status":"closed","sticky":false,"template":"","format":"standard","meta":{"footnotes":""},"categories":[1],"tags":[266,314,168,354,267,242],"_links":{"self":[{"href":"https:\/\/www.hamburg-fuer-die-elbe.de\/index.php?rest_route=\/wp\/v2\/posts\/6796"}],"collection":[{"href":"https:\/\/www.hamburg-fuer-die-elbe.de\/index.php?rest_route=\/wp\/v2\/posts"}],"about":[{"href":"https:\/\/www.hamburg-fuer-die-elbe.de\/index.php?rest_route=\/wp\/v2\/types\/post"}],"author":[{"embeddable":true,"href":"https:\/\/www.hamburg-fuer-die-elbe.de\/index.php?rest_route=\/wp\/v2\/users\/3"}],"replies":[{"embeddable":true,"href":"https:\/\/www.hamburg-fuer-die-elbe.de\/index.php?rest_route=%2Fwp%2Fv2%2Fcomments&post=6796"}],"version-history":[{"count":13,"href":"https:\/\/www.hamburg-fuer-die-elbe.de\/index.php?rest_route=\/wp\/v2\/posts\/6796\/revisions"}],"predecessor-version":[{"id":11177,"href":"https:\/\/www.hamburg-fuer-die-elbe.de\/index.php?rest_route=\/wp\/v2\/posts\/6796\/revisions\/11177"}],"wp:attachment":[{"href":"https:\/\/www.hamburg-fuer-die-elbe.de\/index.php?rest_route=%2Fwp%2Fv2%2Fmedia&parent=6796"}],"wp:term":[{"taxonomy":"category","embeddable":true,"href":"https:\/\/www.hamburg-fuer-die-elbe.de\/index.php?rest_route=%2Fwp%2Fv2%2Fcategories&post=6796"},{"taxonomy":"post_tag","embeddable":true,"href":"https:\/\/www.hamburg-fuer-die-elbe.de\/index.php?rest_route=%2Fwp%2Fv2%2Ftags&post=6796"}],"curies":[{"name":"wp","href":"https:\/\/api.w.org\/{rel}","templated":true}]}}