{"id":6874,"date":"2015-06-17T18:36:51","date_gmt":"2015-06-17T17:36:51","guid":{"rendered":"http:\/\/www.hamburg-fuer-die-elbe.de\/?p=6874"},"modified":"2015-06-17T18:37:29","modified_gmt":"2015-06-17T17:37:29","slug":"8-elbekirchentag","status":"publish","type":"post","link":"https:\/\/www.hamburg-fuer-die-elbe.de\/?p=6874","title":{"rendered":"8. Elbekirchentag"},"content":{"rendered":"<p>Der achte Elbekirchentag findet am 12. September 2015 in<a href=\"https:\/\/www.hamburg-fuer-die-elbe.de\/wordpress\/wp-content\/uploads\/2014\/07\/WP_20140713_10_11_50_Internet.jpg\" target=\"_blank\"><img loading=\"lazy\" decoding=\"async\" class=\"alignright wp-image-2532 size-medium\" src=\"https:\/\/www.hamburg-fuer-die-elbe.de\/wordpress\/wp-content\/uploads\/2014\/07\/WP_20140713_10_11_50_Internet-300x220.jpg\" alt=\"WP_20140713_10_11_50_Internet\" width=\"300\" height=\"220\" srcset=\"https:\/\/www.hamburg-fuer-die-elbe.de\/wordpress\/wp-content\/uploads\/2014\/07\/WP_20140713_10_11_50_Internet-300x220.jpg 300w, https:\/\/www.hamburg-fuer-die-elbe.de\/wordpress\/wp-content\/uploads\/2014\/07\/WP_20140713_10_11_50_Internet.jpg 680w\" sizes=\"(max-width: 300px) 100vw, 300px\" \/><\/a> Dessau statt. Wir erinnern uns an den <a href=\"https:\/\/www.hamburg-fuer-die-elbe.de\/?p=2345\" target=\"_blank\">letzten Elbekirchentag in Magdeburg<\/a> und m\u00f6chten die Einladung auch an Sie als Anwohner der Unterelbe weitergeben und Sie\u00a0 zu einer Teilnahme auffordern.<\/p>\n<p>Das Programm des Elbekirchentages und Angaben zum Veranstaltungsort in Dessau finden Sie auf der Internetseite <a href=\"http:\/\/www.elbekirchentag.de\/Programm\" target=\"_blank\" class=\"broken_link\">www.elbekirchentag.de<\/a>.<\/p>\n<p>Das diesj\u00e4hrige Motto lautet &#8220;Die Elbe im Fluss&#8221;:<br \/>\n&#8220;<em>Viele Menschen entlang der Elbe sehen den Fluss und seine Auen als Teil der Sch\u00f6pfung, den es zu erhalten gilt. Die Bem\u00fchungen, aus der Elbe eine ganzj\u00e4hrig befahrbare Wasserstra\u00dfe zu machen, waren bislang erfolglos. Dazu fehlt oft das notwendige Wasser, wie vor zwei Jahren auf einer Flusskonferenz in Magdeburg \u00f6ffentlich wurde. Andererseits wissen die Elbanrainer von der verheerenden Kraft des Flusses bei Hochwasser. Nun stellt sich die Frage nach der Zukunft des Flusses: Wie soll die Elbe in 20, 30 oder 50 Jahren aussehen? Die Kirchen entlang der Elbe engagieren sich in \u00f6kumenischer Gemeinschaft seit \u00fcber zwei Jahrzehnten f\u00fcr den Schutz der Elbe. Ihr Anliegen ist es, zwischen unterschiedlichen Interessen zu vermitteln. Dazu sollen die Elbekirchentage beitragen.<\/em>&#8220;<\/p>\n","protected":false},"excerpt":{"rendered":"<p>Der achte Elbekirchentag findet am 12. September 2015 in Dessau statt. Wir erinnern uns an den letzten Elbekirchentag in Magdeburg und m\u00f6chten die Einladung auch an Sie als Anwohner der Unterelbe weitergeben und Sie\u00a0 zu einer Teilnahme auffordern. Das Programm des Elbekirchentages und Angaben zum Veranstaltungsort in Dessau finden Sie auf der Internetseite www.elbekirchentag.de. Das &hellip; <a href=\"https:\/\/www.hamburg-fuer-die-elbe.de\/?p=6874\" class=\"more-link\"><span class=\"screen-reader-text\">8. Elbekirchentag<\/span> weiterlesen <span class=\"meta-nav\">&rarr;<\/span><\/a><\/p>\n","protected":false},"author":2,"featured_media":0,"comment_status":"closed","ping_status":"closed","sticky":false,"template":"","format":"standard","meta":{"footnotes":""},"categories":[1,9],"tags":[413],"_links":{"self":[{"href":"https:\/\/www.hamburg-fuer-die-elbe.de\/index.php?rest_route=\/wp\/v2\/posts\/6874"}],"collection":[{"href":"https:\/\/www.hamburg-fuer-die-elbe.de\/index.php?rest_route=\/wp\/v2\/posts"}],"about":[{"href":"https:\/\/www.hamburg-fuer-die-elbe.de\/index.php?rest_route=\/wp\/v2\/types\/post"}],"author":[{"embeddable":true,"href":"https:\/\/www.hamburg-fuer-die-elbe.de\/index.php?rest_route=\/wp\/v2\/users\/2"}],"replies":[{"embeddable":true,"href":"https:\/\/www.hamburg-fuer-die-elbe.de\/index.php?rest_route=%2Fwp%2Fv2%2Fcomments&post=6874"}],"version-history":[{"count":3,"href":"https:\/\/www.hamburg-fuer-die-elbe.de\/index.php?rest_route=\/wp\/v2\/posts\/6874\/revisions"}],"predecessor-version":[{"id":6877,"href":"https:\/\/www.hamburg-fuer-die-elbe.de\/index.php?rest_route=\/wp\/v2\/posts\/6874\/revisions\/6877"}],"wp:attachment":[{"href":"https:\/\/www.hamburg-fuer-die-elbe.de\/index.php?rest_route=%2Fwp%2Fv2%2Fmedia&parent=6874"}],"wp:term":[{"taxonomy":"category","embeddable":true,"href":"https:\/\/www.hamburg-fuer-die-elbe.de\/index.php?rest_route=%2Fwp%2Fv2%2Fcategories&post=6874"},{"taxonomy":"post_tag","embeddable":true,"href":"https:\/\/www.hamburg-fuer-die-elbe.de\/index.php?rest_route=%2Fwp%2Fv2%2Ftags&post=6874"}],"curies":[{"name":"wp","href":"https:\/\/api.w.org\/{rel}","templated":true}]}}