{"id":7072,"date":"2015-07-02T19:58:01","date_gmt":"2015-07-02T18:58:01","guid":{"rendered":"http:\/\/www.hamburg-fuer-die-elbe.de\/?p=7072"},"modified":"2016-12-23T10:20:30","modified_gmt":"2016-12-23T08:20:30","slug":"nachlese-zum-eugh","status":"publish","type":"post","link":"https:\/\/www.hamburg-fuer-die-elbe.de\/?p=7072","title":{"rendered":"Nachlese zum EuGH"},"content":{"rendered":"<figure id=\"attachment_7079\" aria-describedby=\"caption-attachment-7079\" style=\"width: 300px\" class=\"wp-caption alignright\"><a href=\"https:\/\/www.hamburg-fuer-die-elbe.de\/wordpress\/wp-content\/uploads\/2015\/07\/WilhelmvonOranje.jpg\" target=\"_blank\"><img loading=\"lazy\" decoding=\"async\" class=\"wp-image-7079 size-medium\" src=\"https:\/\/www.hamburg-fuer-die-elbe.de\/wordpress\/wp-content\/uploads\/2015\/07\/WilhelmvonOranje-300x225.jpg\" alt=\"\" width=\"300\" height=\"225\" srcset=\"https:\/\/www.hamburg-fuer-die-elbe.de\/wordpress\/wp-content\/uploads\/2015\/07\/WilhelmvonOranje-300x225.jpg 300w, https:\/\/www.hamburg-fuer-die-elbe.de\/wordpress\/wp-content\/uploads\/2015\/07\/WilhelmvonOranje.jpg 350w\" sizes=\"(max-width: 300px) 100vw, 300px\" \/><\/a><figcaption id=\"caption-attachment-7079\" class=\"wp-caption-text\">Au\u00dfenelbe Bagger &#8220;Wilhelm von Oranje&#8221;<\/figcaption><\/figure>\n<p>Das gestrige Urteil des <a href=\"https:\/\/www.hamburg-fuer-die-elbe.de\/?p=7057\" target=\"_blank\">EuGH zum Aktenzeichen C-461\/13<\/a> wurde rege in den Medien und der \u00d6ffentlichkeit diskutiert. Wir konnten in den Medien und der Politik unmittelbar nach der Bekanntgabe des Urteils eine Art von Schockstarre beobachten.<br \/>\nIn den Nachmittagsstunden wurde in den Redaktionen nach Erl\u00e4uterungen gesucht. Das Abendblatt hat sich in besonderer Weise hervorgetan: es wurde <a href=\"http:\/\/www.google.com\/url?sa=t&amp;rct=j&amp;q=&amp;esrc=s&amp;source=web&amp;cd=1&amp;ved=0CB8QqQIwAA&amp;url=http%3A%2F%2Fwww.abendblatt.de%2Fregion%2Farticle205433187%2FExperte-Elbvertiefung-wird-leichter-moeglich.html&amp;ei=ym6VVfvfBsPkyAPovoLYDw&amp;usg=AFQjCNGhBOEuF121PUU0nIquP_rELkAA-A&amp;bvm=bv.96952980,d.bGQ&amp;cad=rja\" target=\"_blank\">ein Experte zitiert<\/a>, der mutigen Lesern des trockenen Urteilstextes die Worte im Munde umdrehte. Der NDR sendete heute morgen ein Interview mit diesem Experten, Herrn Prof. Dr. Michael Reinhardt. Wir sind eine verwaltungsjuristische Laienspielschar: wir finden die Aussagen des Experten im Text des Urteiles partout nicht wieder.<\/p>\n<p>Aber was sagen nun die <strong>Verb\u00e4nde<\/strong> und der <strong>Senat der Stadt Hamburg<\/strong>?<\/p>\n<p><strong>Hamburger Senat:<\/strong> In der <a href=\"https:\/\/www.welt.de\/print\/welt_kompakt\/hamburg\/article143418388\/Elbvertiefung-Senat-optimistisch.html\" target=\"_blank\">Welt finden wir Worte von unserem Wirtschaftssenator<\/a>, Herrn Frank Horch. &#8220;<em>Ich bin heute sehr zuversichtlich, dass wir das Projekt umsetzen k\u00f6nnen. Das \u00fcbergeordnete \u00f6ffentliche Interesse an der Erweiterung der Fahrrinne steht weiterhin au\u00dfer Zweifel. Denn Hamburg ist Deutschlands wichtigster Seehafen.<\/em>&#8221; Das klingt wie die ewige Gebetsm\u00fchle aus dem Hamburger Rathaus. Unser neuer, gr\u00fcner Umweltsenator Herr Jens Kerstan wird <a href=\"http:\/\/www.google.com\/url?sa=t&amp;rct=j&amp;q=&amp;esrc=s&amp;source=web&amp;cd=1&amp;ved=0CB8QqQIwAA&amp;url=http%3A%2F%2Fwww.abendblatt.de%2Fregion%2Farticle205433187%2FExperte-Elbvertiefung-wird-leichter-moeglich.html&amp;ei=ym6VVfvfBsPkyAPovoLYDw&amp;usg=AFQjCNGhBOEuF121PUU0nIquP_rELkAA-A&amp;bvm=bv.96952980,d.bGQ&amp;cad=rja\" target=\"_blank\">gestern noch vom Abendblatt<\/a> auf die Frage, wann die Entscheidung in Leipzig getroffen wird mit den Worten zitiert: &#8220;<em>Die Hoffnung ist, dass das in diesem Jahr noch passiert.<\/em>&#8221; F\u00fcr einen gr\u00fcnen Senator klingt das befremdlich. Heute morgen klingt das anders: &#8220;Die Planungen der Stadt m\u00fcssen \u00fcberarbeitet werden.&#8221; h\u00f6ren wir auf NDR-Info. Klingt zun\u00e4chst plausibel &#8211; aber &#8220;gr\u00fcn&#8221; und einvernehmlich klingt das alles nicht wirklich. Der Senat samt B\u00fcrgermeister wirken \u00fcberrumpelt. Ein Statement vom Ersten B\u00fcrgermeister Herrn Olaf Scholz steht weiterhin aus.<\/p>\n<p><strong>Verb\u00e4nde:<\/strong> Das in Sachen Elbvertiefung klagende B\u00fcndnis der drei Verb\u00e4nde <strong>BUND, NABU und WWF<\/strong> mit dem Namen <a href=\"https:\/\/www.lebendige-tideelbe.de\" target=\"_blank\" class=\"broken_link\">Lebendige Tideelbe<\/a> hatte heute zu einer Pressekonferenz unter dem Titel &#8220;<a href=\"http:\/\/www.google.de\/url?sa=t&amp;rct=j&amp;q=&amp;esrc=s&amp;source=web&amp;cd=1&amp;cad=rja&amp;uact=8&amp;ved=0CCMQqQIwAA&amp;url=http%3A%2F%2Fwww.abendblatt.de%2Fhamburg%2Farticle205438085%2FUmweltbuendnis-sieht-kaum-noch-Chancen-fuer-Elbvertiefung.html&amp;ei=pIiVVbbPBuieywPKqo7IAQ&amp;usg=AFQjCNE-guDUcDjkyUUZUAOTqisXPxpaQA&amp;bvm=bv.96952980,d.bGQ\" target=\"_blank\">Zukunft der Elbe nach dem Urteil des EuGH<\/a>&#8221; in die Patriotische Gesellschaft eingeladen. Einen <a href=\"http:\/\/www.google.de\/url?sa=t&amp;rct=j&amp;q=&amp;esrc=s&amp;source=web&amp;cd=1&amp;cad=rja&amp;uact=8&amp;ved=0CCMQqQIwAA&amp;url=http%3A%2F%2Fwww.ndr.de%2Fnachrichten%2Fhamburg%2FElbvertiefung-Umweltbuendnis-sieht-kaum-Chancen%2Celbvertiefung452.html&amp;ei=PW2VVYesH4T6ygP05a4w&amp;usg=AFQjCNGZiSmw8stEktorPZdqsuwoHmU-EA&amp;bvm=bv.96952980,d.bGQ\" target=\"_blank\">weiteren Bericht gibt es dazu auf NDR<\/a> 90,3. Mit Recht kann man eine gewisse Genugtuung versp\u00fcren. Mit dem Urteil wurden f\u00fcr die nationale Politik, Gesellschaft und Wirtschaft anscheinend v\u00f6llig neue Welten aufgeschlossen: der Schutz der Gew\u00e4sser ist kein Ged\u00f6ns. Im Gegenteil, wir m\u00fcssen deren &#8220;Gesundheit&#8221; aus eigenem menschlichem Interesse ernst nehmen. Wir m\u00fcssen sie im Grundsatz sogar \u00fcber die bislang sakrosankten wirtschaftlichen Interessen stellen. Das klingt sehr &#8220;gr\u00fcn&#8221;. Herr Kerstan wurde aber um 13:00 Uhr nicht in der Patriotischen Gesellschaft gesehen, schade.<\/p>\n<p>Wir teilen die Einsch\u00e4tzung der Verb\u00e4nde. Nicht nur f\u00fcr die Weser- und Elbvertiefung wird dieses Urteil Auswirkungen haben. Auch f\u00fcr die Hamburger Klassiker, das Hafenprojekt Westerweiterung, das K\u00fchlwasser vom Kraftwerk Moorburg, die Zusch\u00fcttung von Hafenbecken am Spree- und Travehafen, die Olympiaplanungen e.t.c. werden mehr Umweltbewusstsein in den Planungen erfordern. Daf\u00fcr danken wir den klagenden Verb\u00e4nden.<\/p>\n<p>Ein Aber gibt es aber auch. Es werden jetzt versch\u00e4rft Verhandlungen zwischen der Stadt Hamburg und den Verb\u00e4nden stattfinden (m\u00fcssen). Die sind grunds\u00e4tzlich gut, und die begr\u00fc\u00dfen wir.<strong>Hinterzimmerpolitik sch\u00e4tzen aber wir nicht. Wir verachten sie. <\/strong><\/p>\n<p>Bitte nehmt Euer engagiertes Volk mit. Versteht es richtig: einen <a href=\"http:\/\/www.oz-online.de\/-news\/artikel\/144527\/Leer-Wuetender-Protest-gegen-Masterplan-Ems\" target=\"_blank\">Masterplan Ems, <\/a>einen <a href=\"http:\/\/www.wattenrat.de\/2011\/03\/06\/bund-fallt-schon-wieder-um-klageverzicht-und-vergleich-bei-wattenmeerwindpark-nordergrunde-schamt-euch\/\" target=\"_blank\">Windpark Nordergr\u00fcnde<\/a> oder einen Flughafen Blankensee wollen wir einfach nicht. <a href=\"https:\/\/schleswig-holstein.nabu.de\/politik-und-umwelt\/verbandsbeteiligung\/beteiligungs-und-klageverfahren\/luebeck.html\" target=\"_blank\">Gute Ergebnisse<\/a> sch\u00e4tzen wir deutlich anders ein. Wir wollen weiterhin auch die <a href=\"http:\/\/www.google.de\/url?sa=t&amp;rct=j&amp;q=&amp;esrc=s&amp;source=web&amp;cd=1&amp;cad=rja&amp;uact=8&amp;ved=0CCIQFjAA&amp;url=http%3A%2F%2Fwww.abendblatt.de%2Fregion%2Fstormarn%2Farticle205253179%2FHelgolaender-Duene-ist-Jordsands-neue-Pflege-Insel.html&amp;ei=eX6VVYFpgtPKA676l-gB&amp;usg=AFQjCNGAKXjM7JK-Arl48BRppHbyTeeDjA&amp;bvm=bv.96952980,d.bGQ\" target=\"_blank\">Helgol\u00e4nder D\u00fcne betreten<\/a> oder unsere Elbe erleben d\u00fcrfen.<\/p>\n<p>Wir wollen die Betroffenen und Sachkundigen im Boot wissen. Mit Geld und Stiftungen l\u00e4sst sich dieses nachweislich nicht l\u00f6sen. <a href=\"http:\/\/www.google.de\/url?sa=t&amp;rct=j&amp;q=&amp;esrc=s&amp;source=web&amp;cd=1&amp;cad=rja&amp;uact=8&amp;ved=0CCIQFjAA&amp;url=http%3A%2F%2Fwww.abendblatt.de%2Fhamburg%2Farticle205432297%2FFreie-Bahn-fuer-die-A-26.html&amp;ei=jIaVVdS1GcKlsAG2zLqgDQ&amp;usg=AFQjCNGlUJRAd7tWp7APHrzzPDX6RMeDJA&amp;bvm=bv.96952980,d.bGg\" target=\"_blank\">Geheimniskr\u00e4merei wie im aktuellen Falle der A26<\/a> samt der sich anschlie\u00dfenden Planung um die <a href=\"https:\/\/www.hamburg-fuer-die-elbe.de\/?p=6545\" target=\"_blank\">Vollh\u00f6fner Weiden in Altenwerder West <\/a>sind dabei g\u00e4nzlich unaktzeptabel &#8211; ein\u00a0 absolutes NO GO!<\/p>\n<p>Wir w\u00fcnschen Euch und Ihnen bei dieser schweren, aber l\u00f6sbaren Aufgabe ein &#8220;Gutes Gelingen&#8221;!<\/p>\n","protected":false},"excerpt":{"rendered":"<p>Das gestrige Urteil des EuGH zum Aktenzeichen C-461\/13 wurde rege in den Medien und der \u00d6ffentlichkeit diskutiert. Wir konnten in den Medien und der Politik unmittelbar nach der Bekanntgabe des Urteils eine Art von Schockstarre beobachten. In den Nachmittagsstunden wurde in den Redaktionen nach Erl\u00e4uterungen gesucht. Das Abendblatt hat sich in besonderer Weise hervorgetan: es &hellip; <a href=\"https:\/\/www.hamburg-fuer-die-elbe.de\/?p=7072\" class=\"more-link\"><span class=\"screen-reader-text\">Nachlese zum EuGH<\/span> weiterlesen <span class=\"meta-nav\">&rarr;<\/span><\/a><\/p>\n","protected":false},"author":2,"featured_media":0,"comment_status":"closed","ping_status":"closed","sticky":false,"template":"","format":"standard","meta":{"footnotes":""},"categories":[1],"tags":[404,168,214,393,238,405],"_links":{"self":[{"href":"https:\/\/www.hamburg-fuer-die-elbe.de\/index.php?rest_route=\/wp\/v2\/posts\/7072"}],"collection":[{"href":"https:\/\/www.hamburg-fuer-die-elbe.de\/index.php?rest_route=\/wp\/v2\/posts"}],"about":[{"href":"https:\/\/www.hamburg-fuer-die-elbe.de\/index.php?rest_route=\/wp\/v2\/types\/post"}],"author":[{"embeddable":true,"href":"https:\/\/www.hamburg-fuer-die-elbe.de\/index.php?rest_route=\/wp\/v2\/users\/2"}],"replies":[{"embeddable":true,"href":"https:\/\/www.hamburg-fuer-die-elbe.de\/index.php?rest_route=%2Fwp%2Fv2%2Fcomments&post=7072"}],"version-history":[{"count":12,"href":"https:\/\/www.hamburg-fuer-die-elbe.de\/index.php?rest_route=\/wp\/v2\/posts\/7072\/revisions"}],"predecessor-version":[{"id":11029,"href":"https:\/\/www.hamburg-fuer-die-elbe.de\/index.php?rest_route=\/wp\/v2\/posts\/7072\/revisions\/11029"}],"wp:attachment":[{"href":"https:\/\/www.hamburg-fuer-die-elbe.de\/index.php?rest_route=%2Fwp%2Fv2%2Fmedia&parent=7072"}],"wp:term":[{"taxonomy":"category","embeddable":true,"href":"https:\/\/www.hamburg-fuer-die-elbe.de\/index.php?rest_route=%2Fwp%2Fv2%2Fcategories&post=7072"},{"taxonomy":"post_tag","embeddable":true,"href":"https:\/\/www.hamburg-fuer-die-elbe.de\/index.php?rest_route=%2Fwp%2Fv2%2Ftags&post=7072"}],"curies":[{"name":"wp","href":"https:\/\/api.w.org\/{rel}","templated":true}]}}