{"id":7116,"date":"2015-07-05T00:06:31","date_gmt":"2015-07-04T23:06:31","guid":{"rendered":"http:\/\/www.hamburg-fuer-die-elbe.de\/?p=7116"},"modified":"2015-07-04T16:07:19","modified_gmt":"2015-07-04T15:07:19","slug":"baden-in-der-elbe-ii","status":"publish","type":"post","link":"https:\/\/www.hamburg-fuer-die-elbe.de\/?p=7116","title":{"rendered":"Baden in der Elbe II"},"content":{"rendered":"<p>Auch in diesem Jahr gibt es wieder die obligatorische Pressem<a href=\"https:\/\/www.hamburg-fuer-die-elbe.de\/wordpress\/wp-content\/uploads\/2015\/07\/BadeninderElbe.jpg\" target=\"_blank\"><img loading=\"lazy\" decoding=\"async\" class=\"  alignright wp-image-7122\" src=\"https:\/\/www.hamburg-fuer-die-elbe.de\/wordpress\/wp-content\/uploads\/2015\/07\/BadeninderElbe.jpg\" alt=\"BadeninderElbe\" width=\"272\" height=\"204\" \/><\/a>itteilung der HPA zum Thema &#8220;<a href=\"http:\/\/www.hamburg-port-authority.de\/de\/presse\/pressearchiv\/Seiten\/Pressemitteilung-02-07-2015.aspx\" target=\"_blank\">Baden in der Elbe<\/a>&#8221; p\u00fcnktlich zum ersten hochsommerlichen Wochenende. Der <a href=\"https:\/\/www.hamburg-fuer-die-elbe.de\/?p=2075\" target=\"_blank\">Text ist mit dem Vorjahr identisch<\/a>. Klar, es hat sich ja auch nichts ver\u00e4ndert.<\/p>\n<p>Gro\u00dfschiffe, vor allem Mega-Containerschiffe, sollen aber immer h\u00e4ufiger nach Hamburg kommen. M\u00fcssen wir uns l\u00e4ngerfristig auf ein generelles Bade- oder sogar Strandverbot einstellen? Wir hoffen, nein, und das die H\u00fcrden f\u00fcr die 9. Elbvertiefung so hoch liegen, dass der Schiffsgr\u00f6\u00dfe ein Riegel vorgeschoben wird.<\/p>\n","protected":false},"excerpt":{"rendered":"<p>Auch in diesem Jahr gibt es wieder die obligatorische Pressemitteilung der HPA zum Thema &#8220;Baden in der Elbe&#8221; p\u00fcnktlich zum ersten hochsommerlichen Wochenende. Der Text ist mit dem Vorjahr identisch. Klar, es hat sich ja auch nichts ver\u00e4ndert. Gro\u00dfschiffe, vor allem Mega-Containerschiffe, sollen aber immer h\u00e4ufiger nach Hamburg kommen. M\u00fcssen wir uns l\u00e4ngerfristig auf ein &hellip; <a href=\"https:\/\/www.hamburg-fuer-die-elbe.de\/?p=7116\" class=\"more-link\"><span class=\"screen-reader-text\">Baden in der Elbe II<\/span> weiterlesen <span class=\"meta-nav\">&rarr;<\/span><\/a><\/p>\n","protected":false},"author":3,"featured_media":0,"comment_status":"closed","ping_status":"closed","sticky":false,"template":"","format":"standard","meta":{"footnotes":""},"categories":[1],"tags":[419,92,13],"_links":{"self":[{"href":"https:\/\/www.hamburg-fuer-die-elbe.de\/index.php?rest_route=\/wp\/v2\/posts\/7116"}],"collection":[{"href":"https:\/\/www.hamburg-fuer-die-elbe.de\/index.php?rest_route=\/wp\/v2\/posts"}],"about":[{"href":"https:\/\/www.hamburg-fuer-die-elbe.de\/index.php?rest_route=\/wp\/v2\/types\/post"}],"author":[{"embeddable":true,"href":"https:\/\/www.hamburg-fuer-die-elbe.de\/index.php?rest_route=\/wp\/v2\/users\/3"}],"replies":[{"embeddable":true,"href":"https:\/\/www.hamburg-fuer-die-elbe.de\/index.php?rest_route=%2Fwp%2Fv2%2Fcomments&post=7116"}],"version-history":[{"count":4,"href":"https:\/\/www.hamburg-fuer-die-elbe.de\/index.php?rest_route=\/wp\/v2\/posts\/7116\/revisions"}],"predecessor-version":[{"id":7124,"href":"https:\/\/www.hamburg-fuer-die-elbe.de\/index.php?rest_route=\/wp\/v2\/posts\/7116\/revisions\/7124"}],"wp:attachment":[{"href":"https:\/\/www.hamburg-fuer-die-elbe.de\/index.php?rest_route=%2Fwp%2Fv2%2Fmedia&parent=7116"}],"wp:term":[{"taxonomy":"category","embeddable":true,"href":"https:\/\/www.hamburg-fuer-die-elbe.de\/index.php?rest_route=%2Fwp%2Fv2%2Fcategories&post=7116"},{"taxonomy":"post_tag","embeddable":true,"href":"https:\/\/www.hamburg-fuer-die-elbe.de\/index.php?rest_route=%2Fwp%2Fv2%2Ftags&post=7116"}],"curies":[{"name":"wp","href":"https:\/\/api.w.org\/{rel}","templated":true}]}}