{"id":7242,"date":"2015-07-11T00:04:28","date_gmt":"2015-07-10T23:04:28","guid":{"rendered":"http:\/\/www.hamburg-fuer-die-elbe.de\/?p=7242"},"modified":"2016-09-14T08:18:43","modified_gmt":"2016-09-14T07:18:43","slug":"dicke-luft-in-hamburg-ii","status":"publish","type":"post","link":"https:\/\/www.hamburg-fuer-die-elbe.de\/?p=7242","title":{"rendered":"Dicke Luft in Hamburg II"},"content":{"rendered":"<p>Manche Uhren scheinen langsamer zu ticken als andere. Herr Prof. Jeroen Buters vom Zentrum Allergie und Umwelt (TU M\u00fcnchen\/Helmholtz Zentrum M\u00fcnchen) war mit einem Vortrag zum Thema Luftverschmutzung durch die Schifffahrt auf der <a href=\"https:\/\/hamburg.nabu.de\/umwelt-und-ressourcen\/hafen\/conference.html\" target=\"_blank\" class=\"broken_link\">NABU-Konferenz &#8220;Greening Ports&#8221;<\/a> am 01.06.2015 in Hamburg vertreten. Dort hat er, neben anderen <a href=\"https:\/\/www.hamburg-fuer-die-elbe.de\/wordpress\/wp-content\/uploads\/2015\/06\/Foto-Qualmender-Schornstein-2015-05-24-4857.jpg\"><img loading=\"lazy\" decoding=\"async\" class=\" size-full wp-image-7017 aligncenter\" src=\"https:\/\/www.hamburg-fuer-die-elbe.de\/wordpress\/wp-content\/uploads\/2015\/06\/Foto-Qualmender-Schornstein-2015-05-24-4857.jpg\" alt=\"Foto Qualmender Schornstein 2015-05-24-4857\" width=\"752\" height=\"180\" srcset=\"https:\/\/www.hamburg-fuer-die-elbe.de\/wordpress\/wp-content\/uploads\/2015\/06\/Foto-Qualmender-Schornstein-2015-05-24-4857.jpg 752w, https:\/\/www.hamburg-fuer-die-elbe.de\/wordpress\/wp-content\/uploads\/2015\/06\/Foto-Qualmender-Schornstein-2015-05-24-4857-300x72.jpg 300w\" sizes=\"(max-width: 752px) 100vw, 752px\" \/><\/a>Vortragenden, auf die <a href=\"https:\/\/hamburg.nabu.de\/imperia\/md\/content\/hamburg\/geschaeftsstelle\/greening_ports_4_ship-hamburg-1jun2015_-_buters.pdf\" target=\"_blank\">Gesundheitsge<\/a><a href=\"https:\/\/hamburg.nabu.de\/imperia\/md\/content\/hamburg\/geschaeftsstelle\/greening_ports_4_ship-hamburg-1jun2015_-_buters.pdf\" target=\"_blank\">f\u00e4hrdung durch Schiffsdiesel<\/a> hingewiesen und von der jetzt bekannt gemachten Studie berichtet. Bereits deutlich vor der NABU-Konferenz war \u00fcber eine <a href=\"https:\/\/www.hamburg-fuer-die-elbe.de\/?p=4913\" target=\"_blank\">Reportage zu Kreuzfahrtschiffen<\/a> des NDR ebenfalls auf die Gesundheitsgef\u00e4hrdung durch Feinst\u00e4ube hingewiesen worden.<\/p>\n<p>Und nun ist das Thema auch im Abendblatt und somit hoffentlich in der Hamburger Politik angekommen. Unter der \u00dcberschrift &#8220;<a href=\"http:\/\/www.google.de\/url?sa=t&amp;rct=j&amp;q=&amp;esrc=s&amp;source=web&amp;cd=1&amp;cad=rja&amp;uact=8&amp;ved=0CCMQqQIwAA&amp;url=http%3A%2F%2Fwww.abendblatt.de%2Fhamburg%2Farticle205461069%2FSchiffsabgase-sind-noch-giftiger-als-angenommen.html&amp;ei=Z-afVcKuHuGJygPgqr6YCA&amp;usg=AFQjCNHggdAt_N_vYwuPYFlWWbxWkQdXeA&amp;bvm=bv.97653015,d.bGQ\" target=\"_blank\">Gesundheit &#8211; Schiffsabgase noch giftiger als angenommen<\/a>&#8221; berichtet Herr Jens Meyer-Wellmann \u00fcber die vorgenannte Studie: &#8220;<em>In einer experimentellen Versuchsreihe haben die Forscher darin nachgewiesen, dass nicht nur Abgase aus der Verbrennung von Schwer\u00f6l, sondern auch die aus modernem Schiffsdiesel die Gesundheit der Menschen in Hafenst\u00e4dten und in K\u00fcstenn\u00e4he sehr stark belasten.<\/em>&#8221; Selbst sogenannte moderne Schiffsdiesel k\u00f6nnen Asthma, Allergien oder <a href=\"https:\/\/www.hamburg-fuer-die-elbe.de\/wordpress\/wp-content\/uploads\/2015\/06\/Schornstein2.jpg\"><img loading=\"lazy\" decoding=\"async\" class=\"alignright size-full wp-image-7016\" src=\"https:\/\/www.hamburg-fuer-die-elbe.de\/wordpress\/wp-content\/uploads\/2015\/06\/Schornstein2.jpg\" alt=\"Schornstein2\" width=\"300\" height=\"245\" \/><\/a>Autoimmunerkrankungen ausl\u00f6sen und sind krebserregend. Und diese Dreckschleudern d\u00fcrfen nicht nur in den Hamburger Hafen einfahren, sondern sie betreiben ihre Hilfsmaschinen auch w\u00e4hrend der gesamten Aufenthaltsdauer im Hafen, um die Energiesysteme des Schiffs aufrecht zu erhalten. Herr Prof. Buters wird zitiert: <em>&#8220;Wir sind bei Schiffen heute leider erst so weit wie bei den Autos im Jahr 1935. Es ist h\u00f6chste Zeit, hier schnell aufzuholen, um die Gesundheit der Menschen besser zu sch\u00fctzen.&#8221;<\/em> Herr Meyer-Wellmann hat auch noch gleich <a href=\"http:\/\/m.abendblatt.de\/meinung\/article205460555\/Der-Hafen-als-Dreckschleuder.html\" target=\"_blank\">einen Kommentar<\/a> dazu geschrieben. Er fordert die Stadt Hamburg auf, sich weltweit daf\u00fcr einzusetzen, dass Schiffe zuk\u00fcnftig mit Ru\u00dfpartikelfiltern ausgestattet werden und dass Strafen bei einer Luftverschmutzung durch die Schifffahrt richtig wehtun und durchgesetzt werden m\u00fcssen.<\/p>\n<p>In dem Hauptartikel wird festgestellt, dass es seit Jahres keine Luftmessstationen mehr im Hafengebiet gibt. Luftmesstationen &#8211; vielleicht kennen Sie noch aus Ihrer Nachbarschaft die hellgr\u00fcnen Container mit der wei\u00dfen Dachaufschrift &#8220;Luftme\u00dfnetz Hamburg&#8221;. Sie wurden nicht nur in Ihrem Stadtteil abgebaut, sondern auch im Hamburger Hafen. Vergleichen Sie das <a href=\"http:\/\/luft.hamburg.de\/clp\/messstationen-aktuelle-messdaten\/clp1\/\" target=\"_blank\">aktuelle ausged\u00fcnnte Me\u00dfnetz<\/a> mit dem noch <a href=\"http:\/\/luft.hamburg.de\/clp\/archivierte-daten\/clp1\/\" target=\"_blank\">\u00fcbrig gebliebenen Netz<\/a>. Und es waren noch deutlich mehr Stationen.<\/p>\n<p>Gegen\u00fcber Stuttgart haben wir in Hamburg mit der Luft sicherlich ein Luxusproblem. Trotzdem sind unsere Luftwerte aufgrund der Schifffahrt nicht von Pappe. Wollte man mit dem gro\u00dffl\u00e4chigen Abbau der Messstationen verhindern, dass schon fr\u00fcher \u00fcber das Thema Luftverschmutzung durch den Hafenbetrieb diskutiert wird? Wir d\u00fcrfen lesen, dass nun doch tats\u00e4chlich <strong>eine<\/strong> Luftmessstation im Rahmen des Luftreinhalteplans installiert werden soll. Toll &#8211; wir sind gespannt. Ergebnisse werden wir vielleicht noch in diesem Jahrzehnt erleben d\u00fcrfen &#8211; Ma\u00dfnahmen f\u00fcr die Luft voraussichtlich ab 2020?!?<\/p>\n<p>Europ\u00e4ische Untersuchungen zur Luftverschmutzung in gro\u00dfen St\u00e4dten gibt es reichlich.\u00a0 Stellvertretend seien <a href=\"http:\/\/www.aphekom.org\/web\/aphekom.org\/who-we-are\" target=\"_blank\">Aphekom<\/a> erw\u00e4hnt, oder die Ergebnisse des d\u00e4nischen <a href=\"http:\/\/www.ceeh.dk\/CEEH_Reports\/Report_3\/index.html\" target=\"_blank\" class=\"broken_link\">dritten CEEH-Reports<\/a>. Hier wurde erstmalig die Zahl der Todesf\u00e4lle quantifiziert: 53.200 Menschen sterben in Europa j\u00e4hrlich vorzeitig durch Schiffsabgase. (Seite 8, 4. Absatz)<\/p>\n<p>Setzen wir die 1,8 Mio. Einwohner Hamburgs bzw. die 80 Mio. Einwohner Deutschlands in Relation zu den 500 Mio. Einwohner in der gesamten EU:<\/p>\n<ul>\n<li>0,36% der B\u00fcrger Europas sind Einwohner Hamburgs.<\/li>\n<li>16% der B\u00fcrger Europas sind Einwohner Deutschlands.<\/li>\n<\/ul>\n<p>Diese Anteile \u00fcbertragen wir stark vereinfachend auf die Zahl der 53.200 der vorzeitigen Toten in der EU durch Schiffsabgase. Das w\u00e4ren f\u00fcr <strong>Hamburg rund 200 Tote<\/strong> und in <strong>Deutschland rund 8.500 Tote<\/strong>. Zur Vergleich: im Jahr 2014 starben in <a href=\"http:\/\/www.spiegel.de\/auto\/aktuell\/unfallstatistik-2014-zahl-der-verkehrstoten-hoeher-als-2013-a-1020389.html\" target=\"_blank\">Deutschland im Stra\u00dfenverkehr 3.368 Menschen<\/a> und in der <a href=\"https:\/\/www.welt.de\/politik\/ausland\/article138710847\/EU-meldet-25-700-Verkehrstote-im-Jahr-2014.html\" target=\"_blank\">EU 25.700 Menschen<\/a>.<\/p>\n<p>Das sind entsetzliche Zahlen und Vergleiche. Vereinfacht und laienhaft ermittelt. Wir wundern uns, dass der Hamburger Senat die H\u00e4nde in den Scho\u00df legt: wann wird der gr\u00f6\u00dfte deutsche Hafen seine vorzeitigen Todesf\u00e4lle durch Schiffsabgase ermitteln und Gegenma\u00dfnahmen ergreifen? Warum gibt es keine Bundesratsinitiative f\u00fcr die Bundesregierung?<\/p>\n<p>Das sind keine Peanuts: Wir unterst\u00fctzen ausdr\u00fccklich die Forderung, dass alle hafeneigenen Fahrzeuge (HPA-Schiffe, HADAG-F\u00e4hren) schnellstens umweltgerecht umgebaut werden. Ebenso fordern wir weiter einen Ausbau der Landstromanschl\u00fcsse insbesondere f\u00fcr die Containerschifffahrt!<\/p>\n","protected":false},"excerpt":{"rendered":"<p>Manche Uhren scheinen langsamer zu ticken als andere. Herr Prof. Jeroen Buters vom Zentrum Allergie und Umwelt (TU M\u00fcnchen\/Helmholtz Zentrum M\u00fcnchen) war mit einem Vortrag zum Thema Luftverschmutzung durch die Schifffahrt auf der NABU-Konferenz &#8220;Greening Ports&#8221; am 01.06.2015 in Hamburg vertreten. Dort hat er, neben anderen Vortragenden, auf die Gesundheitsgef\u00e4hrdung durch Schiffsdiesel hingewiesen und von &hellip; <a href=\"https:\/\/www.hamburg-fuer-die-elbe.de\/?p=7242\" class=\"more-link\"><span class=\"screen-reader-text\">Dicke Luft in Hamburg II<\/span> weiterlesen <span class=\"meta-nav\">&rarr;<\/span><\/a><\/p>\n","protected":false},"author":3,"featured_media":0,"comment_status":"closed","ping_status":"closed","sticky":false,"template":"","format":"standard","meta":{"footnotes":""},"categories":[1,11,10],"tags":[415,120,414,336,201,301],"_links":{"self":[{"href":"https:\/\/www.hamburg-fuer-die-elbe.de\/index.php?rest_route=\/wp\/v2\/posts\/7242"}],"collection":[{"href":"https:\/\/www.hamburg-fuer-die-elbe.de\/index.php?rest_route=\/wp\/v2\/posts"}],"about":[{"href":"https:\/\/www.hamburg-fuer-die-elbe.de\/index.php?rest_route=\/wp\/v2\/types\/post"}],"author":[{"embeddable":true,"href":"https:\/\/www.hamburg-fuer-die-elbe.de\/index.php?rest_route=\/wp\/v2\/users\/3"}],"replies":[{"embeddable":true,"href":"https:\/\/www.hamburg-fuer-die-elbe.de\/index.php?rest_route=%2Fwp%2Fv2%2Fcomments&post=7242"}],"version-history":[{"count":11,"href":"https:\/\/www.hamburg-fuer-die-elbe.de\/index.php?rest_route=\/wp\/v2\/posts\/7242\/revisions"}],"predecessor-version":[{"id":10428,"href":"https:\/\/www.hamburg-fuer-die-elbe.de\/index.php?rest_route=\/wp\/v2\/posts\/7242\/revisions\/10428"}],"wp:attachment":[{"href":"https:\/\/www.hamburg-fuer-die-elbe.de\/index.php?rest_route=%2Fwp%2Fv2%2Fmedia&parent=7242"}],"wp:term":[{"taxonomy":"category","embeddable":true,"href":"https:\/\/www.hamburg-fuer-die-elbe.de\/index.php?rest_route=%2Fwp%2Fv2%2Fcategories&post=7242"},{"taxonomy":"post_tag","embeddable":true,"href":"https:\/\/www.hamburg-fuer-die-elbe.de\/index.php?rest_route=%2Fwp%2Fv2%2Ftags&post=7242"}],"curies":[{"name":"wp","href":"https:\/\/api.w.org\/{rel}","templated":true}]}}