{"id":7474,"date":"2015-08-27T00:06:33","date_gmt":"2015-08-26T23:06:33","guid":{"rendered":"http:\/\/www.hamburg-fuer-die-elbe.de\/?p=7474"},"modified":"2016-09-15T15:41:50","modified_gmt":"2016-09-15T14:41:50","slug":"boehmische-doerfer","status":"publish","type":"post","link":"https:\/\/www.hamburg-fuer-die-elbe.de\/?p=7474","title":{"rendered":"B\u00f6hmische D\u00f6rfer"},"content":{"rendered":"<p>Mit dieser Redensart werden Sachverhalte umschrieben, die man ganz und gar nicht versteht. Derartige D\u00f6rfer gab es gestern gleich zweimal in Hamburg: einen Welt-Artikel um den Moldauhafen in Sachen Olympiabewerbung und die Vorstellung der Hapag-Lloyd-Gesch\u00e4ftszahlen f\u00fcr das erste Halbjahr 2015.<\/p>\n<p>Das <a href=\"https:\/\/www.hapag-lloyd.de\/downloads\/news\/Press_Release_2015_08_26_de.pdf\" target=\"_blank\">Halbjahresergebnis von <strong>Hapag-Lloyd<\/strong><\/a> ist beeindruckend. In wahrlich schwierigem Umfeld des Frachtratenverfalls konnte man erg\u00e4nzend zu dem Konzernergebnis des ersten Quartals von 128 Mio. Euro im <a href=\"https:\/\/www.hapag-lloyd.de\/downloads\/news\/Hapag-Lloyd_Halbjahresbericht_H1_2015(1).pdf\" target=\"_blank\">zweiten Quartal nochmals 29 Mio. Euro<\/a> drauflegen. <strong>Wahrlich wunderlich, nahezu m\u00e4rchenhaft.<\/strong><br \/>\nWir vermuten, dass im Keller der Hapag-Lloyd-Zentrale am Ballindamm ein Fitnessraum mit Spinnr\u00e4dern f\u00fcr arbeitslose <a href=\"https:\/\/de.wikipedia.org\/wiki\/Rumpelstilzchen\" target=\"_blank\">M\u00fcllerst\u00f6chter<\/a> eingerichtet worden ist, die im letzten Halbjahr miserable Frachtraten in goldene gesponnen haben. Wir hoffen, dass diesen T\u00f6chtern (es m\u00fcssen wahrlich viele sein&#8230;) weiterhin nur die Namen &#8220;Heinz&#8221; oder &#8220;Kunz&#8221; einfallen. Wie das <a href=\"https:\/\/www.google.de\/url?sa=t&amp;rct=j&amp;q=&amp;esrc=s&amp;source=web&amp;cd=1&amp;cad=rja&amp;uact=8&amp;ved=0CCMQqQIwAGoVChMIsY6jl5bHxwIVhtIaCh2XLgy1&amp;url=http%3A%2F%2Fwww.abendblatt.de%2Fwirtschaft%2Fhafen-und-schifffahrt%2Farticle205604149%2FHapag-Lloyd-wieder-stabil-in-der-Gewinnzone.html&amp;ei=8OndVbHWOYala5fdsKgL&amp;usg=AFQjCNHzlHd4Q36yzLiI-1nPUlpGjsC7tQ\" target=\"_blank\">Abendblatt heute zu seiner Einsch\u00e4tzung<\/a> zu einer Stabilit\u00e4t kommt, ist ebenfalls m\u00e4rchenhaft.<\/p>\n<figure id=\"attachment_7561\" aria-describedby=\"caption-attachment-7561\" style=\"width: 300px\" class=\"wp-caption alignleft\"><a href=\"https:\/\/www.hamburg-fuer-die-elbe.de\/wordpress\/wp-content\/uploads\/2015\/07\/Moldauhafen.jpg\" target=\"_blank\"><img loading=\"lazy\" decoding=\"async\" class=\"wp-image-7561\" src=\"https:\/\/www.hamburg-fuer-die-elbe.de\/wordpress\/wp-content\/uploads\/2015\/07\/Moldauhafen.jpg\" alt=\"Moldauhafen\" width=\"300\" height=\"225\" \/><\/a><figcaption id=\"caption-attachment-7561\" class=\"wp-caption-text\">Am Saalehafen<\/figcaption><\/figure>\n<p>Das n\u00e4chste b\u00f6hmische Dorf ist der Moldauhafen &#8211; in zweifacher Hinsicht. Die Historie um diesen Hafen, \u00fcber den <a href=\"http:\/\/www.shz.de\/regionales\/hamburg\/olympic-city-vertrag-von-versailles-ist-olympia-2024-im-weg-id10550186.html\" target=\"_blank\">die SHZ gestern berichtete<\/a> ist <a href=\"https:\/\/www.hamburg-fuer-die-elbe.de\/?p=3366\" target=\"_blank\">zweifelsohne wahr<\/a>. Wahr kann auch der anstehende Besuch des tschechischen Verkehrsministers, Herrn Dan Tok sein, dessen angek\u00fcndigte &#8220;Hafenrundfahrt&#8221; mit dem ersten B\u00fcrgermeister Herr Olaf Scholz und Wirtschaftsenator Herr Frank Horch, entgegen der offziellen Behauptungen aus dem Fr\u00fchjahr 2015, doch noch einige wesentliche offene Fragen zum Moldauhafen aufwirft. Es h\u00e4tte uns sehr gewundert, wenn dieses nicht der Fall gewesen w\u00e4re.<\/p>\n<p>Als Mysterium erscheinen uns allerdings <a href=\"https:\/\/www.google.de\/url?sa=t&amp;rct=j&amp;q=&amp;esrc=s&amp;source=web&amp;cd=2&amp;cad=rja&amp;uact=8&amp;ved=0CCkQFjABahUKEwjG3euLs8fHAhVL6xoKHRPxCRU&amp;url=http%3A%2F%2Fwww.shz.de%2Fhamburg%2Folympic-city-vertrag-von-versaille-ist-olympia-2024-im-weg-id10550186.html&amp;ei=QQjeVYa5JMvWa5Pip6gB&amp;usg=AFQjCNHbjDa8TLPHLfE9FP4iiIkdpzK_BQ\" target=\"_blank\">die \u00c4u\u00dferungen<\/a> von Herrn Michael Kruse aus der B\u00fcrgerschaft zu diesem Besuch <a href=\"https:\/\/www.welt.de\/regionales\/hamburg\/article145638935\/Wie-der-Versailler-Vertrag-Olympia-Plaene-erschwert.html\" target=\"_blank\">in der gestrigen Welt<\/a>. Da wird von einer schriftlichen Anfrage berichtet, eine Senatsantwort zitiert und werden Schlussfolgerungen gezogen.<\/p>\n<figure id=\"attachment_3934\" aria-describedby=\"caption-attachment-3934\" style=\"width: 300px\" class=\"wp-caption alignright\"><a href=\"https:\/\/www.hamburg-fuer-die-elbe.de\/wordpress\/wp-content\/uploads\/2014\/10\/Elbquelle11.jpg\" target=\"_blank\"><img loading=\"lazy\" decoding=\"async\" class=\"wp-image-3934 size-medium\" src=\"https:\/\/www.hamburg-fuer-die-elbe.de\/wordpress\/wp-content\/uploads\/2014\/10\/Elbquelle11-300x199.jpg\" alt=\"Elbquelle1\" width=\"300\" height=\"199\" srcset=\"https:\/\/www.hamburg-fuer-die-elbe.de\/wordpress\/wp-content\/uploads\/2014\/10\/Elbquelle11-300x199.jpg 300w, https:\/\/www.hamburg-fuer-die-elbe.de\/wordpress\/wp-content\/uploads\/2014\/10\/Elbquelle11-1024x681.jpg 1024w, https:\/\/www.hamburg-fuer-die-elbe.de\/wordpress\/wp-content\/uploads\/2014\/10\/Elbquelle11-900x599.jpg 900w, https:\/\/www.hamburg-fuer-die-elbe.de\/wordpress\/wp-content\/uploads\/2014\/10\/Elbquelle11.jpg 1203w\" sizes=\"(max-width: 300px) 100vw, 300px\" \/><\/a><figcaption id=\"caption-attachment-3934\" class=\"wp-caption-text\">Die Elbquelle in Tschechien<\/figcaption><\/figure>\n<p>Diese erscheinen uns sehr naheliegend &#8211; gratis und ohne Ausgleichsfl\u00e4chen werden diese Verhandlungen mit dem tschechischen Verkehrsminister nicht ablaufen. Zu dilettantisch waren die bisherigen Olympiaplanungen durch unseren Senat. Allerdings haben wir die in der Welt zitierte schriftliche kleine Anfrage in der B\u00fcrgerschaft nicht finden k\u00f6nnen. Dementsprechend auch keine Senatsantworten, die uns auch in Sachen etwaiger Hafenerweiterungsfl\u00e4chen um Moorburg doch sehr interessiert h\u00e4tten.<\/p>\n<p>Ein m\u00e4rchenhafter Tag in Hamburg an der Elbe liegt hinter uns. Die Elbe flie\u00dft in ihrem Verlauf an vielen wirklich sch\u00f6nen b\u00f6hmischen D\u00f6rfern vorbei. Aber ist Hamburg eines davon?<\/p>\n<p>PS: Heute, <a href=\"https:\/\/www.buergerschaft-hh.de\/ParlDok\/dokument\/49513\/verhandlungen-zu-von-der-tschechischen-republik-gepachteten-hafenfl%c3%a4chen.pdf\" target=\"_blank\" class=\"broken_link\">am 31.08.2015 wurde die Schriftliche Kleine Anfrage<\/a> von Herrn Michael Kruse vom 13.08.2015 in der Parlamentsdatenbank sogleich mit Senatsantworten vom 21.08.2015 ver\u00f6ffentlicht. Fehler in der Datenbank k\u00f6nnen sehr wohl passieren &#8211; Sie sollten dann aber auch unter der Rubrik &#8220;Aktuelle Dokumente&#8221; angef\u00fchrt werden, damit der politisch interessierte Leser bei ledigich 100 angef\u00fchrten Dokumenten \u00fcberhaupt die Chance zum Lesen erh\u00e4lt.<\/p>\n","protected":false},"excerpt":{"rendered":"<p>Mit dieser Redensart werden Sachverhalte umschrieben, die man ganz und gar nicht versteht. Derartige D\u00f6rfer gab es gestern gleich zweimal in Hamburg: einen Welt-Artikel um den Moldauhafen in Sachen Olympiabewerbung und die Vorstellung der Hapag-Lloyd-Gesch\u00e4ftszahlen f\u00fcr das erste Halbjahr 2015. Das Halbjahresergebnis von Hapag-Lloyd ist beeindruckend. In wahrlich schwierigem Umfeld des Frachtratenverfalls konnte man erg\u00e4nzend &hellip; <a href=\"https:\/\/www.hamburg-fuer-die-elbe.de\/?p=7474\" class=\"more-link\"><span class=\"screen-reader-text\">B\u00f6hmische D\u00f6rfer<\/span> weiterlesen <span class=\"meta-nav\">&rarr;<\/span><\/a><\/p>\n","protected":false},"author":2,"featured_media":0,"comment_status":"closed","ping_status":"closed","sticky":false,"template":"","format":"standard","meta":{"footnotes":""},"categories":[1,10,129],"tags":[27,382],"_links":{"self":[{"href":"https:\/\/www.hamburg-fuer-die-elbe.de\/index.php?rest_route=\/wp\/v2\/posts\/7474"}],"collection":[{"href":"https:\/\/www.hamburg-fuer-die-elbe.de\/index.php?rest_route=\/wp\/v2\/posts"}],"about":[{"href":"https:\/\/www.hamburg-fuer-die-elbe.de\/index.php?rest_route=\/wp\/v2\/types\/post"}],"author":[{"embeddable":true,"href":"https:\/\/www.hamburg-fuer-die-elbe.de\/index.php?rest_route=\/wp\/v2\/users\/2"}],"replies":[{"embeddable":true,"href":"https:\/\/www.hamburg-fuer-die-elbe.de\/index.php?rest_route=%2Fwp%2Fv2%2Fcomments&post=7474"}],"version-history":[{"count":8,"href":"https:\/\/www.hamburg-fuer-die-elbe.de\/index.php?rest_route=\/wp\/v2\/posts\/7474\/revisions"}],"predecessor-version":[{"id":10516,"href":"https:\/\/www.hamburg-fuer-die-elbe.de\/index.php?rest_route=\/wp\/v2\/posts\/7474\/revisions\/10516"}],"wp:attachment":[{"href":"https:\/\/www.hamburg-fuer-die-elbe.de\/index.php?rest_route=%2Fwp%2Fv2%2Fmedia&parent=7474"}],"wp:term":[{"taxonomy":"category","embeddable":true,"href":"https:\/\/www.hamburg-fuer-die-elbe.de\/index.php?rest_route=%2Fwp%2Fv2%2Fcategories&post=7474"},{"taxonomy":"post_tag","embeddable":true,"href":"https:\/\/www.hamburg-fuer-die-elbe.de\/index.php?rest_route=%2Fwp%2Fv2%2Ftags&post=7474"}],"curies":[{"name":"wp","href":"https:\/\/api.w.org\/{rel}","templated":true}]}}