{"id":7563,"date":"2015-09-07T22:22:55","date_gmt":"2015-09-07T21:22:55","guid":{"rendered":"http:\/\/www.hamburg-fuer-die-elbe.de\/?p=7563"},"modified":"2016-02-26T09:29:09","modified_gmt":"2016-02-26T08:29:09","slug":"bananenhafen","status":"publish","type":"post","link":"https:\/\/www.hamburg-fuer-die-elbe.de\/?p=7563","title":{"rendered":"Bananenhafen?!"},"content":{"rendered":"<p>Die Pappelreihe am Bubendey-Ufer gegen\u00fcber vom &#8220;Alten Schweden&#8221; ist Ihnen sicherlich <a href=\"https:\/\/www.hamburg-fuer-die-elbe.de\/wordpress\/wp-content\/uploads\/2015\/09\/Bubendeyweg.jpg\" target=\"_blank\"><img loading=\"lazy\" decoding=\"async\" class=\"alignleft wp-image-7566\" src=\"https:\/\/www.hamburg-fuer-die-elbe.de\/wordpress\/wp-content\/uploads\/2015\/09\/Bubendeyweg.jpg\" alt=\"Bubendeyweg\" width=\"225\" height=\"300\" \/><\/a>von Spazierg\u00e4ngen an der Elbe bekannt. Diese am Bubendeyweg liegende Pappelreihe soll f\u00fcr die Westerweiterung gef\u00e4llt werden. Zudem soll der Bubendeyweg, der als Fusswegallee vom Anleger Bubendey-Ufer bis hin zum Parkh\u00f6ft durch die Pappelreihe verl\u00e4uft, f\u00fcr den \u00f6ffentlichen Verkehr entwidmet werden. In den <a href=\"http:\/\/www.hamburg.de\/bwvi\/np-aktuelle-planfeststellungsverfahren\/4426744\/westerweiterung\/\" target=\"_blank\">Planungsunterlagen, hier im Erl\u00e4uterungsbericht der Vorhabensbeschreibung, Teil A.3, auf Seite 26<\/a> wird dementsprechend beantragt: &#8220;Der Weg am Bubendey-Ufer bis hin zum Parkh\u00f6ft wird ebenfalls im Zuge der Bauma\u00dfnahme entwidmet und r\u00fcckgebaut.&#8221;<\/p>\n<p>Das Planfeststellungsverfahren ist aber noch nicht abgeschlossen. So wurden die letzten Planerg\u00e4nzungen des seit 2009 laufenden Verfahrens erst im Januar 2015 von den Antragstellern HPA und Eurogate vorgelegt. Am 22. Juni 2015 fand die erste Er\u00f6rterung der erg\u00e4nzten Unterlagen statt. Der Planfeststellungsbeschluss soll fr\u00fchesten Ende des Jahres erfolgen! Und was da denn drin steht, kann ja noch keiner wissen, oder?<\/p>\n<p>Doch, einer der Antragsteller f\u00fcr die Westerweiterung, namentlich die HPA scheint schon seit Monaten weitere Kenntnisse \u00fcber den Fortgang des Verfahrens zu haben. Bereits am 27. Oktober 2014 wurde von der HPA die Entwidmung vom \u00f6ffentlichen Verkehr des Bubendeyweges beantragt. Zu diesem Zeitpunkt waren die Planerg\u00e4nzungen noch nicht einmal ver\u00f6ffentlicht. Am 11. Februar 2015 wurde dann die Entwidmung vorgenommen &#8211; eine Woche vor Ablauf der Einwendungsfrist am 19.02.2015. Die <a href=\"https:\/\/www.hamburg-fuer-die-elbe.de\/wordpress\/wp-content\/uploads\/2015\/09\/entwidmung-bubendeyweg.pdf\" target=\"_blank\">Ausschnitte aus dem &#8220;Amtlichen Anzeiger&#8221; finden Sie hier<\/a>. Warum musste die Entwidmung f\u00fcr diesen &#8220;vielbefahrenen Weg&#8221; <strong>vorzeitig<\/strong> vorgenommen werden? H\u00e4ngen da etwa schon die Planungen f\u00fcr die F\u00e4llung der Pappeln dran?<\/p>\n<figure id=\"attachment_7565\" aria-describedby=\"caption-attachment-7565\" style=\"width: 300px\" class=\"wp-caption alignright\"><a href=\"https:\/\/www.hamburg-fuer-die-elbe.de\/wordpress\/wp-content\/uploads\/2015\/09\/Bananenrepublik.jpg\"><img loading=\"lazy\" decoding=\"async\" class=\"wp-image-7565\" src=\"https:\/\/www.hamburg-fuer-die-elbe.de\/wordpress\/wp-content\/uploads\/2015\/09\/Bananenrepublik.jpg\" alt=\"...an einem Laternenpfahl im Hafen...\" width=\"300\" height=\"225\" \/><\/a><figcaption id=\"caption-attachment-7565\" class=\"wp-caption-text\">&#8230;an einem Laternenpfahl im Hafen&#8230;<\/figcaption><\/figure>\n<p>Wir erinnern uns an die unbewiesenen Behauptungen der Antragsteller zu den angeblichen <a href=\"https:\/\/www.hamburg-fuer-die-elbe.de\/?p=7037\" target=\"_blank\">Verz\u00f6gerungen bei den L\u00e4rmgutachten<\/a>. Diese tauchten unmittelbar nach dem ersten Er\u00f6rterungstermin zu den o.a. erg\u00e4nzten Unterlagen, namentlich dem L\u00e4rmgutachten, aus dem Nichts auf. Aufkl\u00e4rung wurde seitens der Planfeststellungsbeh\u00f6rde, des Senates aber auch vom Antragsteller Eurogate nicht betrieben.<\/p>\n<p>Zusammen mit der vorzeitigen Entwidmung des Bubendeywegs scheinen Zweifel an der <a href=\"https:\/\/www.hamburg-fuer-die-elbe.de\/?p=7246\" target=\"_blank\">grunds\u00e4tzlichen Fairness, aber auch mittlerweile der Rechtsstaatlichkeit<\/a> von Hamburger Hafenplanungen wieder neue Nahrung zu bekommen.<\/p>\n","protected":false},"excerpt":{"rendered":"<p>Die Pappelreihe am Bubendey-Ufer gegen\u00fcber vom &#8220;Alten Schweden&#8221; ist Ihnen sicherlich von Spazierg\u00e4ngen an der Elbe bekannt. Diese am Bubendeyweg liegende Pappelreihe soll f\u00fcr die Westerweiterung gef\u00e4llt werden. Zudem soll der Bubendeyweg, der als Fusswegallee vom Anleger Bubendey-Ufer bis hin zum Parkh\u00f6ft durch die Pappelreihe verl\u00e4uft, f\u00fcr den \u00f6ffentlichen Verkehr entwidmet werden. In den Planungsunterlagen, &hellip; <a href=\"https:\/\/www.hamburg-fuer-die-elbe.de\/?p=7563\" class=\"more-link\"><span class=\"screen-reader-text\">Bananenhafen?!<\/span> weiterlesen <span class=\"meta-nav\">&rarr;<\/span><\/a><\/p>\n","protected":false},"author":2,"featured_media":0,"comment_status":"closed","ping_status":"closed","sticky":false,"template":"","format":"standard","meta":{"footnotes":""},"categories":[1,11],"tags":[18,13,313,19],"_links":{"self":[{"href":"https:\/\/www.hamburg-fuer-die-elbe.de\/index.php?rest_route=\/wp\/v2\/posts\/7563"}],"collection":[{"href":"https:\/\/www.hamburg-fuer-die-elbe.de\/index.php?rest_route=\/wp\/v2\/posts"}],"about":[{"href":"https:\/\/www.hamburg-fuer-die-elbe.de\/index.php?rest_route=\/wp\/v2\/types\/post"}],"author":[{"embeddable":true,"href":"https:\/\/www.hamburg-fuer-die-elbe.de\/index.php?rest_route=\/wp\/v2\/users\/2"}],"replies":[{"embeddable":true,"href":"https:\/\/www.hamburg-fuer-die-elbe.de\/index.php?rest_route=%2Fwp%2Fv2%2Fcomments&post=7563"}],"version-history":[{"count":8,"href":"https:\/\/www.hamburg-fuer-die-elbe.de\/index.php?rest_route=\/wp\/v2\/posts\/7563\/revisions"}],"predecessor-version":[{"id":9593,"href":"https:\/\/www.hamburg-fuer-die-elbe.de\/index.php?rest_route=\/wp\/v2\/posts\/7563\/revisions\/9593"}],"wp:attachment":[{"href":"https:\/\/www.hamburg-fuer-die-elbe.de\/index.php?rest_route=%2Fwp%2Fv2%2Fmedia&parent=7563"}],"wp:term":[{"taxonomy":"category","embeddable":true,"href":"https:\/\/www.hamburg-fuer-die-elbe.de\/index.php?rest_route=%2Fwp%2Fv2%2Fcategories&post=7563"},{"taxonomy":"post_tag","embeddable":true,"href":"https:\/\/www.hamburg-fuer-die-elbe.de\/index.php?rest_route=%2Fwp%2Fv2%2Ftags&post=7563"}],"curies":[{"name":"wp","href":"https:\/\/api.w.org\/{rel}","templated":true}]}}