{"id":7593,"date":"2015-09-12T00:01:57","date_gmt":"2015-09-11T23:01:57","guid":{"rendered":"http:\/\/www.hamburg-fuer-die-elbe.de\/?p=7593"},"modified":"2016-03-16T09:46:13","modified_gmt":"2016-03-16T08:46:13","slug":"hhla-in-piraeus","status":"publish","type":"post","link":"https:\/\/www.hamburg-fuer-die-elbe.de\/?p=7593","title":{"rendered":"HHLA in Pir\u00e4us?"},"content":{"rendered":"<p>Die Verhandlungen Griechenlands \u00fcber finanzielle Unterst\u00fctzung durch die EU und den IWF haben wir lange mitverfolgen k\u00f6nnen. Die Medien haben uns dabei immer vermittelt, dass Griechenland unversch\u00e4mte Forderungen hat, obwohl wir alle seit einiger Zeit miterleben k\u00f6nnen, wie sich die soziale Situation seit den Sparauflagen der &#8220;Geldgeber&#8221; massiv versch\u00e4rft hat: Massenarbeitslosigkeit, Rentenk\u00fcrzung, die Frage, ob man lieber etwas zu Essen kauft oder Medikamente&#8230; Und: Das Geld, dass Griechenland ausgezahlt wird, landet nicht im Land, sondern bei Banken, die weiterhin von der Krise profitieren. Die deutschen Politiker, allen voran Frau Angela Merkel und Herr Wolfgang Sch\u00e4uble geh\u00f6rten zu den harten Verhandlern auf EU-Seite<\/p>\n<p>Dann hat man sich vermeintlich geeinigt und die griechische Regierung musste wieder eine fette Kr\u00f6te in Form von Sparauflagen und vor allem Privatisierungsma\u00dfnahmen schlucken. Zu den Privatisierungsma\u00dfnahmen geh\u00f6ren u.a. die Flugh\u00e4fen und der Hafen von Pir\u00e4us. Zu den Flugh\u00e4fen soll die Frankfurter Flughafengesellschaft <a href=\"http:\/\/www.fraport.de\/de.html\" target=\"_blank\">FraPort AG<\/a> mitbieten. Und was ist mit dem <a href=\"https:\/\/de.wikipedia.org\/wiki\/Hafen_von_Pir%C3%A4us\" target=\"_blank\">Hafen in Pir\u00e4us<\/a>?<\/p>\n<p>Dort ist bereits COSCO eingestiegen und hat f\u00fcr einen Zeitraum von 35 Jahren die H\u00e4lfte des Hafens gepachtet. Bekannt ist, dass COSCO Interesse an einer weiteren Beteiligung hat und gern <a href=\"https:\/\/www.hamburg-fuer-die-elbe.de\/?p=4700\" target=\"_blank\">von Pir\u00e4us aus per Bahn Frachtwege nach Osten ausbauen<\/a> m\u00f6chte. Bei der zweiten H\u00e4lfte des Hafens bieten jedoch auch andere mit.<a href=\"https:\/\/www.hamburg-fuer-die-elbe.de\/wordpress\/wp-content\/uploads\/2014\/01\/HHLAStAnnen1.jpg\" target=\"_blank\"><img loading=\"lazy\" decoding=\"async\" class=\"alignleft wp-image-6175\" src=\"https:\/\/www.hamburg-fuer-die-elbe.de\/wordpress\/wp-content\/uploads\/2014\/01\/HHLAStAnnen1.jpg\" alt=\"HHLAStAnnen\" width=\"207\" height=\"254\" \/><\/a><\/p>\n<p>Anfang September beantwortete der Senat eine kleine Anfrage zum Thema &#8220;<a href=\"http:\/\/www.buergerschaft-hh.de\/ParlDok\/dokument\/49616\/beteiligung-%c3%b6ffentlicher-unternehmen-der-freien-und-hansestadt-hamburg-an-den-privatisierungen-in-griechenland.pdf\" target=\"_blank\">Beteiligung \u00f6ffentlicher Unternehmen der Freien und Hansestadt Hamburg an den Privatisierungen in Griechenland<\/a>&#8220;. Darin wird gefragt, ob Hamburger Unternehmen, an denen die Stadt beteiligt ist, beim Ausverkauf griechischer Staatsunternehmen mitbieten. Es gab eigentlich keine Informationen.<br \/>\nAber die einzige Antwort macht stutzig: &#8220;Die Hamburger Hafen und Logistik AG hat mitgeteilt, dass sie aus aktienrechtlichen Gr\u00fcnden die Fragen aller Aktion\u00e4re einheitlich auf der j\u00e4hrlichen Hauptversammlung beantwortet. Im \u00dcbrigen: nein.&#8221;<\/p>\n<p>Wenn die HHLA sich vorbeh\u00e4lt, solche Fragen nur auf der Hauptversammlung zu beantworten, alle anderen jedoch &#8220;Nein&#8221; zu sagen scheinen, hei\u00dft das, dass die HHLA ein St\u00fcckchen &#8220;vom Kuchen Pir\u00e4us&#8221; erbeuten will&#8230;?<\/p>\n<p>Jedenfalls erz\u00e4hlen die Spatzen auf den Hamburger D\u00e4chern seit l\u00e4ngerer Zeit, dass die HHLA sich in den europ\u00e4ischen aber auch \u00fcberseeischen Hafenst\u00e4dten umschaut und mit gut gef\u00fcllter Kriegskasse nach lukrativen Terminalbeteiligungen sucht.<\/p>\n","protected":false},"excerpt":{"rendered":"<p>Die Verhandlungen Griechenlands \u00fcber finanzielle Unterst\u00fctzung durch die EU und den IWF haben wir lange mitverfolgen k\u00f6nnen. Die Medien haben uns dabei immer vermittelt, dass Griechenland unversch\u00e4mte Forderungen hat, obwohl wir alle seit einiger Zeit miterleben k\u00f6nnen, wie sich die soziale Situation seit den Sparauflagen der &#8220;Geldgeber&#8221; massiv versch\u00e4rft hat: Massenarbeitslosigkeit, Rentenk\u00fcrzung, die Frage, ob &hellip; <a href=\"https:\/\/www.hamburg-fuer-die-elbe.de\/?p=7593\" class=\"more-link\"><span class=\"screen-reader-text\">HHLA in Pir\u00e4us?<\/span> weiterlesen <span class=\"meta-nav\">&rarr;<\/span><\/a><\/p>\n","protected":false},"author":3,"featured_media":0,"comment_status":"closed","ping_status":"closed","sticky":false,"template":"","format":"standard","meta":{"footnotes":""},"categories":[1,10],"tags":[256,21,307],"_links":{"self":[{"href":"https:\/\/www.hamburg-fuer-die-elbe.de\/index.php?rest_route=\/wp\/v2\/posts\/7593"}],"collection":[{"href":"https:\/\/www.hamburg-fuer-die-elbe.de\/index.php?rest_route=\/wp\/v2\/posts"}],"about":[{"href":"https:\/\/www.hamburg-fuer-die-elbe.de\/index.php?rest_route=\/wp\/v2\/types\/post"}],"author":[{"embeddable":true,"href":"https:\/\/www.hamburg-fuer-die-elbe.de\/index.php?rest_route=\/wp\/v2\/users\/3"}],"replies":[{"embeddable":true,"href":"https:\/\/www.hamburg-fuer-die-elbe.de\/index.php?rest_route=%2Fwp%2Fv2%2Fcomments&post=7593"}],"version-history":[{"count":8,"href":"https:\/\/www.hamburg-fuer-die-elbe.de\/index.php?rest_route=\/wp\/v2\/posts\/7593\/revisions"}],"predecessor-version":[{"id":9726,"href":"https:\/\/www.hamburg-fuer-die-elbe.de\/index.php?rest_route=\/wp\/v2\/posts\/7593\/revisions\/9726"}],"wp:attachment":[{"href":"https:\/\/www.hamburg-fuer-die-elbe.de\/index.php?rest_route=%2Fwp%2Fv2%2Fmedia&parent=7593"}],"wp:term":[{"taxonomy":"category","embeddable":true,"href":"https:\/\/www.hamburg-fuer-die-elbe.de\/index.php?rest_route=%2Fwp%2Fv2%2Fcategories&post=7593"},{"taxonomy":"post_tag","embeddable":true,"href":"https:\/\/www.hamburg-fuer-die-elbe.de\/index.php?rest_route=%2Fwp%2Fv2%2Ftags&post=7593"}],"curies":[{"name":"wp","href":"https:\/\/api.w.org\/{rel}","templated":true}]}}