{"id":7597,"date":"2015-09-10T06:52:28","date_gmt":"2015-09-10T05:52:28","guid":{"rendered":"http:\/\/www.hamburg-fuer-die-elbe.de\/?p=7597"},"modified":"2016-01-22T08:43:40","modified_gmt":"2016-01-22T07:43:40","slug":"elbvertiefung-spaeter","status":"publish","type":"post","link":"https:\/\/www.hamburg-fuer-die-elbe.de\/?p=7597","title":{"rendered":"Elbvertiefung sp\u00e4ter"},"content":{"rendered":"<p><a href=\"https:\/\/www.hamburg-fuer-die-elbe.de\/wordpress\/wp-content\/uploads\/2014\/10\/BVerwGLeipzig71.jpg\" target=\"_blank\"><img loading=\"lazy\" decoding=\"async\" class=\"alignleft wp-image-4033 size-medium\" src=\"https:\/\/www.hamburg-fuer-die-elbe.de\/wordpress\/wp-content\/uploads\/2014\/10\/BVerwGLeipzig71-280x300.jpg\" alt=\"BVerwGLeipzig7\" width=\"280\" height=\"300\" srcset=\"https:\/\/www.hamburg-fuer-die-elbe.de\/wordpress\/wp-content\/uploads\/2014\/10\/BVerwGLeipzig71-280x300.jpg 280w, https:\/\/www.hamburg-fuer-die-elbe.de\/wordpress\/wp-content\/uploads\/2014\/10\/BVerwGLeipzig71.jpg 583w\" sizes=\"(max-width: 280px) 100vw, 280px\" \/><\/a>Heute morgen berichtet das <a href=\"http:\/\/www.google.de\/url?sa=t&amp;rct=j&amp;q=&amp;esrc=s&amp;source=web&amp;cd=1&amp;cad=rja&amp;uact=8&amp;ved=0CCMQqQIwAGoVChMIqffjiIPsxwIVwscUCh0vJQkW&amp;url=http%3A%2F%2Fwww.abendblatt.de%2Fhamburg%2Farticle205660827%2FSchlag-fuer-Hamburg-Elbvertiefung-kommt-noch-spaeter.html&amp;usg=AFQjCNEp4YZ41rAiwqJTP-d_jjmdXfAKtw\" target=\"_blank\">Abendblatt von weiteren Verz\u00f6gerungen bei der Elbvertiefung<\/a>. Urs\u00e4chlich seien weitere Erg\u00e4nzungen des Planfeststellungsbeschlusses vom April 2012, die aus dem Beschluss des Bundesverwaltungsgerichtes vom Oktober 2014 und dem Urteil des Europ\u00e4ischen Gerichtshofes vom Juli 2015 resultieren.<\/p>\n<p>Die \u00dcberarbeitung des Planfeststellungsbeschlusses w\u00fcrden zudem eine neue B\u00fcrgerbeteiligung erfordern. Mit den Vorlaufzeiten des Gerichtes wird mit einem Entscheid des Bundesverwaltungsgerichtes fr\u00fchestens im 2. Halbjahr 2016 gerechnet.<\/p>\n<p>In der <a href=\"https:\/\/www.google.de\/url?sa=t&amp;rct=j&amp;q=&amp;esrc=s&amp;source=web&amp;cd=1&amp;cad=rja&amp;uact=8&amp;ved=0CCIQqQIwAGoVChMI2MeRtePrxwIVS7waCh0RjQ6T&amp;url=http%3A%2F%2Fwww.abendblatt.de%2Fmeinung%2Farticle205660649%2FVertieft-wird-alles-nur-nicht-die-Elbe.html&amp;usg=AFQjCNGw1ZgmiA2lbGpiIdNCJf1l1BPlOQ\" target=\"_blank\">Kommentierung dieser Nachricht im Hamburger Hafenblattes<\/a> wird einfach alles verdreht. Es wird vom Kommentator sogar der Eindruck erweckt, dass die klagenden Verb\u00e4nde und die Einwender den guten \u00f6kologischen Zustand der Elbe verhindern w\u00fcrden.<\/p>\n<ul>\n<li>In jedem Jahr werden mehrere Mio. m\u00b3 Elbschlick mit Kosten von mehr als 100 Mio. Euro nur f\u00fcr die Tiefenhaltung bewegt. Wie viele Millionen mehr (in m\u00b3 und Euro) sollen denn f\u00fcr eine weitere Elbvertiefung ausgegeben werden?<\/li>\n<li>War es nicht das Bundesverwaltungsgericht, dass gerade das Fehlen von Gutachten zu den Auswirkungen auf die Tier- und Pflanzenwelt an der Unterelbe moniert hatte?<\/li>\n<li>Waren es nicht regelm\u00e4\u00dfig die Umweltverb\u00e4nde, die an den Senat adressierte Gespr\u00e4chsangebote gerichtet hatten? Wer hat denn die Diskussion \u00fcber &#8220;Elbvertiefung light&#8221; mit einem Federwisch weggeb\u00fcgelt? Wir erinnern beispielhaft an das <a href=\"http:\/\/www.zeit.de\/2015\/28\/elbvertiefung-frank-horch-hamburger-hafen-umweltschutz\" target=\"_blank\">Interview des Wirtschaftssenators auf Zeit-Online <\/a>vom Juli 2015.<\/li>\n<li>Wer hat denn seit Jahrzehnten keine Konzepte vorgelegt? Beispielhaft sei das sogenannte &#8220;<a href=\"https:\/\/www.hamburg-fuer-die-elbe.de\/?p=7491\" target=\"_blank\">Sedimentmanagementkonzept<\/a>&#8221; angef\u00fchrt, an dem der <a href=\"https:\/\/www.landtag.nrw.de\/portal\/WWW\/dokumentenarchiv\/Dokument\/GGD09-3173.pdf\" target=\"_blank\">Senat nun \u00fcber 30 Jahre erfolglos<\/a> arbeitet.<\/li>\n<\/ul>\n<p>Wir w\u00fcrden uns freuen, wenn dieser Kommentator des Hafenblattes seine Kenntnisse zum Thema Elbvertiefung deutlich vertiefen w\u00fcrde.<\/p>\n","protected":false},"excerpt":{"rendered":"<p>Heute morgen berichtet das Abendblatt von weiteren Verz\u00f6gerungen bei der Elbvertiefung. Urs\u00e4chlich seien weitere Erg\u00e4nzungen des Planfeststellungsbeschlusses vom April 2012, die aus dem Beschluss des Bundesverwaltungsgerichtes vom Oktober 2014 und dem Urteil des Europ\u00e4ischen Gerichtshofes vom Juli 2015 resultieren. Die \u00dcberarbeitung des Planfeststellungsbeschlusses w\u00fcrden zudem eine neue B\u00fcrgerbeteiligung erfordern. Mit den Vorlaufzeiten des Gerichtes wird &hellip; <a href=\"https:\/\/www.hamburg-fuer-die-elbe.de\/?p=7597\" class=\"more-link\"><span class=\"screen-reader-text\">Elbvertiefung sp\u00e4ter<\/span> weiterlesen <span class=\"meta-nav\">&rarr;<\/span><\/a><\/p>\n","protected":false},"author":2,"featured_media":0,"comment_status":"closed","ping_status":"closed","sticky":false,"template":"","format":"standard","meta":{"footnotes":""},"categories":[1],"tags":[46,168,214,313],"_links":{"self":[{"href":"https:\/\/www.hamburg-fuer-die-elbe.de\/index.php?rest_route=\/wp\/v2\/posts\/7597"}],"collection":[{"href":"https:\/\/www.hamburg-fuer-die-elbe.de\/index.php?rest_route=\/wp\/v2\/posts"}],"about":[{"href":"https:\/\/www.hamburg-fuer-die-elbe.de\/index.php?rest_route=\/wp\/v2\/types\/post"}],"author":[{"embeddable":true,"href":"https:\/\/www.hamburg-fuer-die-elbe.de\/index.php?rest_route=\/wp\/v2\/users\/2"}],"replies":[{"embeddable":true,"href":"https:\/\/www.hamburg-fuer-die-elbe.de\/index.php?rest_route=%2Fwp%2Fv2%2Fcomments&post=7597"}],"version-history":[{"count":7,"href":"https:\/\/www.hamburg-fuer-die-elbe.de\/index.php?rest_route=\/wp\/v2\/posts\/7597\/revisions"}],"predecessor-version":[{"id":9239,"href":"https:\/\/www.hamburg-fuer-die-elbe.de\/index.php?rest_route=\/wp\/v2\/posts\/7597\/revisions\/9239"}],"wp:attachment":[{"href":"https:\/\/www.hamburg-fuer-die-elbe.de\/index.php?rest_route=%2Fwp%2Fv2%2Fmedia&parent=7597"}],"wp:term":[{"taxonomy":"category","embeddable":true,"href":"https:\/\/www.hamburg-fuer-die-elbe.de\/index.php?rest_route=%2Fwp%2Fv2%2Fcategories&post=7597"},{"taxonomy":"post_tag","embeddable":true,"href":"https:\/\/www.hamburg-fuer-die-elbe.de\/index.php?rest_route=%2Fwp%2Fv2%2Ftags&post=7597"}],"curies":[{"name":"wp","href":"https:\/\/api.w.org\/{rel}","templated":true}]}}