{"id":7630,"date":"2015-09-20T00:58:56","date_gmt":"2015-09-19T23:58:56","guid":{"rendered":"http:\/\/www.hamburg-fuer-die-elbe.de\/?p=7630"},"modified":"2015-09-20T00:58:56","modified_gmt":"2015-09-19T23:58:56","slug":"geht-doch","status":"publish","type":"post","link":"https:\/\/www.hamburg-fuer-die-elbe.de\/?p=7630","title":{"rendered":"&#8220;Geht doch! &#8230;"},"content":{"rendered":"<p>&#8230; &#8211; <a href=\"http:\/\/www.klimapilgern.de\/\" target=\"_blank\">\u00d6kumenischer Weg f\u00fcr Klimagerechtigkeit<\/a>&#8221; ist das Motto eines \u00f6kumenischen Pilgerwegs anl\u00e4sslich der 21. Weltklimakonferenz vom 30. November bis 11. Dezember 2015 in Paris. Der Pilgerweg startete in Deutschland am 13.09.2015 in Flensburg, am 27.11.2015 soll Paris erreicht werden. Der Weg durch Deutschland ist <a href=\"http:\/\/www.klimapilgern.de\/unser-pilgerweg\/internationale-pilgerwege\/\" target=\"_blank\">ein Puzzleteil von mehreren internationalen Pilgerstrecken<\/a>, so starteten u.a. in Norwegen die Menschen am Nordkap und trafen am 12. September in Flensburg ein.<\/p>\n<p>Angesichts der Tatsachen, dass die \u00e4rmsten L\u00e4nder dieser Welt bereits jetzt unter den Auswirkungen des Klimawandels am meisten leiden und die Industrienationen nach wie vor nicht in die G\u00e4nge kommen, haltbare Vereinbarungen zu einem pfleglichen Umgang mit der Umwelt und somit unserer Welt zu treffen, hat sich <a href=\"http:\/\/www.klimapilgern.de\/ueber-uns\/\" target=\"_blank\">ein breites B\u00fcndnis deutscher kirchlicher Organisationen<\/a> zum Ziel gesetzt, \u00fcber die Form des Pilgerns \u00d6ffentlichkeit zu den Problemen der nicht gel\u00f6sten Klimaproblemen zu schaffen.<\/p>\n<p>&#8220;<em>Die Idee des Pilgerweges er\u00f6ffnet die M\u00f6glichkeit, sich mit unterschiedlichen Menschen gemeinsam auf den Weg zu machen und f\u00fcr das Thema Klimagerechtigkeit zu sensibilisieren. Durch die Medien soll eine breite \u00d6ffentlichkeitswirksamkeit erreicht werden. M\u00f6glichst viele Unterst\u00fctzerInnen sollen zudem f\u00fcr einen Forderungskatalog gewonnen werden, der den Erwartungshorizont der \u00f6kumenischen Bewegung und der Weltkirche an die Klimakonferenz in Paris und dar\u00fcber hinaus deutlich macht. Dieser Forderungskatalog soll in Paris an zentraler Stelle \u00fcberreicht werden.<\/em>&#8221; schreiben die deutschen Initiatoren des Pilgerwegs u.a. zu den Zielen. Basierend auf Grundbotschaften, die im internationalen Netzwerk verabredet wurden, wurden <a href=\"http:\/\/www.klimapilgern.de\/wp-content\/uploads\/2015\/08\/150908_pol-Forderungen_akt.pdf\" target=\"_blank\">Forderungen <\/a>erarbeitet, die \u00fcber die Pilgerinnen und Pilger in die \u00d6ffentlichkeit und nach Paris getragen werden sollen. Alle Menschen, die sich f\u00fcr die Klimagerechtigkeit einsetzen wollen, sind aufgerufen, sich an dem Weg zu beteiligen. Informationen zu den Etappen und Mit-Geh-M\u00f6glichkeiten finden Sie <a href=\"http:\/\/www.klimapilgern.de\/etappen\/\" target=\"_blank\">hier<\/a>.<\/p>\n<p>Die Pilgerinnen und Pilger werden auch nach Hamburg kommen und zwar vom 24. bis 26.09.2015. Ein Programm aus Gottesdiensten, Filmvorf\u00fchrung, Diskussions- und Gespr\u00e4chsrunden zum Thema unter dem Titel &#8220;<a href=\"http:\/\/www.klimapilgern.de\/wp-content\/uploads\/2015\/07\/KlimaAktionsTage-Hamburg-Blankenese.pdf\" target=\"_blank\">Klima Aktionstage in Blankenese<\/a>&#8221; l\u00e4dt alle Interessierten ein.<\/p>\n<p>Und was hat das mit unserer Elbe zu tun? Ungehemmte wirtschaftliche Expansion hat weltweit schon furchtbare Sch\u00e4den angerichtet, z.B. durch Abholzungen von Regenw\u00e4ldern f\u00fcr die Holzgewinnung oder um Anbaufl\u00e4chen f\u00fcr Palm\u00f6l zu schaffen. Die Folgen sind katastrophal, Tier- und Pflanzenarten sterben aus, Land errodiert, landwirtschaftliche Nutzungsm\u00f6glichkeiten zur Selbstversorgung werden zerst\u00f6rt, D\u00fcrren und Hungersn\u00f6te sind die Folgen. Die erfolgten und die geplanten Eingriffe im Rahmen der Elbvertiefungen haben ebenfalls gravierende Auswirkungen auf die Pflanzen und Lebewesen im und am Fluss. Werden hier \u00f6kologische Gleichgewichte gest\u00f6rt, wirkt sich das langfristig auch auf die gesamte Umwelt und somit auf das Klima aus.<\/p>\n","protected":false},"excerpt":{"rendered":"<p>&#8230; &#8211; \u00d6kumenischer Weg f\u00fcr Klimagerechtigkeit&#8221; ist das Motto eines \u00f6kumenischen Pilgerwegs anl\u00e4sslich der 21. Weltklimakonferenz vom 30. November bis 11. Dezember 2015 in Paris. Der Pilgerweg startete in Deutschland am 13.09.2015 in Flensburg, am 27.11.2015 soll Paris erreicht werden. Der Weg durch Deutschland ist ein Puzzleteil von mehreren internationalen Pilgerstrecken, so starteten u.a. in &hellip; <a href=\"https:\/\/www.hamburg-fuer-die-elbe.de\/?p=7630\" class=\"more-link\"><span class=\"screen-reader-text\">&#8220;Geht doch! &#8230;<\/span> weiterlesen <span class=\"meta-nav\">&rarr;<\/span><\/a><\/p>\n","protected":false},"author":3,"featured_media":0,"comment_status":"closed","ping_status":"closed","sticky":false,"template":"","format":"standard","meta":{"footnotes":""},"categories":[1,9],"tags":[168,439],"_links":{"self":[{"href":"https:\/\/www.hamburg-fuer-die-elbe.de\/index.php?rest_route=\/wp\/v2\/posts\/7630"}],"collection":[{"href":"https:\/\/www.hamburg-fuer-die-elbe.de\/index.php?rest_route=\/wp\/v2\/posts"}],"about":[{"href":"https:\/\/www.hamburg-fuer-die-elbe.de\/index.php?rest_route=\/wp\/v2\/types\/post"}],"author":[{"embeddable":true,"href":"https:\/\/www.hamburg-fuer-die-elbe.de\/index.php?rest_route=\/wp\/v2\/users\/3"}],"replies":[{"embeddable":true,"href":"https:\/\/www.hamburg-fuer-die-elbe.de\/index.php?rest_route=%2Fwp%2Fv2%2Fcomments&post=7630"}],"version-history":[{"count":6,"href":"https:\/\/www.hamburg-fuer-die-elbe.de\/index.php?rest_route=\/wp\/v2\/posts\/7630\/revisions"}],"predecessor-version":[{"id":7642,"href":"https:\/\/www.hamburg-fuer-die-elbe.de\/index.php?rest_route=\/wp\/v2\/posts\/7630\/revisions\/7642"}],"wp:attachment":[{"href":"https:\/\/www.hamburg-fuer-die-elbe.de\/index.php?rest_route=%2Fwp%2Fv2%2Fmedia&parent=7630"}],"wp:term":[{"taxonomy":"category","embeddable":true,"href":"https:\/\/www.hamburg-fuer-die-elbe.de\/index.php?rest_route=%2Fwp%2Fv2%2Fcategories&post=7630"},{"taxonomy":"post_tag","embeddable":true,"href":"https:\/\/www.hamburg-fuer-die-elbe.de\/index.php?rest_route=%2Fwp%2Fv2%2Ftags&post=7630"}],"curies":[{"name":"wp","href":"https:\/\/api.w.org\/{rel}","templated":true}]}}