{"id":7716,"date":"2015-09-21T21:11:10","date_gmt":"2015-09-21T20:11:10","guid":{"rendered":"http:\/\/www.hamburg-fuer-die-elbe.de\/?p=7716"},"modified":"2016-09-15T15:44:20","modified_gmt":"2016-09-15T14:44:20","slug":"hamburg-verrueckt","status":"publish","type":"post","link":"https:\/\/www.hamburg-fuer-die-elbe.de\/?p=7716","title":{"rendered":"Hamburg verr\u00fcckt"},"content":{"rendered":"<p>Zwei Nachrichten des NDR lassen uns nur noch den Kopf sch\u00fctteln: was passiert in unserer Stadt rund um den Hafen? Mit Sinn und Verstand scheint diese Senatspolitik nichts mehr zu tun haben.<\/p>\n<p><a href=\"https:\/\/www.hamburg-fuer-die-elbe.de\/wordpress\/wp-content\/uploads\/2015\/09\/NDR20150921-E3Hafenschlick.jpg\" target=\"_blank\"><img loading=\"lazy\" decoding=\"async\" class=\"alignright wp-image-7717 size-medium\" src=\"https:\/\/www.hamburg-fuer-die-elbe.de\/wordpress\/wp-content\/uploads\/2015\/09\/NDR20150921-E3Hafenschlick-300x181.jpg\" alt=\"NDR20150921 E3Hafenschlick\" width=\"300\" height=\"181\" srcset=\"https:\/\/www.hamburg-fuer-die-elbe.de\/wordpress\/wp-content\/uploads\/2015\/09\/NDR20150921-E3Hafenschlick-300x181.jpg 300w, https:\/\/www.hamburg-fuer-die-elbe.de\/wordpress\/wp-content\/uploads\/2015\/09\/NDR20150921-E3Hafenschlick-1024x619.jpg 1024w, https:\/\/www.hamburg-fuer-die-elbe.de\/wordpress\/wp-content\/uploads\/2015\/09\/NDR20150921-E3Hafenschlick-900x544.jpg 900w, https:\/\/www.hamburg-fuer-die-elbe.de\/wordpress\/wp-content\/uploads\/2015\/09\/NDR20150921-E3Hafenschlick.jpg 1490w\" sizes=\"(max-width: 300px) 100vw, 300px\" \/><\/a>In der ersten NDR-Nachricht d\u00fcrfen wir von gewissen Schwierigkeiten mit der Verklappung der zweiten Million giftigen Hafenschlicks bei Tonne E3 vor Helgoland lesen: &#8220;<em>Hamburg m\u00fcsse nachweisen, dass es auf dem Stadtgebiet keine M\u00f6glichkeit mehr gibt, den Schlick abzulagern und die Auswirkungen auf die Tier- und Pflanzenwelt der Nordsee m\u00fcssten untersucht werden, sagte eine Sprecherin des Umweltministeriums in Kiel&#8230;<\/em>&#8221; Das ist spannend, da wenige Tage zuvor vom Hamburger Senat auf eine <a href=\"https:\/\/www.buergerschaft-hh.de\/ParlDok\/dokument\/49721\/schlickverklappung-bei-tonne-e3-vor-helgoland.pdf\" target=\"_blank\" class=\"broken_link\">schriftliche kleine Anfrage genau diese erneute Verklappung von einer weiteren Million m\u00b3 vor Helgoland bei Tonne E3<\/a> als einvernehmlich dargestellt wurde. Ein derartiges Einvernehmen der beiden Bundesl\u00e4nder setzt voraus, dass nicht nur \u00fcber die Verklappungsmengen gesprochen wurde, sondern dass ebenfalls die Analyseverfahren und die Baggergebiete im Hamburger Hafen abgestimmt wurden. Das scheint nach der NDR-Meldung nicht der Fall zu sein. Auf den Internetseiten vom Schleswig-Holsteinischen Umweltministerium MELUR ist nichts zu lesen. Sollten Sie dagegen von einem ehemaligen Hamburger B\u00fcrgerschaftsabgeordneten vermeintliche Pr\u00e4zisierungen lesen d\u00fcrfen, schmunzeln Sie bitte dar\u00fcber, wie wir es tun. Fragen Sie doch den Ex-Abgeordneten mal nach seiner Position zur aktuellen Elbvertiefung&#8230;?!<\/p>\n<p>Die zweite NDR-Nachricht besch\u00e4ftigt sich mit Olympia und dem Moldau- und Saalehafen an der Veddel. Genau auf diesen Hafenfl\u00e4chen sollen ja Fl\u00e4chen f\u00fcr Olympia bereitgestellt werden. Wenn da nicht noch alte v\u00f6lkerrechtliche Vertr\u00e4ge aus dem letzten Jahrhundert gegen sprechen w\u00fcrden. <a href=\"https:\/\/www.hamburg-fuer-die-elbe.de\/?p=3366\" target=\"_blank\">Gerade diese Vertr\u00e4ge<\/a> wurden von unserem Hamburger Senat gerade in den letzten Wochen \u00f6ffentlich runtergespielt und als <a href=\"https:\/\/www.hamburg-fuer-die-elbe.de\/?p=7474\" target=\"_blank\">leicht regelbar dargestellt<\/a>. Der NDR schildert, wie leicht das geworden ist: als Ersatzfl\u00e4chen soll jetzt ein Filetst\u00fcck des Hamburger Hafens mit seeschifftiefen Wasser bereitgestellt werden.<\/p>\n<p>Es soll die frisch renovierte Fl\u00e4che auf Kuhwerder n\u00f6rdlich vom CC3-Kreuzfahrtterminal in Steinwerder sein. Nicht falsch verstehen &#8211; wir gratulieren T<a href=\"https:\/\/www.hamburg-fuer-die-elbe.de\/wordpress\/wp-content\/uploads\/2015\/09\/NDR20150921-Moldauhafen.png\"><img loading=\"lazy\" decoding=\"async\" class=\"alignleft wp-image-7718 size-medium\" src=\"https:\/\/www.hamburg-fuer-die-elbe.de\/wordpress\/wp-content\/uploads\/2015\/09\/NDR20150921-Moldauhafen-300x182.png\" alt=\"NDR20150921 Moldauhafen\" width=\"300\" height=\"182\" srcset=\"https:\/\/www.hamburg-fuer-die-elbe.de\/wordpress\/wp-content\/uploads\/2015\/09\/NDR20150921-Moldauhafen-300x182.png 300w, https:\/\/www.hamburg-fuer-die-elbe.de\/wordpress\/wp-content\/uploads\/2015\/09\/NDR20150921-Moldauhafen-1024x620.png 1024w, https:\/\/www.hamburg-fuer-die-elbe.de\/wordpress\/wp-content\/uploads\/2015\/09\/NDR20150921-Moldauhafen-900x545.png 900w, https:\/\/www.hamburg-fuer-die-elbe.de\/wordpress\/wp-content\/uploads\/2015\/09\/NDR20150921-Moldauhafen.png 1490w\" sizes=\"(max-width: 300px) 100vw, 300px\" \/><\/a>schechien zu diesem irren Verhandlungserfolg. Aber wir sehen auch, dass hier f\u00fcr Binnenschiffe, die auf einem nicht schiffbaren Fluss, namentlich der Mittel- und Oberelbe, niemals verkehren k\u00f6nnen, sozusagen &#8220;Hamburger Perlen vor die S\u00e4ue&#8221; geworfen werden. Und wir sehen, dass die extrem knappen Hamburger seeschifftiefen Hafenfl\u00e4chen nun gewaltigen Druck f\u00fcr die bislang &#8220;unbescholtenen&#8221; Hafenerweiterungsfl\u00e4chen um Moorburg erzeugen werden. Und dabei geht es um die Menschen, die in Moorburg wohnen, und die Arbeitnehmer beim BUSS-Hansa-Terminal, einem der letzten wenigen St\u00fcckgut-Terminals in Hamburg, f\u00fcr die &#8211; lassen wir den Abfindungshorror f\u00fcr die bestehenden Fl\u00e4chen am Travehafen ausgeblendet &#8211; auf Kuhwerder ausreichend Platz gewesen w\u00e4re.<\/p>\n<p>Die <a href=\"https:\/\/www.welt.de\/regionales\/hamburg\/article146690038\/Neue-Flaeche-fuer-Tschechien-im-Hamburger-Hafen.html\" target=\"_blank\">Welt berichtet ausf\u00fchrlicher <\/a>\u00fcber die Hafenplanungen mit Tschechien.<\/p>\n<p>Die Politiker unserer Stadt scheinen frei zu drehen &#8211; was passiert im Hafen, ohne dass wir B\u00fcrger etwas mitbekommen? Kann man diesen Politiker in Sachen Hafenentwicklung, Hafenentwicklungsplanung und Elbvertiefung noch irgendwie trauen?<\/p>\n","protected":false},"excerpt":{"rendered":"<p>Zwei Nachrichten des NDR lassen uns nur noch den Kopf sch\u00fctteln: was passiert in unserer Stadt rund um den Hafen? Mit Sinn und Verstand scheint diese Senatspolitik nichts mehr zu tun haben. In der ersten NDR-Nachricht d\u00fcrfen wir von gewissen Schwierigkeiten mit der Verklappung der zweiten Million giftigen Hafenschlicks bei Tonne E3 vor Helgoland lesen: &hellip; <a href=\"https:\/\/www.hamburg-fuer-die-elbe.de\/?p=7716\" class=\"more-link\"><span class=\"screen-reader-text\">Hamburg verr\u00fcckt<\/span> weiterlesen <span class=\"meta-nav\">&rarr;<\/span><\/a><\/p>\n","protected":false},"author":2,"featured_media":0,"comment_status":"closed","ping_status":"closed","sticky":false,"template":"","format":"standard","meta":{"footnotes":""},"categories":[1,11],"tags":[168,389,173,382,204,158],"_links":{"self":[{"href":"https:\/\/www.hamburg-fuer-die-elbe.de\/index.php?rest_route=\/wp\/v2\/posts\/7716"}],"collection":[{"href":"https:\/\/www.hamburg-fuer-die-elbe.de\/index.php?rest_route=\/wp\/v2\/posts"}],"about":[{"href":"https:\/\/www.hamburg-fuer-die-elbe.de\/index.php?rest_route=\/wp\/v2\/types\/post"}],"author":[{"embeddable":true,"href":"https:\/\/www.hamburg-fuer-die-elbe.de\/index.php?rest_route=\/wp\/v2\/users\/2"}],"replies":[{"embeddable":true,"href":"https:\/\/www.hamburg-fuer-die-elbe.de\/index.php?rest_route=%2Fwp%2Fv2%2Fcomments&post=7716"}],"version-history":[{"count":5,"href":"https:\/\/www.hamburg-fuer-die-elbe.de\/index.php?rest_route=\/wp\/v2\/posts\/7716\/revisions"}],"predecessor-version":[{"id":10525,"href":"https:\/\/www.hamburg-fuer-die-elbe.de\/index.php?rest_route=\/wp\/v2\/posts\/7716\/revisions\/10525"}],"wp:attachment":[{"href":"https:\/\/www.hamburg-fuer-die-elbe.de\/index.php?rest_route=%2Fwp%2Fv2%2Fmedia&parent=7716"}],"wp:term":[{"taxonomy":"category","embeddable":true,"href":"https:\/\/www.hamburg-fuer-die-elbe.de\/index.php?rest_route=%2Fwp%2Fv2%2Fcategories&post=7716"},{"taxonomy":"post_tag","embeddable":true,"href":"https:\/\/www.hamburg-fuer-die-elbe.de\/index.php?rest_route=%2Fwp%2Fv2%2Ftags&post=7716"}],"curies":[{"name":"wp","href":"https:\/\/api.w.org\/{rel}","templated":true}]}}