{"id":7728,"date":"2015-09-23T21:35:52","date_gmt":"2015-09-23T20:35:52","guid":{"rendered":"http:\/\/www.hamburg-fuer-die-elbe.de\/?p=7728"},"modified":"2015-09-23T21:35:52","modified_gmt":"2015-09-23T20:35:52","slug":"hhla-personalien","status":"publish","type":"post","link":"https:\/\/www.hamburg-fuer-die-elbe.de\/?p=7728","title":{"rendered":"HHLA-Personalien"},"content":{"rendered":"<p>Regelm\u00e4\u00dfig dreht sich das Personalkarussell <a href=\"https:\/\/www.hamburg-fuer-die-elbe.de\/wordpress\/wp-content\/uploads\/2014\/07\/HHLA-CTA.jpg\"><img loading=\"lazy\" decoding=\"async\" class=\"alignright wp-image-4042 size-medium\" src=\"https:\/\/www.hamburg-fuer-die-elbe.de\/wordpress\/wp-content\/uploads\/2014\/07\/HHLA-CTA-300x168.jpg\" alt=\"HHLA-CTA\" width=\"300\" height=\"168\" srcset=\"https:\/\/www.hamburg-fuer-die-elbe.de\/wordpress\/wp-content\/uploads\/2014\/07\/HHLA-CTA-300x168.jpg 300w, https:\/\/www.hamburg-fuer-die-elbe.de\/wordpress\/wp-content\/uploads\/2014\/07\/HHLA-CTA.jpg 837w\" sizes=\"(max-width: 300px) 100vw, 300px\" \/><\/a>in der Vorstandsetagen der \u00f6ffentlichen Unternehmensbeteiligungen im Hafen &#8211; <a href=\"https:\/\/www.hamburg-fuer-die-elbe.de\/?p=5151\" target=\"_blank\">letztmalig bei der HPA <\/a>unmittelbar vor der B\u00fcrgerschaftswahl 2015. Derartige Personalentscheidungen sind mit strategischen \u00dcberlegungen verbunden &#8211; bei der HPA und Herrn Meier war es der 10%-Personalabbau in der Hafenbeh\u00f6rde.<\/p>\n<p>Das Karussell dreht nun in der HHLA. Wie man<a href=\"https:\/\/www.google.de\/url?sa=t&amp;rct=j&amp;q=&amp;esrc=s&amp;source=web&amp;cd=1&amp;cad=rja&amp;uact=8&amp;ved=0CCEQFjAAahUKEwjzuaiGmovIAhUHPBoKHfUMB5E&amp;url=http%3A%2F%2Fwww.verkehrsrundschau.de%2Fhhla-presse-spekuliert-ueber-das-ausscheiden-des-vorstandschefs-1685727.html&amp;usg=AFQjCNGfLyOS7V5LTDq_oGCgkLcrU513fA\" target=\"_blank\"> in der VR<\/a> und im <a href=\"https:\/\/www.google.de\/url?sa=t&amp;rct=j&amp;q=&amp;esrc=s&amp;source=web&amp;cd=1&amp;cad=rja&amp;uact=8&amp;ved=0CCIQqQIwAGoVChMI7N-2l5yLyAIVy3AaCh1zawjH&amp;url=http%3A%2F%2Fwww.abendblatt.de%2Fwirtschaft%2Fhafen-und-schifffahrt%2Farticle205782487%2FSpekulationen-im-Hafen-Bekommt-die-HHLA-einen-neuen-Chef.html&amp;usg=AFQjCNF5DtiTl7Qb3m5Gm071dohUdnYapA\" target=\"_blank\">Hamburger Hafenblatt<\/a> dazu lesen kann, sind bereits erste vorbereitende Entscheidungen vom Senat als Hauptaktion\u00e4r getroffen worden. Eine vorzeitige Vertragsverl\u00e4ngerung eines Vorstandes um f\u00fcnf Jahre gilt als Ausdruck von Zufriedenheit der Hauptaktion\u00e4re mit der bisherigen Vorstandsarbeit. Bei einem dreij\u00e4hrigen Verl\u00e4ngerungsangebot gibt es eine gewisse Skepsis beim Hauptaktion\u00e4r. Und drei Jahre wird es wohl nur f\u00fcr den seit 1. Mai 1996 t\u00e4tigen HHLA-Containervorstand <a href=\"https:\/\/hhla.de\/de\/struktur\/vorstand\/vita-dr-stefan-behn.html\" target=\"_blank\" class=\"broken_link\">Herrn Dr. Stefan Behn<\/a> geben. Das schw\u00e4chelnde Containergesch\u00e4ft wird als Grund f\u00fcr den Kurzvertrag benannt. Bei einem derartigen Hafenurgestein wirkt das allerdings mehr als vorgeschoben. Sollten sich da in den dunklen HHLA-Kellern Ger\u00fcche bemerkbar machen?<\/p>\n<p>Da gibt es schon so Einiges mit Gschm\u00e4ckle. Erneut wird in der <a href=\"https:\/\/www.buergerschaft-hh.de\/ParlDok\/dokument\/49841\/entlastung-der-stra%c3%9fen-durch-wasserseitige-umfuhren-von-containern.pdf\" target=\"_blank\" class=\"broken_link\">Hamburger B\u00fcrgerschaft in einer schriflichen kleinen Anfrage<\/a> zum Stand der Einf\u00fchrung von <a href=\"http:\/\/www.portfeederbarge.de\/\" target=\"_blank\">Port-Feeder-Barges<\/a> gefragt. Die mittels Transportplattform auf dem Wasser durchgef\u00fchrten Containerumfuhren im Hafen werden seit Jahren von der HHLA gemobbt. Dort will man diese wasserseitigen Umfuhren, die die Stra\u00dfen, Umwelt und Zeitpl\u00e4ne entlasten, einfach nicht haben. Immer wieder h\u00f6rt man den Namen von Herrn Dr. Behn, der nichts ausl\u00e4sst, um die Installation der Port-Feeder-Barge zu verhindern und die eigene HHLA-Spedition CTD im Umfuhrgesch\u00e4ft zu f\u00f6rdern. In dem <a href=\"https:\/\/www.google.de\/url?sa=t&amp;rct=j&amp;q=&amp;esrc=s&amp;source=web&amp;cd=2&amp;cad=rja&amp;uact=8&amp;ved=0CCYQFjABahUKEwiRyvqxpIvIAhWFPRoKHd-yDRo&amp;url=http%3A%2F%2Fwww.hamburg.de%2Fcontentblob%2F4479010%2Fdata%2Fdownload-koalitionsvertrag-2015.pdf&amp;usg=AFQjCNGpMI5-mNUD169UwZ_KmHg-_Pfneg\" target=\"_blank\">Koalitionsvertrag, Seite 27,<\/a> finden Sie die Ausf\u00fchrungen unseres rot-gr\u00fcnen Senates zu den Port-Feeder-Barges. Richtig, unter dem Kapitel Luftreinhaltung.<\/p>\n<p>\u00dcber den Vertrag von Vorstandschef Herrn Klaus-Dieter Peters zu spekulieren, k\u00f6nnen andere machen. Die Vertragslaufzeit bis Ende 2016 l\u00e4sst noch gen\u00fcgend Luft. Bis dahin wird keine Port-Feeder-Barge im Hamburger Hafen installiert sein und kein Pilotprojekt f\u00fcr einen\u00a0 Landstromanschluss f\u00fcr Containerschiffe am Athabaskakai beim CTB gestartet sein. Gen\u00fcgend Zeit, sich in der Politik und Hafenwirtschaft mit diesem gr\u00fcnen Thema zu profilieren!?!<\/p>\n","protected":false},"excerpt":{"rendered":"<p>Regelm\u00e4\u00dfig dreht sich das Personalkarussell in der Vorstandsetagen der \u00f6ffentlichen Unternehmensbeteiligungen im Hafen &#8211; letztmalig bei der HPA unmittelbar vor der B\u00fcrgerschaftswahl 2015. Derartige Personalentscheidungen sind mit strategischen \u00dcberlegungen verbunden &#8211; bei der HPA und Herrn Meier war es der 10%-Personalabbau in der Hafenbeh\u00f6rde. Das Karussell dreht nun in der HHLA. Wie man in der &hellip; <a href=\"https:\/\/www.hamburg-fuer-die-elbe.de\/?p=7728\" class=\"more-link\"><span class=\"screen-reader-text\">HHLA-Personalien<\/span> weiterlesen <span class=\"meta-nav\">&rarr;<\/span><\/a><\/p>\n","protected":false},"author":2,"featured_media":0,"comment_status":"closed","ping_status":"closed","sticky":false,"template":"","format":"standard","meta":{"footnotes":""},"categories":[1],"tags":[441,21,225,146],"_links":{"self":[{"href":"https:\/\/www.hamburg-fuer-die-elbe.de\/index.php?rest_route=\/wp\/v2\/posts\/7728"}],"collection":[{"href":"https:\/\/www.hamburg-fuer-die-elbe.de\/index.php?rest_route=\/wp\/v2\/posts"}],"about":[{"href":"https:\/\/www.hamburg-fuer-die-elbe.de\/index.php?rest_route=\/wp\/v2\/types\/post"}],"author":[{"embeddable":true,"href":"https:\/\/www.hamburg-fuer-die-elbe.de\/index.php?rest_route=\/wp\/v2\/users\/2"}],"replies":[{"embeddable":true,"href":"https:\/\/www.hamburg-fuer-die-elbe.de\/index.php?rest_route=%2Fwp%2Fv2%2Fcomments&post=7728"}],"version-history":[{"count":5,"href":"https:\/\/www.hamburg-fuer-die-elbe.de\/index.php?rest_route=\/wp\/v2\/posts\/7728\/revisions"}],"predecessor-version":[{"id":7736,"href":"https:\/\/www.hamburg-fuer-die-elbe.de\/index.php?rest_route=\/wp\/v2\/posts\/7728\/revisions\/7736"}],"wp:attachment":[{"href":"https:\/\/www.hamburg-fuer-die-elbe.de\/index.php?rest_route=%2Fwp%2Fv2%2Fmedia&parent=7728"}],"wp:term":[{"taxonomy":"category","embeddable":true,"href":"https:\/\/www.hamburg-fuer-die-elbe.de\/index.php?rest_route=%2Fwp%2Fv2%2Fcategories&post=7728"},{"taxonomy":"post_tag","embeddable":true,"href":"https:\/\/www.hamburg-fuer-die-elbe.de\/index.php?rest_route=%2Fwp%2Fv2%2Ftags&post=7728"}],"curies":[{"name":"wp","href":"https:\/\/api.w.org\/{rel}","templated":true}]}}