{"id":7774,"date":"2015-09-29T18:15:12","date_gmt":"2015-09-29T17:15:12","guid":{"rendered":"http:\/\/www.hamburg-fuer-die-elbe.de\/?p=7774"},"modified":"2015-09-28T22:16:00","modified_gmt":"2015-09-28T21:16:00","slug":"was-ist-los-in-altenwerder","status":"publish","type":"post","link":"https:\/\/www.hamburg-fuer-die-elbe.de\/?p=7774","title":{"rendered":"Was ist los in Altenwerder?"},"content":{"rendered":"<p>Hui, in Altenwerder passiert ja was. Haben Sie nicht mitbekommen?<\/p>\n<p><a href=\"https:\/\/www.hamburg-fuer-die-elbe.de\/wordpress\/wp-content\/uploads\/2015\/09\/Altenwerder-Nordzufahrt.jpg\" target=\"_blank\"><img loading=\"lazy\" decoding=\"async\" class=\"alignleft wp-image-7778 size-medium\" src=\"https:\/\/www.hamburg-fuer-die-elbe.de\/wordpress\/wp-content\/uploads\/2015\/09\/Altenwerder-Nordzufahrt-300x225.jpg\" alt=\"Altenwerder Nordzufahrt\" width=\"300\" height=\"225\" srcset=\"https:\/\/www.hamburg-fuer-die-elbe.de\/wordpress\/wp-content\/uploads\/2015\/09\/Altenwerder-Nordzufahrt-300x225.jpg 300w, https:\/\/www.hamburg-fuer-die-elbe.de\/wordpress\/wp-content\/uploads\/2015\/09\/Altenwerder-Nordzufahrt.jpg 876w\" sizes=\"(max-width: 300px) 100vw, 300px\" \/><\/a> Am 16.09.2015 wurde die <a href=\"http:\/\/www.hamburg-port-authority.de\/de\/presse\/pressearchiv\/Seiten\/Pressemitteilung-16-09-2015.aspx\" target=\"_blank\">N\u00f6rdliche <\/a><a href=\"http:\/\/www.hamburg-port-authority.de\/de\/presse\/pressearchiv\/Seiten\/Pressemitteilung-16-09-2015.aspx\" target=\"_blank\">Stra\u00dfenanbindung Altenwerder<\/a> freigegeben. Die Fahrtstrecke zum CTA, bislang an der langen Stra\u00dfe &#8220;Altenwerder Hauptdeich&#8221; an den Gleisen zum Hansaport gef\u00fchrt, verk\u00fcrzt sich mit der Er\u00f6ffnung nun erheblich. Ob sich die Einf\u00e4delung der CTA-Verkehre in den Kreisverkehr rund um die Finkenwerder Stra\u00dfe nun deutlich verk\u00fcrzen wird, wagen wir angesichts der merkw\u00fcrdigen Ampelschaltung zu bezweifeln.<\/p>\n<p style=\"text-align: left;\">Die Kosten jener imposanten Nordanbindung f<a href=\"https:\/\/www.hamburg-fuer-die-elbe.de\/wordpress\/wp-content\/uploads\/2015\/09\/Altenwerder-Nordzufahrt2.jpg\" target=\"_blank\"><img loading=\"lazy\" decoding=\"async\" class=\"wp-image-7779 size-medium alignright\" src=\"https:\/\/www.hamburg-fuer-die-elbe.de\/wordpress\/wp-content\/uploads\/2015\/09\/Altenwerder-Nordzufahrt2-300x225.jpg\" alt=\"Altenwerder Nordzufahrt2\" width=\"300\" height=\"225\" srcset=\"https:\/\/www.hamburg-fuer-die-elbe.de\/wordpress\/wp-content\/uploads\/2015\/09\/Altenwerder-Nordzufahrt2-300x225.jpg 300w, https:\/\/www.hamburg-fuer-die-elbe.de\/wordpress\/wp-content\/uploads\/2015\/09\/Altenwerder-Nordzufahrt2.jpg 876w\" sizes=\"(max-width: 300px) 100vw, 300px\" \/><\/a>\u00fcr die Br\u00fccke \u00fcber die Gleise zum CTA sind nicht bekannt. Sie versickern in dem gesamten Projekt um die <a href=\"https:\/\/www.hamburg-fuer-die-elbe.de\/?page_id=294\" target=\"_blank\">CTA-Erweiterung<\/a> und damit im gesamten HPA-Budget f\u00fcr die CTA-Bauma\u00dfnahmen von \u00fcber 165 Mio. Euro. Wir freuen uns, dass sich zumindest f\u00fcr Radfahrer aus Finkenwerder die Anfahrt zur <a href=\"http:\/\/kirche-suederelbe.de\/altenwerder\/\" target=\"_blank\">Altenwerder St. Gertrudkirche <\/a>drastisch verk\u00fcrzt hat &#8211; selbst die Ausschilderung wurde angepasst. Es ist in jedem Falle f\u00fcr alle Hamburgerinnen und Hamburger ein lohnenswerter Besuch &#8211; denn auch die Stadt Hamburg hat Tausende von Menschen zwangsumgesiedelt. Ein Ankn\u00fcpfungspunkt zur aktuellen Diskussion um Vertriebene und deren Unterbringung in Hamburg?!<\/p>\n<p style=\"text-align: left;\"><a href=\"https:\/\/www.hamburg-fuer-die-elbe.de\/wordpress\/wp-content\/uploads\/2015\/09\/Altenwerder-Logistik.jpg\" target=\"_blank\"><img loading=\"lazy\" decoding=\"async\" class=\"alignleft wp-image-7780 size-medium\" src=\"https:\/\/www.hamburg-fuer-die-elbe.de\/wordpress\/wp-content\/uploads\/2015\/09\/Altenwerder-Logistik-300x225.jpg\" alt=\"Altenwerder Logistik\" width=\"300\" height=\"225\" srcset=\"https:\/\/www.hamburg-fuer-die-elbe.de\/wordpress\/wp-content\/uploads\/2015\/09\/Altenwerder-Logistik-300x225.jpg 300w, https:\/\/www.hamburg-fuer-die-elbe.de\/wordpress\/wp-content\/uploads\/2015\/09\/Altenwerder-Logistik.jpg 829w\" sizes=\"(max-width: 300px) 100vw, 300px\" \/><\/a>Wenige Meter weiter s\u00fcdlich k\u00fchlt der frisch am Sonntag verbaute und gewalzte Asphalt auf der riesigen ehemaligen Brachfl\u00e4che westlich der Stra\u00dfe &#8220;Am Altenwerder Kirchtal&#8221; aus. Die gesamte Fl\u00e4che wurde anscheinend an diesem Sonntag asphaltiert &#8211; am fr\u00fchen Abend dampft noch die S\u00fcdwestecke des Gel\u00e4ndes und Baumaschinen sind aktiv. Wir finden keine Gr\u00fcndungen f\u00fcr Fundamente f\u00fcr Logisitikhallen oder Geb\u00e4ude. Einfach nur Asphalt &#8211; es wirkt so, als ob hier eine riesige Lkw-Parkfl\u00e4che oder ein Leercontainerdepot errichtet wird. Bauschilder gibt es nicht, weder f\u00fcr wen, noch f\u00fcr was gebaut wird, noch werhier arbeitet ist erkennbar: jeder private Bauherr h\u00e4tte sich mangels der fehlenden Schilder schon Anzeigen wegen Schwarzarbeit u.\u00e4. eingefangen. Im Hafen scheint mit HPA einfach alles m\u00f6glich zu sein.<\/p>\n<p style=\"text-align: left;\">So auch in <a href=\"https:\/\/www.hamburg-fuer-die-elbe.de\/?page_id=290\" target=\"_blank\">Altenwerder-West<\/a>, dem Wald an den <a href=\"https:\/\/www.hamburg-fuer-die-elbe.de\/?p=6293\" target=\"_blank\">Vollh\u00f6fner Weiden<\/a>. Wir konnten von den in der Abendsonne singenden Karkfinken vor dem abendlichen Orgelkonzert in St. Gertrud h\u00f6ren, dass der Wald f\u00fcr neue Logistikfl\u00e4chen f\u00fcr bekannte Unternehmen gef\u00e4llt werden soll. Amazon wurde als Bauherr besungen &#8211; auch von einem Zalando wurde gezwitschert.<\/p>\n<p style=\"text-align: left;\">Das k\u00f6nnen wir gut verstehen. Amazon oder Zalando brauchen dringend hafennahe Logistikfl\u00e4chen am seeschifftiefen Wasser. Deren nachhaltige Gesch\u00e4ftsmodelle, die <a href=\"http:\/\/www.spiegel.de\/wirtschaft\/unternehmen\/amazon-ver-di-setzt-streik-unerwartet-fort-a-1055067.html\" target=\"_blank\">jahrelange Konflikte mit den Gewerkschaften <\/a>in Deutschland um Arbeitspl\u00e4tze und Entlohnung hervorrufen, und die unsere <a href=\"https:\/\/www.tagesschau.de\/wirtschaft\/amazon-159.html\" target=\"_blank\">Steuergesetzgebung<\/a> mit einem &#8220;EU-konformen&#8221; Steuersatz von gut 1% in Luxemburg hintergehen, d\u00fcrfen wegen dieser<a href=\"http:\/\/www.uni-muenster.de\/CareerService\/blog\/2012\/06\/die-geschaftsmodelle-von-apple-google-amazon-und-facebook\/\" target=\"_blank\"> gesellschaftlich und ethisch anerkannten Unternehmenspolitik<\/a> selbstverst\u00e4ndlich ein Hamburger Biotop vernichten. Unser rot-gr\u00fcner Senat hilft wegen der &#8220;nachhaltigen Arbeitspl\u00e4tze&#8221; gerne dabei.<\/p>\n<p style=\"text-align: left;\">Dass Altenwerder so brummt h\u00e4tten Sie auch nicht erwartet, oder? Nein wie auch. Unser Senat hebt in Sachen Hafen gerne mal den Teppich. Unter dem verschwindet dann so manche Baumillion und auch so mancher Wald&#8230;<\/p>\n","protected":false},"excerpt":{"rendered":"<p>Hui, in Altenwerder passiert ja was. Haben Sie nicht mitbekommen? Am 16.09.2015 wurde die N\u00f6rdliche Stra\u00dfenanbindung Altenwerder freigegeben. Die Fahrtstrecke zum CTA, bislang an der langen Stra\u00dfe &#8220;Altenwerder Hauptdeich&#8221; an den Gleisen zum Hansaport gef\u00fchrt, verk\u00fcrzt sich mit der Er\u00f6ffnung nun erheblich. Ob sich die Einf\u00e4delung der CTA-Verkehre in den Kreisverkehr rund um die Finkenwerder &hellip; <a href=\"https:\/\/www.hamburg-fuer-die-elbe.de\/?p=7774\" class=\"more-link\"><span class=\"screen-reader-text\">Was ist los in Altenwerder?<\/span> weiterlesen <span class=\"meta-nav\">&rarr;<\/span><\/a><\/p>\n","protected":false},"author":2,"featured_media":0,"comment_status":"closed","ping_status":"closed","sticky":false,"template":"","format":"standard","meta":{"footnotes":""},"categories":[1,11],"tags":[404,13,443,405],"_links":{"self":[{"href":"https:\/\/www.hamburg-fuer-die-elbe.de\/index.php?rest_route=\/wp\/v2\/posts\/7774"}],"collection":[{"href":"https:\/\/www.hamburg-fuer-die-elbe.de\/index.php?rest_route=\/wp\/v2\/posts"}],"about":[{"href":"https:\/\/www.hamburg-fuer-die-elbe.de\/index.php?rest_route=\/wp\/v2\/types\/post"}],"author":[{"embeddable":true,"href":"https:\/\/www.hamburg-fuer-die-elbe.de\/index.php?rest_route=\/wp\/v2\/users\/2"}],"replies":[{"embeddable":true,"href":"https:\/\/www.hamburg-fuer-die-elbe.de\/index.php?rest_route=%2Fwp%2Fv2%2Fcomments&post=7774"}],"version-history":[{"count":5,"href":"https:\/\/www.hamburg-fuer-die-elbe.de\/index.php?rest_route=\/wp\/v2\/posts\/7774\/revisions"}],"predecessor-version":[{"id":7788,"href":"https:\/\/www.hamburg-fuer-die-elbe.de\/index.php?rest_route=\/wp\/v2\/posts\/7774\/revisions\/7788"}],"wp:attachment":[{"href":"https:\/\/www.hamburg-fuer-die-elbe.de\/index.php?rest_route=%2Fwp%2Fv2%2Fmedia&parent=7774"}],"wp:term":[{"taxonomy":"category","embeddable":true,"href":"https:\/\/www.hamburg-fuer-die-elbe.de\/index.php?rest_route=%2Fwp%2Fv2%2Fcategories&post=7774"},{"taxonomy":"post_tag","embeddable":true,"href":"https:\/\/www.hamburg-fuer-die-elbe.de\/index.php?rest_route=%2Fwp%2Fv2%2Ftags&post=7774"}],"curies":[{"name":"wp","href":"https:\/\/api.w.org\/{rel}","templated":true}]}}