{"id":7857,"date":"2015-10-06T19:55:40","date_gmt":"2015-10-06T18:55:40","guid":{"rendered":"http:\/\/www.hamburg-fuer-die-elbe.de\/?p=7857"},"modified":"2017-01-05T10:40:59","modified_gmt":"2017-01-05T08:40:59","slug":"kollision-vor-seebruegge","status":"publish","type":"post","link":"https:\/\/www.hamburg-fuer-die-elbe.de\/?p=7857","title":{"rendered":"Kollision vor Zeebrugge"},"content":{"rendered":"<p>Wie aus <a href=\"http:\/\/www.handelsblatt.com\/panorama\/aus-aller-welt\/besatzung-gerettet-frachtschiff-sinkt-vor-belgischer-kueste\/12414360.html\" target=\"_blank\">verschiedenen <\/a><a href=\"http:\/\/www.abendblatt.de\/vermischtes\/article205975575\/300-Meter-langer-Gastanker-kollidiert-mit-Containerschiff.html\" target=\"_blank\">Medien <\/a>zu entnehmen ist, <a href=\"https:\/\/www.hamburg-fuer-die-elbe.de\/wordpress\/wp-content\/uploads\/2014\/12\/WrackBlankenese.jpg\" target=\"_blank\"><img loading=\"lazy\" decoding=\"async\" class=\"alignright wp-image-4440 size-medium\" src=\"https:\/\/www.hamburg-fuer-die-elbe.de\/wordpress\/wp-content\/uploads\/2014\/12\/WrackBlankenese-300x225.jpg\" alt=\"WrackBlankenese\" width=\"300\" height=\"225\" srcset=\"https:\/\/www.hamburg-fuer-die-elbe.de\/wordpress\/wp-content\/uploads\/2014\/12\/WrackBlankenese-300x225.jpg 300w, https:\/\/www.hamburg-fuer-die-elbe.de\/wordpress\/wp-content\/uploads\/2014\/12\/WrackBlankenese-1024x768.jpg 1024w, https:\/\/www.hamburg-fuer-die-elbe.de\/wordpress\/wp-content\/uploads\/2014\/12\/WrackBlankenese-900x675.jpg 900w, https:\/\/www.hamburg-fuer-die-elbe.de\/wordpress\/wp-content\/uploads\/2014\/12\/WrackBlankenese.jpg 1600w\" sizes=\"(max-width: 300px) 100vw, 300px\" \/><\/a>kollidierten gestern Nacht der <a href=\"https:\/\/www.vesselfinder.com\/de\/vessels\/FLINTERSTAR-IMO-9243758-MMSI-246235000\" target=\"_blank\">Frachter &#8220;Flinterstar&#8221;<\/a> (129m lang, 17m breit, 7,5m tief) und der <a href=\"https:\/\/www.vesselfinder.com\/de\/vessels\/AL-ORAIQ-IMO-9360790-MMSI-538003072\" target=\"_blank\">Gastanker &#8220;Al Oraiq&#8221;<\/a> (315m lang, 50m breit, 13,62m tief) in der Nordsee vor der belgischen K\u00fcste, nahe Zeebrugge. Die &#8220;Flinterstar&#8221; sank, die Besatzung konnte gerettet werden. Der LNG-Gastanker erlitt anscheinend nur relativ geringe Sch\u00e4den und wurde nach Zeebrugge verholt.<\/p>\n<p>Die &#8220;Flinterstar&#8221; soll 73 Tonnen Heiz\u00f6l und 125 Tonnen Diesel, zudem Stahl und Baumaterialien transportiert haben. Nach der Kollision gibt es daher <a href=\"https:\/\/www.merkur.de\/welt\/frachtschiff-sinkt-in-der-nordsee-zr-5601868.html\" target=\"_blank\" class=\"broken_link\">offenbar zwei bedrohliche \u00d6lteppiche<\/a>, die vor der belgischen K\u00fcste treiben und m\u00f6glicherweise niederl\u00e4ndische K\u00fcstengebiete erreichen k\u00f6nnen. Zu diesem Zeitpunkt gef\u00e4hrden die \u00d6lteppiche insbesondere die Zugv\u00f6gel, die auf ihrem Flug nach S\u00fcden an der K\u00fcste einen Zwischenstopp machen.<\/p>\n<p>Zur Ursache der Kollision scheint man noch im Dunkeln zu tappen. Auf Youtube gibt es <a href=\"https:\/\/www.youtube.com\/watch?v=IknycXF_lSI\" target=\"_blank\">einen Zeitrafferfilm der den Zusammensto\u00df zu dokumentieren scheint<\/a>. Beide Schiffe nehmen Kurskorrekturen vor, jedoch jeweils in dieselbe Richtung. Auf der hohen See w\u00e4re &#8220;Al Oraiq&#8221; ausweichpflichtig und &#8220;Flinterstar&#8221; Kurshalter. Flinterstar leitet kein\u00a0&#8220;<a href=\"https:\/\/de.wikipedia.org\/wiki\/Man%C3%B6ver_des_letzten_Augenblicks\" target=\"_blank\">Man\u00f6ver des letzten Augenblicks<\/a>&#8221; ein. &#8220;Al Oraiq&#8221; dreht kurz vor der Kollision nach Steuerbord ein und h\u00e4lt auf &#8220;Flinterstar&#8221; zu. Es kommt zu einem frontalen Zusammensto\u00df.<\/p>\n<p>Wir fragen uns, wie so etwas im Zeitalter von GPS, Radar, AIS, Funkverkehr passieren kann. Waren die Br\u00fccken nicht ausreichend besetzt? War eine sprachliche Verst\u00e4ndigung nicht m\u00f6glich? Gab es technische Probleme auf einem oder beiden Schiffen? Oder hat der ber\u00fcchtigte Flaggenstaat von &#8220;Al Oraiq&#8221;, die <a href=\"https:\/\/www.hamburg-fuer-die-elbe.de\/?p=5123\" target=\"_blank\">Republik Marshallinseln<\/a>, etwas \u00fcbersehen?<\/p>\n<p>Diese Havarie ist heute auf der Nordsee passiert und es gibt noch etwas Zeit, \u00d6lsperren auszubringen und vielleicht die Naturkatastrophe etwas zu reduzieren. Wenn eine solche <a href=\"https:\/\/www.hamburg-fuer-die-elbe.de\/?p=6357\" target=\"_blank\">Havarie auf der Elbe<\/a> passiert, verbleibt keine Zeit f\u00fcr irgendwelche Ma\u00dfnahmen.<\/p>\n","protected":false},"excerpt":{"rendered":"<p>Wie aus verschiedenen Medien zu entnehmen ist, kollidierten gestern Nacht der Frachter &#8220;Flinterstar&#8221; (129m lang, 17m breit, 7,5m tief) und der Gastanker &#8220;Al Oraiq&#8221; (315m lang, 50m breit, 13,62m tief) in der Nordsee vor der belgischen K\u00fcste, nahe Zeebrugge. Die &#8220;Flinterstar&#8221; sank, die Besatzung konnte gerettet werden. Der LNG-Gastanker erlitt anscheinend nur relativ geringe Sch\u00e4den &hellip; <a href=\"https:\/\/www.hamburg-fuer-die-elbe.de\/?p=7857\" class=\"more-link\"><span class=\"screen-reader-text\">Kollision vor Zeebrugge<\/span> weiterlesen <span class=\"meta-nav\">&rarr;<\/span><\/a><\/p>\n","protected":false},"author":3,"featured_media":0,"comment_status":"closed","ping_status":"closed","sticky":false,"template":"","format":"standard","meta":{"footnotes":""},"categories":[1,286],"tags":[446,445,56,334,447],"_links":{"self":[{"href":"https:\/\/www.hamburg-fuer-die-elbe.de\/index.php?rest_route=\/wp\/v2\/posts\/7857"}],"collection":[{"href":"https:\/\/www.hamburg-fuer-die-elbe.de\/index.php?rest_route=\/wp\/v2\/posts"}],"about":[{"href":"https:\/\/www.hamburg-fuer-die-elbe.de\/index.php?rest_route=\/wp\/v2\/types\/post"}],"author":[{"embeddable":true,"href":"https:\/\/www.hamburg-fuer-die-elbe.de\/index.php?rest_route=\/wp\/v2\/users\/3"}],"replies":[{"embeddable":true,"href":"https:\/\/www.hamburg-fuer-die-elbe.de\/index.php?rest_route=%2Fwp%2Fv2%2Fcomments&post=7857"}],"version-history":[{"count":12,"href":"https:\/\/www.hamburg-fuer-die-elbe.de\/index.php?rest_route=\/wp\/v2\/posts\/7857\/revisions"}],"predecessor-version":[{"id":11095,"href":"https:\/\/www.hamburg-fuer-die-elbe.de\/index.php?rest_route=\/wp\/v2\/posts\/7857\/revisions\/11095"}],"wp:attachment":[{"href":"https:\/\/www.hamburg-fuer-die-elbe.de\/index.php?rest_route=%2Fwp%2Fv2%2Fmedia&parent=7857"}],"wp:term":[{"taxonomy":"category","embeddable":true,"href":"https:\/\/www.hamburg-fuer-die-elbe.de\/index.php?rest_route=%2Fwp%2Fv2%2Fcategories&post=7857"},{"taxonomy":"post_tag","embeddable":true,"href":"https:\/\/www.hamburg-fuer-die-elbe.de\/index.php?rest_route=%2Fwp%2Fv2%2Ftags&post=7857"}],"curies":[{"name":"wp","href":"https:\/\/api.w.org\/{rel}","templated":true}]}}