{"id":7910,"date":"2015-10-14T07:36:18","date_gmt":"2015-10-14T06:36:18","guid":{"rendered":"http:\/\/www.hamburg-fuer-die-elbe.de\/?p=7910"},"modified":"2017-01-26T19:07:22","modified_gmt":"2017-01-26T17:07:22","slug":"frachtratenabsturz","status":"publish","type":"post","link":"https:\/\/www.hamburg-fuer-die-elbe.de\/?p=7910","title":{"rendered":"Frachtratenabsturz"},"content":{"rendered":"<p>Die Preise f\u00fcr den Containertransporte von <a href=\"https:\/\/www.hamburg-fuer-die-elbe.de\/wordpress\/wp-content\/uploads\/2015\/09\/Hapag-Lloyd.jpg\" target=\"_blank\"><img loading=\"lazy\" decoding=\"async\" class=\"alignright wp-image-7725 size-medium\" src=\"https:\/\/www.hamburg-fuer-die-elbe.de\/wordpress\/wp-content\/uploads\/2015\/09\/Hapag-Lloyd-300x177.jpg\" alt=\"Hapag-Lloyd\" width=\"300\" height=\"177\" srcset=\"https:\/\/www.hamburg-fuer-die-elbe.de\/wordpress\/wp-content\/uploads\/2015\/09\/Hapag-Lloyd-300x177.jpg 300w, https:\/\/www.hamburg-fuer-die-elbe.de\/wordpress\/wp-content\/uploads\/2015\/09\/Hapag-Lloyd-1024x602.jpg 1024w, https:\/\/www.hamburg-fuer-die-elbe.de\/wordpress\/wp-content\/uploads\/2015\/09\/Hapag-Lloyd-900x530.jpg 900w, https:\/\/www.hamburg-fuer-die-elbe.de\/wordpress\/wp-content\/uploads\/2015\/09\/Hapag-Lloyd.jpg 1030w\" sizes=\"(max-width: 300px) 100vw, 300px\" \/><\/a>und nach China haben ein erneutes Rekordtief erreicht. Die im <a href=\"http:\/\/en.sse.net.cn\/indices\/scfinew.jsp\" target=\"_blank\">SCFI-Index<\/a> w\u00f6chentlich abgebildeten Frachtraten f\u00fcr die Hauptrouten von und nach China sanken am 09.10.2015 nach <a href=\"http:\/\/www.alphaliner.com\/liner2\/research_files\/newsletters\/2015\/no41\/Alphaliner%20Newsletter%20no%2041%20-%202015.pdf\" target=\"_blank\">Recherchen des Branchendienstes Alphaliner<\/a> auf den niedrigsten seit 2009 festgestellten Indexwert von 534 Punkten.<\/p>\n<p>Der Preis f\u00fcr den Transport eines TEU\u00a0 zwischen Shanghai und den Nordrangeh\u00e4fen (einschlie\u00dflich Hamburg), der zum Jahreswechsel 2014\/2015 bei \u00fcber 1.200 US$\/TEU lag, ist auf 259 US$\/TEU abgest\u00fcrzt. Eine \u00e4hnliche Entwicklung nahmen die Raten zu den Mittelmeerh\u00e4fen, die bei 244 US$\/TEU (Jahresanfang 1.300 US$\/TEU) notierten und die Raten nach S\u00fcdamerika, die auf 158 US$\/TEU (Jahresanfang 1.200 US$\/TEU) abst\u00fcrzten. Alphaliner berichtet in seinem Newsletter sogar von Raten nach S\u00fcdamerika von 50 US$\/TEU und in das Mittelmeer von um die 100 US$\/TEU.<\/p>\n<p>Beste Voraussetzungen f\u00fcr den geplanten Hapag-Lloyd-B\u00f6rsengang?<br \/>\nDieser soll nun noch in dieser Woche mit der <a href=\"https:\/\/www.google.de\/url?sa=t&amp;rct=j&amp;q=&amp;esrc=s&amp;source=web&amp;cd=1&amp;cad=rja&amp;uact=8&amp;ved=0CCEQFjAAahUKEwidx4SznsHIAhVCRBoKHeP1AQw&amp;url=http%3A%2F%2Fwww.abendblatt.de%2Fwirtschaft%2Farticle206277367%2FHapag-Lloyd-will-noch-im-Oktober-an-die-Boerse.html&amp;usg=AFQjCNHo8fBDVsthcelj-uVYcbQ42mwMSQ\" target=\"_blank\">Ver\u00f6ffentlichung der Spanne<\/a>, innerhalb der der Aktienpreis liegen wird, durch die konsortialf\u00fchrenden Banken gestartet werden. In der <a href=\"http:\/\/www.focus.de\/finanzen\/news\/wirtschaftsticker\/ipo-hapag-lloyd-laesst-sich-von-turbulenzen-nicht-beirren-boersenplaene-stehen_id_5006074.html\" target=\"_blank\">FAZ ist dazu zu lesen<\/a>: &#8220;<em>Hapag-Lloyd-Chef Jansen h\u00e4lt deshalb die Anteile an der Reederei nichts f\u00fcr unerfahrene Anleger. &#8220;Wir sind sicher keine Aktie f\u00fcr jedermann&#8221;, sagte er der &#8220;FAS&#8221;. &#8220;Wir h\u00e4ngen von den Zyklen der Weltwirtschaft ab, das kann schwanken. Wir glauben jedoch an die Containerschifffahrt als globaler Wachstumsbranche.&#8221; Das Papier werde zudem kein Dividendentitel werden. Es sei zwar geplant, die Aktion\u00e4re am Gewinn zu beteiligen. Erstmals sei dies f\u00fcr 2016 vorgesehen. Zur H\u00f6he konnte und wollte er sich nicht \u00e4u\u00dfern. &#8220;Aber vermutlich wird die Hapag-Aktie kein dividendenstarkes Papier f\u00fcr vorsichtige Anleger sein.<\/em>&#8221;<\/p>\n<p>In einer <a href=\"https:\/\/www.buergerschaft-hh.de\/ParlDok\/dokument\/50076\/b%c3%b6rsengang-von-hapag-lloyd-%e2%80%93-widerspr%c3%bcchliche-aussagen-des-senats.pdf\" target=\"_blank\" class=\"broken_link\">Schriftliche Kleine Anfrage<\/a> in der B\u00fcrgerschaft wird der Senat nach weiteren Widerspr\u00fcchlichkeiten zum B\u00f6rsengang befragt.<\/p>\n","protected":false},"excerpt":{"rendered":"<p>Die Preise f\u00fcr den Containertransporte von und nach China haben ein erneutes Rekordtief erreicht. Die im SCFI-Index w\u00f6chentlich abgebildeten Frachtraten f\u00fcr die Hauptrouten von und nach China sanken am 09.10.2015 nach Recherchen des Branchendienstes Alphaliner auf den niedrigsten seit 2009 festgestellten Indexwert von 534 Punkten. Der Preis f\u00fcr den Transport eines TEU\u00a0 zwischen Shanghai und &hellip; <a href=\"https:\/\/www.hamburg-fuer-die-elbe.de\/?p=7910\" class=\"more-link\"><span class=\"screen-reader-text\">Frachtratenabsturz<\/span> weiterlesen <span class=\"meta-nav\">&rarr;<\/span><\/a><\/p>\n","protected":false},"author":2,"featured_media":0,"comment_status":"closed","ping_status":"closed","sticky":false,"template":"","format":"standard","meta":{"footnotes":""},"categories":[1,10,129],"tags":[428,27,427],"_links":{"self":[{"href":"https:\/\/www.hamburg-fuer-die-elbe.de\/index.php?rest_route=\/wp\/v2\/posts\/7910"}],"collection":[{"href":"https:\/\/www.hamburg-fuer-die-elbe.de\/index.php?rest_route=\/wp\/v2\/posts"}],"about":[{"href":"https:\/\/www.hamburg-fuer-die-elbe.de\/index.php?rest_route=\/wp\/v2\/types\/post"}],"author":[{"embeddable":true,"href":"https:\/\/www.hamburg-fuer-die-elbe.de\/index.php?rest_route=\/wp\/v2\/users\/2"}],"replies":[{"embeddable":true,"href":"https:\/\/www.hamburg-fuer-die-elbe.de\/index.php?rest_route=%2Fwp%2Fv2%2Fcomments&post=7910"}],"version-history":[{"count":5,"href":"https:\/\/www.hamburg-fuer-die-elbe.de\/index.php?rest_route=\/wp\/v2\/posts\/7910\/revisions"}],"predecessor-version":[{"id":11150,"href":"https:\/\/www.hamburg-fuer-die-elbe.de\/index.php?rest_route=\/wp\/v2\/posts\/7910\/revisions\/11150"}],"wp:attachment":[{"href":"https:\/\/www.hamburg-fuer-die-elbe.de\/index.php?rest_route=%2Fwp%2Fv2%2Fmedia&parent=7910"}],"wp:term":[{"taxonomy":"category","embeddable":true,"href":"https:\/\/www.hamburg-fuer-die-elbe.de\/index.php?rest_route=%2Fwp%2Fv2%2Fcategories&post=7910"},{"taxonomy":"post_tag","embeddable":true,"href":"https:\/\/www.hamburg-fuer-die-elbe.de\/index.php?rest_route=%2Fwp%2Fv2%2Ftags&post=7910"}],"curies":[{"name":"wp","href":"https:\/\/api.w.org\/{rel}","templated":true}]}}