{"id":8078,"date":"2015-11-06T22:33:34","date_gmt":"2015-11-06T21:33:34","guid":{"rendered":"http:\/\/www.hamburg-fuer-die-elbe.de\/?p=8078"},"modified":"2016-05-09T06:55:47","modified_gmt":"2016-05-09T05:55:47","slug":"neue-hafen-messstation","status":"publish","type":"post","link":"https:\/\/www.hamburg-fuer-die-elbe.de\/?p=8078","title":{"rendered":"Neue Hafen-Me\u00dfstation"},"content":{"rendered":"<p class=\"article__header__heading\"><a href=\"https:\/\/www.hamburg-fuer-die-elbe.de\/wordpress\/wp-content\/uploads\/2015\/11\/LuftmessnetzHH2.jpg\" target=\"_blank\"><img loading=\"lazy\" decoding=\"async\" class=\"alignright wp-image-8178\" src=\"https:\/\/www.hamburg-fuer-die-elbe.de\/wordpress\/wp-content\/uploads\/2015\/11\/LuftmessnetzHH2-300x292.jpg\" alt=\"LuftmessnetzHH2\" width=\"250\" height=\"243\" srcset=\"https:\/\/www.hamburg-fuer-die-elbe.de\/wordpress\/wp-content\/uploads\/2015\/11\/LuftmessnetzHH2-300x292.jpg 300w, https:\/\/www.hamburg-fuer-die-elbe.de\/wordpress\/wp-content\/uploads\/2015\/11\/LuftmessnetzHH2.jpg 551w\" sizes=\"(max-width: 250px) 100vw, 250px\" \/><\/a>Ob wir diese Station dem VW-Abgasskandal verdanken, oder ob es doch eine wahre Herzensangelegenheit unseres <a href=\"https:\/\/www.hamburg-fuer-die-elbe.de\/?p=8069\" target=\"_blank\">Umweltsenators Herrn Jens Kerstan ist<\/a>, k\u00f6nnen wir der Nachricht &#8220;<span class=\"article__header__headline\"><a href=\"https:\/\/www.google.de\/url?sa=t&amp;rct=j&amp;q=&amp;esrc=s&amp;source=web&amp;cd=1&amp;cad=rja&amp;uact=8&amp;ved=0CCUQqQIwAGoVChMIrOLj-OTlyAIVQREsCh3WVw5A&amp;url=http%3A%2F%2Fwww.abendblatt.de%2Fwirtschaft%2Fhafen-und-schifffahrt%2Farticle206339085%2FAuch-im-Hamburger-Hafen-werden-jetzt-die-Abgase-gemessen.html&amp;usg=AFQjCNHRPzFvCRCqtQTWM_sPJDZQhZYBxQ\" target=\"_blank\">Auch im Hamburger Hafen werden jetzt die Abgase gemessen<\/a>&#8221; aus dem Hamburger Abendblatt nicht entnehmen.<br \/>\n<\/span><\/p>\n<p class=\"article__header__heading\">Eine neue Me\u00dfstation gibt es also im <a href=\"http:\/\/www.hamburg.de\/luftreinhaltung\/2716602\/luftmessnetz-artikel\/\" target=\"_blank\">Luftme\u00dfnetz Hamburg<\/a>. Und nun sogar im Hafen &#8211; wer h\u00e4tte das gedacht? Erkl\u00e4ren k\u00f6nnte man die Einrichtung der Station mit den Zw\u00e4ngen aus der EU-Luftreinhaltungsrichtlinie. Unser Umweltsenator macht das aber nicht &#8211; das w\u00fcrde zu den &#8220;bekannten Ohrfeigen&#8221; f\u00fchren und dann noch zu einem sehr peinlichen Disput mit den Mitarbeitern des Hamburger Instituts f\u00fcr Hygiene und Umwelt (HU).<\/p>\n<p class=\"article__header__heading\">Dieses Institut betreibt das Hamburger Luftme\u00dfnetz und ist der <a href=\"http:\/\/www.hamburg.de\/contentblob\/117214\/data\/bgv-organigramm-gesamt.pdf\" target=\"_blank\">Beh\u00f6rde f\u00fcr Gesundheit und Verbraucherschutz<\/a> unter der <a href=\"http:\/\/www.hamburg.de\/senat\/2829936\/cornelia-pruefer-storcks\/\" target=\"_blank\">Senatorin Frau Pr\u00fcfer-Storcks<\/a> zugeordnet. Die Mitarbeiter des HU haben in den vergangenen Jahren so einige Untersuchungen rund um die Luftqualit\u00e4t im Hamburger Hafen angestellt und in den j\u00e4hrlichen &#8220;<a href=\"http:\/\/www.hamburg.de\/bgv\/jahresberichte-hu\/\" target=\"_blank\">Aktuellen Themen<\/a>&#8221; des Instituts ver\u00f6ffentlicht.<\/p>\n<ul>\n<li class=\"article__header__heading\"><a href=\"http:\/\/www.hamburg.de\/contentblob\/1698044\/data\/kurzfassung-2008.pdf\" target=\"_blank\">2007\/2008<\/a>: In &#8220;<em>Nicht immer vom Winde verweht &#8211; Emissionen der Kreuzfahrtschiffe in der HafenCity<\/em>&#8221; ist ab <a href=\"https:\/\/www.hamburg-fuer-die-elbe.de\/wordpress\/wp-content\/uploads\/2015\/11\/hh-ihu-kreuzfahrer-hafencity2008.pdf\" target=\"_blank\">Seite 48 die erste Luftuntersuchung im Hafen<\/a> zu finden.<\/li>\n<li class=\"article__header__heading\"><a href=\"http:\/\/www.hamburg.de\/contentblob\/3131958\/data\/kurzfassung-2010.pdf\" target=\"_blank\">2010\/2011<\/a>: In &#8220;<em>Kleine R\u00f6hrchen-Gro\u00dfer Nutzen &#8211; Messung von Stickstoffdioxid mit Passivsammlern<\/em>&#8221; ist ab <a href=\"https:\/\/www.hamburg-fuer-die-elbe.de\/wordpress\/wp-content\/uploads\/2015\/11\/hh-ihu-no2hafen-2010.pdf\" target=\"_blank\">Seite 58 eine weitere Untersuchung im Hafen<\/a> zu lesen.<\/li>\n<li class=\"article__header__heading\"><a href=\"http:\/\/www.hamburg.de\/contentblob\/4392204\/data\/hu-jahresbericht-2013.pdf\" target=\"_blank\">2013<\/a>: In &#8220;<em>Einfluss des Hafens auf die Hamburger Luft &#8211; Vergleich der Luftqualit\u00e4t am Elbhang und in der Innenstadt Hamburgs<\/em>&#8221; finden wir<a href=\"https:\/\/www.hamburg-fuer-die-elbe.de\/wordpress\/wp-content\/uploads\/2015\/11\/hh-ihu-hafenluftbelastung-2013.pdf\" target=\"_blank\"> ab Seite 54 den letzten Beitrag<\/a>.<\/li>\n<\/ul>\n<p class=\"article__header__heading\">Die Beitr\u00e4ge sind sehr vage geschrieben: es wird viel vermutet und der Wunsch nach <a href=\"https:\/\/www.hamburg-fuer-die-elbe.de\/wordpress\/wp-content\/uploads\/2015\/11\/LuftmessnetzHH1.jpg\" target=\"_blank\"><img loading=\"lazy\" decoding=\"async\" class=\"alignright wp-image-8179\" src=\"https:\/\/www.hamburg-fuer-die-elbe.de\/wordpress\/wp-content\/uploads\/2015\/11\/LuftmessnetzHH1-300x178.jpg\" alt=\"LuftmessnetzHH1\" width=\"250\" height=\"148\" srcset=\"https:\/\/www.hamburg-fuer-die-elbe.de\/wordpress\/wp-content\/uploads\/2015\/11\/LuftmessnetzHH1-300x178.jpg 300w, https:\/\/www.hamburg-fuer-die-elbe.de\/wordpress\/wp-content\/uploads\/2015\/11\/LuftmessnetzHH1-1024x607.jpg 1024w, https:\/\/www.hamburg-fuer-die-elbe.de\/wordpress\/wp-content\/uploads\/2015\/11\/LuftmessnetzHH1-900x534.jpg 900w, https:\/\/www.hamburg-fuer-die-elbe.de\/wordpress\/wp-content\/uploads\/2015\/11\/LuftmessnetzHH1.jpg 1450w\" sizes=\"(max-width: 250px) 100vw, 250px\" \/><\/a>detaillierteren Analysen formuliert. Warum diese nicht durchgef\u00fchrt wurden, wissen wir nicht. Wir k\u00f6nnen aber feststellen, dass es in den Hamburger Beh\u00f6rden Menschen gibt, die sich seit dem Jahr 2007 mit dem Thema &#8220;Luftverschmutzung durch den Hafen&#8221; besch\u00e4ftigen und gerne an diesem Thema weitergearbeitet h\u00e4tten!<\/p>\n<p class=\"article__header__heading\">Was macht aber nun unser gr\u00fcner Umweltsenator Herr Jens Kerstan, der doch im letzten Jahr in Sachen EU-Gesetzgebung die vor einem Jahr vor Gericht eingeforderte \u00dcberarbeitung des Luftreinhalteplans als &#8220;<a href=\"https:\/\/www.hamburg-fuer-die-elbe.de\/?p=8069\" target=\"_blank\">schallende Ohrfeigen<\/a>&#8221; f\u00fcr den Senat bezeichnet hatte? <strong>Nichts!<\/strong><\/p>\n<p class=\"article__header__heading\">Die neue Luftmessstation im Hamburger Hafen obliegt nicht einmal seiner Verantwortung. Umweltsenator Kerstan scheint erneut, wie in vielen anderen gr\u00fcnen Hamburger Umweltthemen, <strong>zum Jagen getragen<\/strong> werden m\u00fcssen. So hat <a href=\"http:\/\/bund-hamburg.bund.net\/nc\/presse\/pressemitteilungen_hamburg\/detail\/artikel\/luftschadstoffe-bund-kritisiert-untaetigkeit-der-stadt\/?tx_ttnews[backPid]=4655&amp;cHash=7cada32143ebf9910e3381a9f3050918\" target=\"_blank\" class=\"broken_link\">der BUND erhebliche Zweifel an den Senatsanstrengungen zur Erstellung des Luftreinhalteplanes<\/a>. \u201e<em>Seit dem Urteil sind zw\u00f6lf Monate verstrichen, die Belastung steigt und der Senat unternimmt offenbar nichts. Diese Ignoranz ist nicht l\u00e4nger hinnehmba<\/em><a href=\"https:\/\/www.hamburg-fuer-die-elbe.de\/wordpress\/wp-content\/uploads\/2015\/03\/Spitzenkanditaten-2.jpg\" target=\"_blank\"><img loading=\"lazy\" decoding=\"async\" class=\"alignleft wp-image-5443\" src=\"https:\/\/www.hamburg-fuer-die-elbe.de\/wordpress\/wp-content\/uploads\/2015\/03\/Spitzenkanditaten-2-300x122.jpg\" alt=\"Spitzenkanditaten 2\" width=\"329\" height=\"133\" srcset=\"https:\/\/www.hamburg-fuer-die-elbe.de\/wordpress\/wp-content\/uploads\/2015\/03\/Spitzenkanditaten-2-300x122.jpg 300w, https:\/\/www.hamburg-fuer-die-elbe.de\/wordpress\/wp-content\/uploads\/2015\/03\/Spitzenkanditaten-2.jpg 864w\" sizes=\"(max-width: 329px) 100vw, 329px\" \/><\/a><em>r<\/em>\u201c, so Manfred Braasch, Gesch\u00e4ftsf\u00fchrer des BUND Hamburg. \u201e<em>Wir haben jetzt Akteneinsicht beantragt, um nachzuvollziehen, ob die zust\u00e4ndige Beh\u00f6rde f\u00fcr Umwelt und Energie (BUE) das Thema \u00fcberhaupt im Sinne des Urteils bearbeitet. Sollten Vers\u00e4umnisse vorliegen, wird der BUND erneut gerichtliche Schritte pr\u00fcfen<\/em>\u201c, so der BUND-Gesch\u00e4ftsf\u00fchrer weiter.<\/p>\n<p class=\"article__header__heading\">Die Antwort von <a href=\"https:\/\/www.google.de\/url?sa=t&amp;rct=j&amp;q=&amp;esrc=s&amp;source=web&amp;cd=1&amp;cad=rja&amp;uact=8&amp;ved=0CCQQqQIwAGoVChMI-Zn0xbT8yAIVQbYPCh2SjAsw&amp;url=http%3A%2F%2Fwww.abendblatt.de%2Fhamburg%2Farticle206522809%2FSchlechte-Luft-BUND-droht-Senat-mit-neuer-Klage.html&amp;usg=AFQjCNHt3PJw9EfH6Hs0tbDhvrPtw6H-gg\" target=\"_blank\">Herrn Kerstan im Hamburger Abendblatt<\/a> ist, noch freundlich formuliert, eine richtige Frechheit: &#8220;<em>Das Gericht verlangt von uns die Darstellung konkreter Ma\u00dfnahmen inklusive ihrer Auswirkungen \u2013 und zwar auf ihre Wirksamkeit durchgerechnet. Einen Zettel mit zehn Ma\u00dfnahmen zu schreiben, das ginge \u00fcber Nacht. Das reicht dem Gericht und der EU aber nicht. Obwohl wir diverse Punkte schon jetzt voranbringen, kann es l\u00e4nger als ein Jahr dauern, einen komplett durchgerechneten Luftreinhalteplan vorzulegen. &#8230; Der BUND macht es sich hier also etwas zu einfach.<\/em>&#8220;<\/p>\n<p class=\"article__header__heading\">Hui, das klingt wirklich nach <a href=\"http:\/\/www.gruene-fraktion-hamburg.de\/soziales-umweltschutz-vorstand\/05-11-2014\/co2-und-dreckige-luft-warum-tut-der-senat-nichts\" target=\"_blank\">gr\u00fcner Leidenschaft allererster G\u00fcte<\/a>. <a href=\"http:\/\/gruenefraktion-107d.kxcdn.com\/sites\/default\/files\/styles\/thumbnail_wide\/public\/bild\/05-11-2014\/luftverschmutzung1.jpg?itok=CDpLRcUb\" target=\"_blank\" class=\"broken_link\">Senator Kerstan l\u00e4sst unerm\u00fcdlich an dem Luftreinhalteplan f\u00fcr unser Wohl arbeiten<\/a>. Wir haben geh\u00f6rt, dass die von Herrn Kerstan daf\u00fcr beauftragte Halbtagskraft mit einer noch unbesetzten Vollzeit-Praktikantenstelle verst\u00e4rkt wurde und deren gemeinsame Ausr\u00fcstung um einem stumpfen Bleistift und einen Abakus erweitert wurde. Also vollstes gr\u00fcnes Engagement!<\/p>\n<p class=\"article__header__heading\">Herr Horch soll in Amtshilfe f\u00fcr Herrn Kerstan&#8217;s gr\u00fcnen Luftreinhalteplanerstellungsteam sogar f\u00fcr einen weiteren Telefonapparat gesammelt haben. In diesem Ger\u00e4t sollen die Nummern des bereits angef\u00fchrten Instituts f\u00fcr Hygiene und Umwelt und der HPA allerdings gesperrt sein. Der Hafen darf in dem neuen Luftreinhalteplan nicht erscheinen!<\/p>\n","protected":false},"excerpt":{"rendered":"<p>Ob wir diese Station dem VW-Abgasskandal verdanken, oder ob es doch eine wahre Herzensangelegenheit unseres Umweltsenators Herrn Jens Kerstan ist, k\u00f6nnen wir der Nachricht &#8220;Auch im Hamburger Hafen werden jetzt die Abgase gemessen&#8221; aus dem Hamburger Abendblatt nicht entnehmen. Eine neue Me\u00dfstation gibt es also im Luftme\u00dfnetz Hamburg. Und nun sogar im Hafen &#8211; wer &hellip; <a href=\"https:\/\/www.hamburg-fuer-die-elbe.de\/?p=8078\" class=\"more-link\"><span class=\"screen-reader-text\">Neue Hafen-Me\u00dfstation<\/span> weiterlesen <span class=\"meta-nav\">&rarr;<\/span><\/a><\/p>\n","protected":false},"author":2,"featured_media":0,"comment_status":"closed","ping_status":"closed","sticky":false,"template":"","format":"standard","meta":{"footnotes":""},"categories":[1,11,138],"tags":[240,415,463,393],"_links":{"self":[{"href":"https:\/\/www.hamburg-fuer-die-elbe.de\/index.php?rest_route=\/wp\/v2\/posts\/8078"}],"collection":[{"href":"https:\/\/www.hamburg-fuer-die-elbe.de\/index.php?rest_route=\/wp\/v2\/posts"}],"about":[{"href":"https:\/\/www.hamburg-fuer-die-elbe.de\/index.php?rest_route=\/wp\/v2\/types\/post"}],"author":[{"embeddable":true,"href":"https:\/\/www.hamburg-fuer-die-elbe.de\/index.php?rest_route=\/wp\/v2\/users\/2"}],"replies":[{"embeddable":true,"href":"https:\/\/www.hamburg-fuer-die-elbe.de\/index.php?rest_route=%2Fwp%2Fv2%2Fcomments&post=8078"}],"version-history":[{"count":19,"href":"https:\/\/www.hamburg-fuer-die-elbe.de\/index.php?rest_route=\/wp\/v2\/posts\/8078\/revisions"}],"predecessor-version":[{"id":10080,"href":"https:\/\/www.hamburg-fuer-die-elbe.de\/index.php?rest_route=\/wp\/v2\/posts\/8078\/revisions\/10080"}],"wp:attachment":[{"href":"https:\/\/www.hamburg-fuer-die-elbe.de\/index.php?rest_route=%2Fwp%2Fv2%2Fmedia&parent=8078"}],"wp:term":[{"taxonomy":"category","embeddable":true,"href":"https:\/\/www.hamburg-fuer-die-elbe.de\/index.php?rest_route=%2Fwp%2Fv2%2Fcategories&post=8078"},{"taxonomy":"post_tag","embeddable":true,"href":"https:\/\/www.hamburg-fuer-die-elbe.de\/index.php?rest_route=%2Fwp%2Fv2%2Ftags&post=8078"}],"curies":[{"name":"wp","href":"https:\/\/api.w.org\/{rel}","templated":true}]}}