{"id":8417,"date":"2015-12-06T19:57:13","date_gmt":"2015-12-06T18:57:13","guid":{"rendered":"http:\/\/www.hamburg-fuer-die-elbe.de\/?p=8417"},"modified":"2016-01-08T19:57:05","modified_gmt":"2016-01-08T18:57:05","slug":"friesenbruecke-zerstoert","status":"publish","type":"post","link":"https:\/\/www.hamburg-fuer-die-elbe.de\/?p=8417","title":{"rendered":"Friesenbr\u00fccke zerst\u00f6rt"},"content":{"rendered":"<p>Am Donnerstagabend gegen 18:40 Uhr krachte das Frachtschiff &#8220;<a href=\"https:\/\/www.vesselfinder.com\/de\/vessels\/EMSMOON-IMO-9213894-MMSI-304877000\" target=\"_blank\">Emsmoon<\/a>&#8221; (106m lang, 15m breit) in\u00a0 eine Bahnbr\u00fccke \u00fcber die Ems.<\/p>\n<p>Zerst\u00f6rt wurde die &#8220;<a href=\"https:\/\/de.wikipedia.org\/wiki\/Friesenbr%C3%BCcke\" target=\"_blank\">Friesenbr\u00fccke<\/a>&#8221; bei Weener. Sie w\u00e4re im kommenden Jahr 90 Jahre alt geworden. Es handelt sich um die mit 335m l\u00e4ngste und eine der \u00e4ltesten Bahnbr\u00fccken Deutschlands. Bekannt geworden ist sie, weil f\u00fcr die <a href=\"https:\/\/www.youtube.com\/watch?v=duGcL-xVwAo\" target=\"_blank\">\u00dcberf\u00fchrung der Kreuzfahrtschiffe der Meyer-Werft<\/a> in Papenburg <a href=\"https:\/\/www.youtube.com\/watch?v=j37U5o7n0-o\" target=\"_blank\">der Mittelteil der Br\u00fccke jedes Mal ausgeh\u00e4ngt werden muss<\/a>, damit eine breitere Durchfahrtm\u00f6glichkeit f\u00fcr die Schiffe entsteht.<\/p>\n<p>Die Br\u00fccke wurde anscheinend <a href=\"http:\/\/www.sueddeutsche.de\/news\/wirtschaft\/schifffahrt-frachter-rammt-bahnbruecke-bahn-spricht-von-millionenschaden-dpa.urn-newsml-dpa-com-20090101-151204-99-91981\" target=\"_blank\">so stark zerst\u00f6rt<\/a>, dass sie nicht mehr repariert werden kann, wie <a href=\"https:\/\/www.google.de\/url?sa=t&amp;rct=j&amp;q=&amp;esrc=s&amp;source=web&amp;cd=1&amp;cad=rja&amp;uact=8&amp;ved=0ahUKEwiewPej78LJAhXEIQ8KHaKXDLgQqQIIJTAA&amp;url=http%3A%2F%2Fwww.abendblatt.de%2Fregion%2Fniedersachsen%2Farticle206753963%2FFrachter-rammt-Bruecke-Bahn-spricht-von-Millionenschaden.html&amp;usg=AFQjCNHOuM65PAyM41VxgDxGuD625kJyaQ\" target=\"_blank\">mehrere Zeitungen berichten<\/a>. Der Bahnverkehr soll an dieser Stelle f\u00fcr Jahre unterbrochen sein. &#8220;<em>Bahnsprecher Egbert Meyer-Lovis sagte am Freitagmittag auf Anfrage unserer Redaktion, die Untersuchungen von Experten am Unfallort h\u00e4tten ergeben, dass sich die gesamte Br\u00fccke bei der Kollision des Frachters \u201eEmsmoon\u201c derart verschoben habe, dass eine Instandsetzung nicht mehr m\u00f6glich sei. \u201eWir sprechen hier von einem Millionenschaden und es wird mehrere Jahre dauern, bis hier wieder ein Zug \u00fcber den Fluss fahren wird, denn Pl\u00e4ne f\u00fcr einen Neubau liegen schlie\u00dflich nicht irgendwo in der Schublade\u201c, so Meyer-Lovis.<\/em>&#8221; schreibt die <a href=\"http:\/\/www.noz.de\/lokales\/papenburg\/artikel\/645105\/friesenbrucke-in-weener-muss-neu-gebaut-werden#gallery&amp;55835&amp;0&amp;645105\" target=\"_blank\">Neue Osnabr\u00fccker Zeitung<\/a>.<\/p>\n<p>V\u00f6llig unklar scheint noch zu sein, wie es zu dieser Havarie kommen konnte. Es soll ein Lotse an Bord gewesen sein. Ein Br\u00fcckenw\u00e4rter, der die Br\u00fccke f\u00fcr die Passage h\u00e4tte \u00f6ffnen sollen, soll ebenfalls vor Ort gewesen sein. Es soll eine Ampel geben, die, sollte die Kommunikation gest<a href=\"https:\/\/www.hamburg-fuer-die-elbe.de\/wordpress\/wp-content\/uploads\/2014\/10\/K\u00f6hlbrandbr\u00fcckeHapag1.jpg\" target=\"_blank\"><img loading=\"lazy\" decoding=\"async\" class=\"alignleft wp-image-3954\" src=\"https:\/\/www.hamburg-fuer-die-elbe.de\/wordpress\/wp-content\/uploads\/2014\/10\/K\u00f6hlbrandbr\u00fcckeHapag1-300x225.jpg\" alt=\"K\u00f6hlbrandbr\u00fcckeHapag\" width=\"212\" height=\"159\" srcset=\"https:\/\/www.hamburg-fuer-die-elbe.de\/wordpress\/wp-content\/uploads\/2014\/10\/K\u00f6hlbrandbr\u00fcckeHapag1-300x225.jpg 300w, https:\/\/www.hamburg-fuer-die-elbe.de\/wordpress\/wp-content\/uploads\/2014\/10\/K\u00f6hlbrandbr\u00fcckeHapag1-900x675.jpg 900w, https:\/\/www.hamburg-fuer-die-elbe.de\/wordpress\/wp-content\/uploads\/2014\/10\/K\u00f6hlbrandbr\u00fcckeHapag1.jpg 990w\" sizes=\"(max-width: 212px) 100vw, 212px\" \/><\/a>\u00f6rt sein, die \u00d6ffnung oder Nicht-\u00d6ffnung signalisiert. Nichts schein funktioniert zu haben, denn der Frachter ist in die geschlossene Br\u00fccke gekracht. Oder war das, <a href=\"http:\/\/www.wattenrat.de\/2015\/12\/05\/ems-schiff-zerstoert-industriedenkmal-friesenbruecke-bei-weener\/\" target=\"_blank\">wie man munkelt<\/a>, Absicht, weil die Br\u00fccke die Meyer-Werft st\u00f6rt?<\/p>\n<p>Was das mit der Elbe zu tun hat? Dort gibt es doch keine Br\u00fccken. Stimmt! Auf der Elbe zwischen Cuxhaven und Hamburg gibt es keine Br\u00fccken, aber im Hamburger Hafen. Um nach Altenwerder zu gelangen, m\u00fcssen gro\u00dfe Containerschiffe die K\u00f6hlbrandbr\u00fccke passieren. Auch das ist <a href=\"https:\/\/www.hamburg-fuer-die-elbe.de\/?p=3124\" target=\"_blank\">ein heikles Man\u00f6ver<\/a>, die Passage ist f\u00fcr sog. &#8220;Au\u00dfergew\u00f6hnlich gro\u00dfe Fahrzeuge&#8221; nur unter beschr\u00e4nkten Bedingungen m\u00f6glich. Was ist, wenn auch hier mal die Anzeige oder Kommunikation nicht funktioniert? Die K\u00f6hlbrandbr\u00fccke ist eine wesentliche Verbindung der Hafengebiete.<\/p>\n<p>&nbsp;<\/p>\n","protected":false},"excerpt":{"rendered":"<p>Am Donnerstagabend gegen 18:40 Uhr krachte das Frachtschiff &#8220;Emsmoon&#8221; (106m lang, 15m breit) in\u00a0 eine Bahnbr\u00fccke \u00fcber die Ems. Zerst\u00f6rt wurde die &#8220;Friesenbr\u00fccke&#8221; bei Weener. Sie w\u00e4re im kommenden Jahr 90 Jahre alt geworden. Es handelt sich um die mit 335m l\u00e4ngste und eine der \u00e4ltesten Bahnbr\u00fccken Deutschlands. Bekannt geworden ist sie, weil f\u00fcr die &hellip; <a href=\"https:\/\/www.hamburg-fuer-die-elbe.de\/?p=8417\" class=\"more-link\"><span class=\"screen-reader-text\">Friesenbr\u00fccke zerst\u00f6rt<\/span> weiterlesen <span class=\"meta-nav\">&rarr;<\/span><\/a><\/p>\n","protected":false},"author":3,"featured_media":0,"comment_status":"closed","ping_status":"closed","sticky":false,"template":"","format":"standard","meta":{"footnotes":""},"categories":[1,286],"tags":[479,478,56,66],"_links":{"self":[{"href":"https:\/\/www.hamburg-fuer-die-elbe.de\/index.php?rest_route=\/wp\/v2\/posts\/8417"}],"collection":[{"href":"https:\/\/www.hamburg-fuer-die-elbe.de\/index.php?rest_route=\/wp\/v2\/posts"}],"about":[{"href":"https:\/\/www.hamburg-fuer-die-elbe.de\/index.php?rest_route=\/wp\/v2\/types\/post"}],"author":[{"embeddable":true,"href":"https:\/\/www.hamburg-fuer-die-elbe.de\/index.php?rest_route=\/wp\/v2\/users\/3"}],"replies":[{"embeddable":true,"href":"https:\/\/www.hamburg-fuer-die-elbe.de\/index.php?rest_route=%2Fwp%2Fv2%2Fcomments&post=8417"}],"version-history":[{"count":8,"href":"https:\/\/www.hamburg-fuer-die-elbe.de\/index.php?rest_route=\/wp\/v2\/posts\/8417\/revisions"}],"predecessor-version":[{"id":9096,"href":"https:\/\/www.hamburg-fuer-die-elbe.de\/index.php?rest_route=\/wp\/v2\/posts\/8417\/revisions\/9096"}],"wp:attachment":[{"href":"https:\/\/www.hamburg-fuer-die-elbe.de\/index.php?rest_route=%2Fwp%2Fv2%2Fmedia&parent=8417"}],"wp:term":[{"taxonomy":"category","embeddable":true,"href":"https:\/\/www.hamburg-fuer-die-elbe.de\/index.php?rest_route=%2Fwp%2Fv2%2Fcategories&post=8417"},{"taxonomy":"post_tag","embeddable":true,"href":"https:\/\/www.hamburg-fuer-die-elbe.de\/index.php?rest_route=%2Fwp%2Fv2%2Ftags&post=8417"}],"curies":[{"name":"wp","href":"https:\/\/api.w.org\/{rel}","templated":true}]}}