{"id":8442,"date":"2015-12-07T20:57:32","date_gmt":"2015-12-07T19:57:32","guid":{"rendered":"http:\/\/www.hamburg-fuer-die-elbe.de\/?p=8442"},"modified":"2016-02-05T09:40:01","modified_gmt":"2016-02-05T08:40:01","slug":"klima-gipfel","status":"publish","type":"post","link":"https:\/\/www.hamburg-fuer-die-elbe.de\/?p=8442","title":{"rendered":"Klima-Gipfel?!"},"content":{"rendered":"<p>Bei Sonnenschein und ordentlichem Wind fand am Samstag, den <a href=\"http:\/\/www.gegenstromhamburg.de\/wp-content\/uploads\/2015\/11\/radeln-flyer-final.pdf\" target=\"_blank\">05.12.2015 eine Fahrrad-Demonstration anl\u00e4sslich der Welt-Klimakonferenz<\/a> statt, um zu zeigen, wo in Hamburg etwas Substanzielles zum Schutz f\u00fcr das Klima getan werden kann u<a href=\"https:\/\/www.hamburg-fuer-die-elbe.de\/?attachment_id=8754\" target=\"_blank\"><img loading=\"lazy\" decoding=\"async\" class=\"alignright wp-image-8754 size-medium\" src=\"https:\/\/www.hamburg-fuer-die-elbe.de\/wordpress\/wp-content\/uploads\/2015\/11\/Moorburg-stilllegen-300x182.jpg\" alt=\"\" width=\"300\" height=\"182\" srcset=\"https:\/\/www.hamburg-fuer-die-elbe.de\/wordpress\/wp-content\/uploads\/2015\/11\/Moorburg-stilllegen-300x182.jpg 300w, https:\/\/www.hamburg-fuer-die-elbe.de\/wordpress\/wp-content\/uploads\/2015\/11\/Moorburg-stilllegen-768x465.jpg 768w, https:\/\/www.hamburg-fuer-die-elbe.de\/wordpress\/wp-content\/uploads\/2015\/11\/Moorburg-stilllegen.jpg 788w\" sizes=\"(max-width: 300px) 100vw, 300px\" \/><\/a>nd muss . Treffpunkt war an der windigsten Ecke von Wilhelmsburg, auf dem Platz vor dem Geb\u00e4ude der Beh\u00f6rde f\u00fcr Umwelt und Energie am S-Bahnhof Wilhelmsburg. F\u00fcr gut 50 Radlerinnen und Radler ging es von dort \u00fcber die Mengestra\u00dfe und die Georg-Wilhelm-Stra\u00dfe Richtung S\u00fcderelbe, die wir mal wieder auf der Br\u00fccke des 17. Juni \u00fcberqueren durften. Weiter fuhren wir am Harburger Seehafen vorbei und \u00fcber den Moorburger Bogen und den Moorburger Hauptdeich erreichten wir das <a href=\"https:\/\/www.hamburg-fuer-die-elbe.de\/?p=8294\" target=\"_blank\">Kraftwerk Moorburg<\/a>.<\/p>\n<p><a href=\"https:\/\/www.hamburg-fuer-die-elbe.de\/?attachment_id=8507\" target=\"_blank\" rel=\"attachment wp-att-8507\"><img loading=\"lazy\" decoding=\"async\" class=\"alignleft wp-image-8507 size-medium\" src=\"https:\/\/www.hamburg-fuer-die-elbe.de\/wordpress\/wp-content\/uploads\/2015\/12\/Kraftwerk-Moorburg-Feuertonne-1-159x300.jpg\" alt=\"Kraftwerk-Moorburg-Feuertonne\" width=\"159\" height=\"300\" srcset=\"https:\/\/www.hamburg-fuer-die-elbe.de\/wordpress\/wp-content\/uploads\/2015\/12\/Kraftwerk-Moorburg-Feuertonne-1-159x300.jpg 159w, https:\/\/www.hamburg-fuer-die-elbe.de\/wordpress\/wp-content\/uploads\/2015\/12\/Kraftwerk-Moorburg-Feuertonne-1.jpg 386w\" sizes=\"(max-width: 159px) 100vw, 159px\" \/><\/a>Bei Kaffee, Kuchen und Gl\u00fchwein sprachen kurz und knapp verschiedene Vertreter Hamburger Initiativen gegen Atom- und Kohlestrom. Sie schlugen den Bogen vom Kohlekraftwerk Moorburg, welches in Volllast ca. 1\/3 der Hamburger Klimagase ausst\u00f6\u00dft, \u00fcber die menschen- und umweltfeindlichen Bedingungen in den Kohleabbaugebieten <a href=\"http:\/\/www.dw.com\/de\/blutige-kohle-aus-kolumbien\/a-17767356\" target=\"_blank\">Kolumbiens <\/a>und <a href=\"https:\/\/www.urgewald.org\/sites\/default\/files\/bittercoal_1_15_13.pdf\" target=\"_blank\" class=\"broken_link\">Russlands<\/a> zur derzeit tagenden Welt-Klimakonferenz. Sie ahnen schon, es kann nichts Gutes dabei heraus gekommen sein. Zwischendurch lauschten wir Peters Liedern und Gedichten. Aufw\u00e4rmen konnten wir uns an der Feuertonne.<\/p>\n<p>Zum Abschluss und als H\u00f6hepunkt der Kundgebung wurde Vattenfall der Fehde-Handschuh auf&#8217;s Gel\u00e4nde geschleudert. Vattenfall besitzt in der Lausitz Kohlegruben und Kraftwerke, die im kommenden Jahr m\u00f6glichst profitabel verkauft werden sollen. <a href=\"https:\/\/www.hamburg-fuer-die-elbe.de\/?attachment_id=8753\" target=\"_blank\"><img loading=\"lazy\" decoding=\"async\" class=\"alignright wp-image-8753 size-medium\" src=\"https:\/\/www.hamburg-fuer-die-elbe.de\/wordpress\/wp-content\/uploads\/2015\/11\/Moorburg-Fehdehandschuh-300x171.jpg\" alt=\"\" width=\"300\" height=\"171\" srcset=\"https:\/\/www.hamburg-fuer-die-elbe.de\/wordpress\/wp-content\/uploads\/2015\/11\/Moorburg-Fehdehandschuh-300x171.jpg 300w, https:\/\/www.hamburg-fuer-die-elbe.de\/wordpress\/wp-content\/uploads\/2015\/11\/Moorburg-Fehdehandschuh-768x438.jpg 768w, https:\/\/www.hamburg-fuer-die-elbe.de\/wordpress\/wp-content\/uploads\/2015\/11\/Moorburg-Fehdehandschuh-900x514.jpg 900w, https:\/\/www.hamburg-fuer-die-elbe.de\/wordpress\/wp-content\/uploads\/2015\/11\/Moorburg-Fehdehandschuh.jpg 948w\" sizes=\"(max-width: 300px) 100vw, 300px\" \/><\/a>Wenn das gelingt, ist zu bef\u00fcrchten, dass ein neuer Investor viel Geld in die Braunkohle investieren und den Tagebau &#8211; und somit Landschaftszerst\u00f6rung &#8211; ausbauen statt einstellen wird. <a href=\"https:\/\/www.ende-gelaende.org\/de\/\" target=\"_blank\">Nicht locker lassen<\/a> gilt daher auch f\u00fcr Kohlebergbau und Kohlekraftwerke in Deutschland. Von den 10 <a href=\"http:\/\/www.wwf.de\/2014\/juli\/deutschland-verkohlt-europa\/\" target=\"_blank\">dreckigsten Kohlekraftwerken stehen 5 in Deutschland<\/a>. Und noch immer m\u00fcssen <a href=\"http:\/\/www.kein-tagebau.de\/index.php\/de\/\" target=\"_blank\">D\u00f6rfer weichen, werden Landschafts- und Naturschutzgebiete zerst\u00f6rt<\/a>, damit Braunkohle im Tagebau abgebaut werden kann.<\/p>\n","protected":false},"excerpt":{"rendered":"<p>Bei Sonnenschein und ordentlichem Wind fand am Samstag, den 05.12.2015 eine Fahrrad-Demonstration anl\u00e4sslich der Welt-Klimakonferenz statt, um zu zeigen, wo in Hamburg etwas Substanzielles zum Schutz f\u00fcr das Klima getan werden kann und muss . Treffpunkt war an der windigsten Ecke von Wilhelmsburg, auf dem Platz vor dem Geb\u00e4ude der Beh\u00f6rde f\u00fcr Umwelt und Energie &hellip; <a href=\"https:\/\/www.hamburg-fuer-die-elbe.de\/?p=8442\" class=\"more-link\"><span class=\"screen-reader-text\">Klima-Gipfel?!<\/span> weiterlesen <span class=\"meta-nav\">&rarr;<\/span><\/a><\/p>\n","protected":false},"author":3,"featured_media":0,"comment_status":"closed","ping_status":"closed","sticky":false,"template":"","format":"standard","meta":{"footnotes":""},"categories":[1],"tags":[205,439],"_links":{"self":[{"href":"https:\/\/www.hamburg-fuer-die-elbe.de\/index.php?rest_route=\/wp\/v2\/posts\/8442"}],"collection":[{"href":"https:\/\/www.hamburg-fuer-die-elbe.de\/index.php?rest_route=\/wp\/v2\/posts"}],"about":[{"href":"https:\/\/www.hamburg-fuer-die-elbe.de\/index.php?rest_route=\/wp\/v2\/types\/post"}],"author":[{"embeddable":true,"href":"https:\/\/www.hamburg-fuer-die-elbe.de\/index.php?rest_route=\/wp\/v2\/users\/3"}],"replies":[{"embeddable":true,"href":"https:\/\/www.hamburg-fuer-die-elbe.de\/index.php?rest_route=%2Fwp%2Fv2%2Fcomments&post=8442"}],"version-history":[{"count":14,"href":"https:\/\/www.hamburg-fuer-die-elbe.de\/index.php?rest_route=\/wp\/v2\/posts\/8442\/revisions"}],"predecessor-version":[{"id":9390,"href":"https:\/\/www.hamburg-fuer-die-elbe.de\/index.php?rest_route=\/wp\/v2\/posts\/8442\/revisions\/9390"}],"wp:attachment":[{"href":"https:\/\/www.hamburg-fuer-die-elbe.de\/index.php?rest_route=%2Fwp%2Fv2%2Fmedia&parent=8442"}],"wp:term":[{"taxonomy":"category","embeddable":true,"href":"https:\/\/www.hamburg-fuer-die-elbe.de\/index.php?rest_route=%2Fwp%2Fv2%2Fcategories&post=8442"},{"taxonomy":"post_tag","embeddable":true,"href":"https:\/\/www.hamburg-fuer-die-elbe.de\/index.php?rest_route=%2Fwp%2Fv2%2Ftags&post=8442"}],"curies":[{"name":"wp","href":"https:\/\/api.w.org\/{rel}","templated":true}]}}