{"id":9038,"date":"2016-01-03T20:27:48","date_gmt":"2016-01-03T19:27:48","guid":{"rendered":"http:\/\/www.hamburg-fuer-die-elbe.de\/?p=9038"},"modified":"2017-01-26T19:11:40","modified_gmt":"2017-01-26T17:11:40","slug":"kirschgruen","status":"publish","type":"post","link":"https:\/\/www.hamburg-fuer-die-elbe.de\/?p=9038","title":{"rendered":"Kirschgr\u00fcn"},"content":{"rendered":"<p>Sehr versteckt war im <a href=\"http:\/\/www.weser-kurier.de\/region_artikel,-%E2%80%9EDer-Wolf-zahlt-nicht-fuers-Lammkotelett%E2%80%9C-_arid,1282329.html\" target=\"_blank\">Weser-Kurier ein Interview mit dem gr\u00fcnen Umweltminister<\/a> von Niedersachsen, Herrn Stefan Wenzel zu lesen, in dem er eine Einsch\u00e4tzung zu den korrigierten Elbvertiefungsunterlagen \u00e4u\u00dfert, die von Hamburg als kr\u00e4ftige Nachbesserung beschrieben werden: &#8220;<em>Ich kann nicht erkennen, dass diese Nacharbeitung die Probleme ausr\u00e4umt. Zudem hat man an der Elbe jetzt eine neue Tierart entdeckt, die bisher nicht ber\u00fccksichtigt wurde, n\u00e4mlich die Lachseeschwalbe.<\/em>&#8221; Nach dem unglaublichen Geeier um einen angeblichen Koalitionskrach in der Hamburger Regierungskoalition zu den Fristen bei den Elbvertiefungspl\u00e4nen, ist das Interview eine wirklich erfrischende Lekt\u00fcre mit knallgr\u00fcnen Buchstaben.<\/p>\n<p>Die Farbe Gr\u00fcn kennt die Hamburger Regierung bekannterma\u00dfen seit der Wahl im Februar 2015 nicht mehr. Die Berichterstattung zum Koalitionskrach vor Weihnachten war derart inhaltslos, dass wir uns sch\u00fctteln. Von <a href=\"https:\/\/www.google.de\/url?sa=t&amp;rct=j&amp;q=&amp;esrc=s&amp;source=web&amp;cd=1&amp;cad=rja&amp;uact=8&amp;ved=0ahUKEwi6werv2YvKAhXBHA8KHWDCApUQFggkMAA&amp;url=http%3A%2F%2Fwww.abendblatt.de%2Fmeinung%2Farticle206841715%2FErste-Krise-im-Hamburger-Senat.html&amp;usg=AFQjCNGTr34WpHc59QD80VuSbPQGRGQoKA\" target=\"_blank\">Torpedos und erster Senatskrise<\/a> war die Rede, eine schriftliche kleine Anfrage in der B\u00fcrgerschaft wurde mit &#8220;<a href=\"https:\/\/www.hamburg-fuer-die-elbe.de\/wordpress\/wp-content\/uploads\/2016\/01\/HamB\u00fc-2102649-KA-Kerstans-Verz\u00f6gerung.pdf\" target=\"_blank\">Sch\u00fcttet Senator Kerstan Sand ins Getriebe<\/a>&#8221; untertitelt und vom Senat nichtssagend beantwortet, bis hin zum <a href=\"http:\/\/www.shz.de\/regionales\/hamburg\/koalitions-krach-letztes-gefecht-gegen-die-elbvertiefung-id12333151.html\" target=\"_blank\">letzten Gefecht gegen die Elbvertiefung<\/a>.\u00a0 Lediglich NDR 90,3 konnte ein paar Br\u00f6ckchen zu den Kerstan Planungen in Erfahrung bringen: die Umweltbeh\u00f6rde wolle &#8220;<em>zwei zus\u00e4tzliche Flachwasserzonen entlang von Norder- und S\u00fcderelbe einrichten. Auf mehreren Kilometern sollten Deiche abgerissen und landeinw\u00e4rts neu gebaut werden, um der Natur mehr Raum zu verschaffen. Diese Idee war bisher nicht Teil der Planungen f\u00fcr die Elbvertiefung. Aber der zu erwartende Streit mit den Eigent\u00fcmern der betreffenden Fl\u00e4chen und gesch\u00e4tzte Mehrkosten von 200 Millionen Euro h\u00e4tten das ganze Verfahren um bis zu zwei Jahre in die L\u00e4nge ziehen k\u00f6nnen.<\/em>&#8221;<\/p>\n<p><a href=\"https:\/\/www.hamburg-fuer-die-elbe.de\/wordpress\/wp-content\/uploads\/2016\/01\/Karte-Wasserst%C3%A4nde-Bemessungsturmflut.jpg\" target=\"_blank\" rel=\"attachment wp-att-9047\"><img loading=\"lazy\" decoding=\"async\" class=\"alignright wp-image-9047 size-medium\" src=\"https:\/\/www.hamburg-fuer-die-elbe.de\/wordpress\/wp-content\/uploads\/2016\/01\/Karte-Wasserst\u00e4nde-Bemessungsturmflut-300x206.jpg\" alt=\"Karte Wasserst\u00e4nde Bemessungsturmflut\" width=\"300\" height=\"206\" srcset=\"https:\/\/www.hamburg-fuer-die-elbe.de\/wordpress\/wp-content\/uploads\/2016\/01\/Karte-Wasserst\u00e4nde-Bemessungsturmflut-300x206.jpg 300w, https:\/\/www.hamburg-fuer-die-elbe.de\/wordpress\/wp-content\/uploads\/2016\/01\/Karte-Wasserst\u00e4nde-Bemessungsturmflut-768x528.jpg 768w, https:\/\/www.hamburg-fuer-die-elbe.de\/wordpress\/wp-content\/uploads\/2016\/01\/Karte-Wasserst\u00e4nde-Bemessungsturmflut-1024x705.jpg 1024w, https:\/\/www.hamburg-fuer-die-elbe.de\/wordpress\/wp-content\/uploads\/2016\/01\/Karte-Wasserst\u00e4nde-Bemessungsturmflut.jpg 1497w\" sizes=\"(max-width: 300px) 100vw, 300px\" \/><\/a>Gucken wir auf eine <a href=\"http:\/\/www.hamburg-port-authority.de\/de\/der-hafen-hamburg\/hochwasser\/fluchtwege\/Documents\/broschuere_sturmflutschutz_im_hamburger_hafen_2008-11-18.pdf\" target=\"_blank\">Karte von Norder- und S\u00fcderelbe<\/a> (HPA, Seiten 21 und 22, oder Abbildung) fragen wir uns, wo es mehrere Kilometer Deichverschiebung und Platz f\u00fcr zwei zus\u00e4tzliche Flachwasserzonen geben k\u00f6nnte. Nehmen wir die Worte <strong>Norder- und S\u00fcderelbe<\/strong> (also nicht K\u00f6hlbrand, Alte S\u00fcderelbe und Elbe) sowie <strong>Deichverschiebung <\/strong>(also keine Polder- oder Aufgeh\u00f6hte Fl\u00e4chen) ernst, k\u00f6nnen wir feststellen, dass sich die Kerstan-Pl\u00e4ne nicht auf das Hafengebiet, sondern auf die zumeist landwirtschaftlich genutzten Fl\u00e4chen um Spadenland, Schweensand\/F\u00fcnfhausen, Neuland und Ellerholz s\u00fcdlich vom Kreetsand beziehen k\u00f6nnen. Das w\u00e4re sehr interessant, da bislang von den Hamburger Elbvertiefungsplanern angeblich keinerlei Fl\u00e4chen auf Hamburger Gebiet f\u00fcr weitere\u00a0 Ausgleichs- und Koh\u00e4renzma\u00dfnahmen gefunden werden konnten.<\/p>\n<p>Fassen wir zusammen: es scheinen auf Hamburger Territorium von der Umweltbeh\u00f6rde nun doch weitere Fl\u00e4chen f\u00fcr Ausgleichs- oder Koh\u00e4renzma\u00dfnahmen gefunden worden zu sein. Herr Kerstan wollte lediglich eine Fristverl\u00e4ngerung f\u00fcr die Abgabe seiner Stellungnahme, die ihm nicht gew\u00e4hrt worden ist. Die Entscheidung im Senat schlie\u00dft aber nicht aus, dass er diese Fl\u00e4chen in der Stellungnahme seiner Umweltbeh\u00f6rde benennt, in das Planverfahren einbringt und deren Notwendigkeit f\u00fcr die Elbvertiefung erl\u00e4utert.<\/p>\n<p><a href=\"https:\/\/www.hamburg-fuer-die-elbe.de\/wordpress\/wp-content\/uploads\/2015\/03\/Spitzenkanditaten-2.jpg\" target=\"_blank\" rel=\"attachment wp-att-5443\"><img loading=\"lazy\" decoding=\"async\" class=\"alignleft wp-image-5443 size-medium\" src=\"https:\/\/www.hamburg-fuer-die-elbe.de\/wordpress\/wp-content\/uploads\/2015\/03\/Spitzenkanditaten-2-300x122.jpg\" alt=\"Spitzenkanditaten 2\" width=\"300\" height=\"122\" srcset=\"https:\/\/www.hamburg-fuer-die-elbe.de\/wordpress\/wp-content\/uploads\/2015\/03\/Spitzenkanditaten-2-300x122.jpg 300w, https:\/\/www.hamburg-fuer-die-elbe.de\/wordpress\/wp-content\/uploads\/2015\/03\/Spitzenkanditaten-2.jpg 864w\" sizes=\"(max-width: 300px) 100vw, 300px\" \/><\/a>Eine blasse Erinnerung der Farbe &#8220;Gr\u00fcn&#8221; k\u00f6nnte also beim Umweltsenator Herrn Kerstan noch m\u00f6glich sein. &#8220;Kirschgr\u00fcn&#8221; w\u00e4re vielleicht eine bessere Farbbeschreibung. Vielleicht werden wir es im Laufe des n\u00e4chsten Quartales beim Fortgang des Planfeststellungsverfahrens erfahren, wenn die Stellungnahmen der Beh\u00f6rden und Beteiligten \u00f6ffentlich gemacht werden.<\/p>\n","protected":false},"excerpt":{"rendered":"<p>Sehr versteckt war im Weser-Kurier ein Interview mit dem gr\u00fcnen Umweltminister von Niedersachsen, Herrn Stefan Wenzel zu lesen, in dem er eine Einsch\u00e4tzung zu den korrigierten Elbvertiefungsunterlagen \u00e4u\u00dfert, die von Hamburg als kr\u00e4ftige Nachbesserung beschrieben werden: &#8220;Ich kann nicht erkennen, dass diese Nacharbeitung die Probleme ausr\u00e4umt. Zudem hat man an der Elbe jetzt eine neue &hellip; <a href=\"https:\/\/www.hamburg-fuer-die-elbe.de\/?p=9038\" class=\"more-link\"><span class=\"screen-reader-text\">Kirschgr\u00fcn<\/span> weiterlesen <span class=\"meta-nav\">&rarr;<\/span><\/a><\/p>\n","protected":false},"author":2,"featured_media":0,"comment_status":"closed","ping_status":"closed","sticky":false,"template":"","format":"standard","meta":{"footnotes":""},"categories":[1,138,10],"tags":[168,393],"_links":{"self":[{"href":"https:\/\/www.hamburg-fuer-die-elbe.de\/index.php?rest_route=\/wp\/v2\/posts\/9038"}],"collection":[{"href":"https:\/\/www.hamburg-fuer-die-elbe.de\/index.php?rest_route=\/wp\/v2\/posts"}],"about":[{"href":"https:\/\/www.hamburg-fuer-die-elbe.de\/index.php?rest_route=\/wp\/v2\/types\/post"}],"author":[{"embeddable":true,"href":"https:\/\/www.hamburg-fuer-die-elbe.de\/index.php?rest_route=\/wp\/v2\/users\/2"}],"replies":[{"embeddable":true,"href":"https:\/\/www.hamburg-fuer-die-elbe.de\/index.php?rest_route=%2Fwp%2Fv2%2Fcomments&post=9038"}],"version-history":[{"count":9,"href":"https:\/\/www.hamburg-fuer-die-elbe.de\/index.php?rest_route=\/wp\/v2\/posts\/9038\/revisions"}],"predecessor-version":[{"id":11158,"href":"https:\/\/www.hamburg-fuer-die-elbe.de\/index.php?rest_route=\/wp\/v2\/posts\/9038\/revisions\/11158"}],"wp:attachment":[{"href":"https:\/\/www.hamburg-fuer-die-elbe.de\/index.php?rest_route=%2Fwp%2Fv2%2Fmedia&parent=9038"}],"wp:term":[{"taxonomy":"category","embeddable":true,"href":"https:\/\/www.hamburg-fuer-die-elbe.de\/index.php?rest_route=%2Fwp%2Fv2%2Fcategories&post=9038"},{"taxonomy":"post_tag","embeddable":true,"href":"https:\/\/www.hamburg-fuer-die-elbe.de\/index.php?rest_route=%2Fwp%2Fv2%2Ftags&post=9038"}],"curies":[{"name":"wp","href":"https:\/\/api.w.org\/{rel}","templated":true}]}}