{"id":9141,"date":"2016-01-14T16:56:35","date_gmt":"2016-01-14T15:56:35","guid":{"rendered":"http:\/\/www.hamburg-fuer-die-elbe.de\/?p=9141"},"modified":"2016-09-16T07:57:57","modified_gmt":"2016-09-16T06:57:57","slug":"ahnungslos","status":"publish","type":"post","link":"https:\/\/www.hamburg-fuer-die-elbe.de\/?p=9141","title":{"rendered":"Ahnungslos"},"content":{"rendered":"<p><a href=\"https:\/\/www.hamburg-fuer-die-elbe.de\/wordpress\/wp-content\/uploads\/2015\/09\/Hapag-Lloyd.jpg\" target=\"_blank\" rel=\"attachment wp-att-7725\"><img loading=\"lazy\" decoding=\"async\" class=\"alignright wp-image-7725\" src=\"https:\/\/www.hamburg-fuer-die-elbe.de\/wordpress\/wp-content\/uploads\/2015\/09\/Hapag-Lloyd.jpg\" alt=\"Hapag-Lloyd\" width=\"250\" height=\"147\" srcset=\"https:\/\/www.hamburg-fuer-die-elbe.de\/wordpress\/wp-content\/uploads\/2015\/09\/Hapag-Lloyd.jpg 1030w, https:\/\/www.hamburg-fuer-die-elbe.de\/wordpress\/wp-content\/uploads\/2015\/09\/Hapag-Lloyd-300x177.jpg 300w, https:\/\/www.hamburg-fuer-die-elbe.de\/wordpress\/wp-content\/uploads\/2015\/09\/Hapag-Lloyd-1024x602.jpg 1024w, https:\/\/www.hamburg-fuer-die-elbe.de\/wordpress\/wp-content\/uploads\/2015\/09\/Hapag-Lloyd-900x530.jpg 900w\" sizes=\"(max-width: 250px) 100vw, 250px\" \/><\/a>Das es der gesamten Branche der Containerschifffahrt zwei Monate nach dem B\u00f6rsengang von Hapag-Lloyd nun derart schlecht geht, konnte <strong>nun wirklich keiner ahnen<\/strong>. So sind wir froh, dass der <a href=\"https:\/\/www.welt.de\/wirtschaft\/article150975465\/Hapag-Lloyd-muss-23-Schiffe-an-die-Leine-legen.html\" target=\"_blank\">Vorstandschef von Hapag-Lloyd, Herr Rolf Habben Jansen<\/a> gestern nun <a href=\"https:\/\/www.google.de\/url?sa=t&amp;rct=j&amp;q=&amp;esrc=s&amp;source=web&amp;cd=1&amp;cad=rja&amp;uact=8&amp;ved=0ahUKEwiXnuLc5KjKAhWGng4KHbNHDaYQFggkMAA&amp;url=http%3A%2F%2Fwww.abendblatt.de%2Fhamburg%2Farticle206921385%2FHamburger-Reederei-Hapag-Lloyd-verkleinert-Flotte.html&amp;usg=AFQjCNHUobg-dIZdcrlr1yCy_pJgNtsMpA\" target=\"_blank\">endlich Klartext gesprochen<\/a> und uns das, was <strong>keiner ahnen konnte<\/strong>, erl\u00e4utert hat.<\/p>\n<p id=\"p1\" class=\"prefix_1 text artContent\">Hapag-Lloyd reagiert jetzt sogar auf die schlechte Lage in der Schifffahrt. So erfahren wir, dass 23 gro\u00dfe Containerschiffe aus der Hapag-Lloyd Flotte herausgenommen und aufgelegt wurden. Nur noch 175 Frachter von ehemals 198 Schiffen sind derzeit aktiv im Gesch\u00e4ft. &#8220;<em>Wir geben Schiffe zur\u00fcck, lassen sie reparieren und verzichten auf Reisen<\/em>&#8221; und\u00a0 der &#8220;<em>Konzern m\u00fcsse seine Kapazit\u00e4ten an die Nachfrage anpassen \u2013 und die gehe auch wegen der Wirtschaftskrise in China zur\u00fcck.<\/em>&#8221; Als Branchenprimus Maersk im Oktober 2015 schwere <a href=\"https:\/\/www.hamburg-fuer-die-elbe.de\/?p=8021\" target=\"_blank\">Turbulenzen im Containergesch\u00e4ft\u00a0<\/a> einr\u00e4umte, konnten diese ja in keinem Falle f\u00fcr Hapag-Lloyd gelten, oder?<\/p>\n<p class=\"prefix_1 text artContent\">Ganz offen benennt Herr Habben Jansen nun sogar die Verantwortlichen f\u00fcr diese Entwicklung. So sind wir \u00fcberrascht, dass wir die Namen der gr\u00f6\u00dften Konkurrenten von Hapag-Lloyd, namentlich Maersk, CMA-CGM, MSC sowie der asiatischen Staatsreedereien h\u00f6ren: Die <a href=\"https:\/\/www.hamburg-fuer-die-elbe.de\/?p=7910\" target=\"_blank\">derzeitigen Frachtraten<\/a> w\u00fcrden zum Teil nicht einmal die Betriebskosten des Schiffs abdecken. &#8220;<em>Es macht doch keinen Sinn, Kapazit\u00e4ten anzubieten, die nur Verluste einfahren<\/em>&#8220;.<\/p>\n<p class=\"prefix_1 text artContent\">Nein, das macht es nicht &#8211; da stimmen wir Herrn Habben Jansen vollkommen zu, der uns noch im November 2015 den <a href=\"https:\/\/www.hamburg-fuer-die-elbe.de\/?p=7710\" target=\"_blank\">B\u00f6rsengang mit der finanziellen Notwendigkeit zur Anschaffung von sechs Riesenschiffen begr\u00fcndet<\/a> hatte. Nun scheint es sich aber \u00fcber Nacht alles ganz anders entwickelt zu haben: &#8220;<em>Ein Grund f\u00fcr die fatale Entwicklung ist, dass die Gro\u00dfreedereien mehrere Dutzend Schiffe mit Platz f\u00fcr mehr als 20.000 Container angeschafft haben und diese Riesen nun auslasten m\u00fcssen. \u00c4hnlich, wie es lange Jahre in der Luftfahrt der Fall gewesen ist, bieten diese Reedereien dann Transportpl\u00e4tze f\u00fcr wenig Geld an, nach dem Motto: Wenn das Schiff ohnehin unterwegs ist, sollen wenigstens einige Dollar f\u00fcr die freien Pl\u00e4tze hereinkommen.<\/em>&#8220;<\/p>\n<p class=\"prefix_1 text artContent\">&#8220;<em>Das wird unsere Industrie ver\u00e4ndern<\/em>&#8220;, sagte Habben Jansen und meint damit jene<a href=\"https:\/\/www.hamburg-fuer-die-elbe.de\/?page_id=1115\" target=\"_blank\"> vier weltweiten Kooperationen<\/a>, in denen die Konzern sich verb\u00fcndet haben. So verliert Hapag-Lloyd durch die j\u00fcngsten \u00dcbernahmen seinen Allianzpartner NOL.&#8221; <a href=\"https:\/\/www.hamburg-fuer-die-elbe.de\/?p=8269\" target=\"_blank\">Ach wirklich<\/a>? Und wie wird es dann weiter gehen?<\/p>\n<p class=\"prefix_1 text artContent\">Noch am <a href=\"https:\/\/www.google.de\/url?sa=t&amp;rct=j&amp;q=&amp;esrc=s&amp;source=web&amp;cd=1&amp;cad=rja&amp;uact=8&amp;ved=0ahUKEwj-wafi-KjKAhXFeQ8KHYA7A2QQFggkMAA&amp;url=http%3A%2F%2Fwww.abendblatt.de%2Fhamburg%2Farticle206858849%2FWie-es-war-Naechtliche-Telefonate-retten-den-Boersengang.html&amp;usg=AFQjCNGNVrcxWgSoEC6GDIQtlsuQpH2pFg\" target=\"_blank\">24.12.2015 hatte uns das Hamburger Hafenblatt<\/a> mit einem r\u00fchrenden Artikel zur wundersamen Rettung des B\u00f6rsenganges beschert. Das was unterm Tannenbaum noch mit viel Lametta vermeintlich gl\u00e4nzte, sieht urpl\u00f6tzlich alles nun ganz anders aus. Jetzt w\u00e4re es an der Zeit, dass der Senat seiner Bev\u00f6lkerung folgende Themen erl\u00e4utert:<\/p>\n<ul>\n<li class=\"prefix_1 text artContent\">Wieviele Millionen Euro m\u00fcssen nun zum Stichtag 2015 von der HGV, dem Besitzer der st\u00e4dtischen Hapag-Lloyd-Aktien tats\u00e4chlich abgeschrieben werden? <a href=\"https:\/\/www.hamburg-fuer-die-elbe.de\/?p=8396\" target=\"_blank\">Reicht die bereits angef\u00fchrte halbe Milliarde<\/a> aus, wenn schon der Vorstandschef in der Containerschifffahrt nur dunkle Wolken erkennen mag?<\/li>\n<li class=\"prefix_1 text artContent\">Wenn schon der Hapag-Lloyd-Chef die Sinnhaftigkeit von Riesenschiffen in Frage stellt, warum muss dann f\u00fcr diese \u00f6konomisch unsinnigen Schiffe, f\u00fcr die es nachweislich keine Ladung gibt, noch die Elbe vertieft werden?<\/li>\n<li class=\"prefix_1 text artContent\">Warum sollen weitere Millionenbetr\u00e4ge an Steuergeldern zum Ausbau des Containerumschlages, z.B. die Westerweiterung ausgegeben werden, wenn diese mangels Containern nicht genutzt werden k\u00f6nnen?<\/li>\n<li class=\"prefix_1 text artContent\">Warum sch\u00e4rft im Hamburger Senat keiner das Profils des Universalhafens Hamburg? Die Containerisierung hat den Zenit erreicht und es w\u00e4re h\u00f6chste Zeit, sich um die Kompetenz in anderen Umschlagsbereichen, z.B. St\u00fcckgut zu k\u00fcmmern.<\/li>\n<\/ul>\n<p>Sicherlich werden wir in den n\u00e4chsten Woche viele &#8220;teure Antworten&#8221; von einem v\u00f6llig \u00fcberraschten Senat h\u00f6ren, der das alles ja nicht ahnen konnte.<\/p>\n","protected":false},"excerpt":{"rendered":"<p>Das es der gesamten Branche der Containerschifffahrt zwei Monate nach dem B\u00f6rsengang von Hapag-Lloyd nun derart schlecht geht, konnte nun wirklich keiner ahnen. So sind wir froh, dass der Vorstandschef von Hapag-Lloyd, Herr Rolf Habben Jansen gestern nun endlich Klartext gesprochen und uns das, was keiner ahnen konnte, erl\u00e4utert hat. Hapag-Lloyd reagiert jetzt sogar auf &hellip; <a href=\"https:\/\/www.hamburg-fuer-die-elbe.de\/?p=9141\" class=\"more-link\"><span class=\"screen-reader-text\">Ahnungslos<\/span> weiterlesen <span class=\"meta-nav\">&rarr;<\/span><\/a><\/p>\n","protected":false},"author":2,"featured_media":0,"comment_status":"closed","ping_status":"closed","sticky":false,"template":"","format":"standard","meta":{"footnotes":""},"categories":[1,129],"tags":[484,428,27,95,59],"_links":{"self":[{"href":"https:\/\/www.hamburg-fuer-die-elbe.de\/index.php?rest_route=\/wp\/v2\/posts\/9141"}],"collection":[{"href":"https:\/\/www.hamburg-fuer-die-elbe.de\/index.php?rest_route=\/wp\/v2\/posts"}],"about":[{"href":"https:\/\/www.hamburg-fuer-die-elbe.de\/index.php?rest_route=\/wp\/v2\/types\/post"}],"author":[{"embeddable":true,"href":"https:\/\/www.hamburg-fuer-die-elbe.de\/index.php?rest_route=\/wp\/v2\/users\/2"}],"replies":[{"embeddable":true,"href":"https:\/\/www.hamburg-fuer-die-elbe.de\/index.php?rest_route=%2Fwp%2Fv2%2Fcomments&post=9141"}],"version-history":[{"count":10,"href":"https:\/\/www.hamburg-fuer-die-elbe.de\/index.php?rest_route=\/wp\/v2\/posts\/9141\/revisions"}],"predecessor-version":[{"id":10542,"href":"https:\/\/www.hamburg-fuer-die-elbe.de\/index.php?rest_route=\/wp\/v2\/posts\/9141\/revisions\/10542"}],"wp:attachment":[{"href":"https:\/\/www.hamburg-fuer-die-elbe.de\/index.php?rest_route=%2Fwp%2Fv2%2Fmedia&parent=9141"}],"wp:term":[{"taxonomy":"category","embeddable":true,"href":"https:\/\/www.hamburg-fuer-die-elbe.de\/index.php?rest_route=%2Fwp%2Fv2%2Fcategories&post=9141"},{"taxonomy":"post_tag","embeddable":true,"href":"https:\/\/www.hamburg-fuer-die-elbe.de\/index.php?rest_route=%2Fwp%2Fv2%2Ftags&post=9141"}],"curies":[{"name":"wp","href":"https:\/\/api.w.org\/{rel}","templated":true}]}}