{"id":9308,"date":"2016-01-29T18:16:48","date_gmt":"2016-01-29T17:16:48","guid":{"rendered":"http:\/\/www.hamburg-fuer-die-elbe.de\/?p=9308"},"modified":"2016-01-28T20:49:39","modified_gmt":"2016-01-28T19:49:39","slug":"sachstand-elbvertiefung","status":"publish","type":"post","link":"https:\/\/www.hamburg-fuer-die-elbe.de\/?p=9308","title":{"rendered":"Sachstand Elbvertiefung?"},"content":{"rendered":"<p><a href=\"https:\/\/www.hamburg-fuer-die-elbe.de\/?attachment_id=3958\" target=\"_blank\" rel=\"attachment wp-att-3958\"><img loading=\"lazy\" decoding=\"async\" class=\"alignleft wp-image-3958\" src=\"https:\/\/www.hamburg-fuer-die-elbe.de\/wordpress\/wp-content\/uploads\/2014\/10\/RathausAhnen1-265x300.jpg\" alt=\"RathausAhnen\" width=\"250\" height=\"283\" srcset=\"https:\/\/www.hamburg-fuer-die-elbe.de\/wordpress\/wp-content\/uploads\/2014\/10\/RathausAhnen1-265x300.jpg 265w, https:\/\/www.hamburg-fuer-die-elbe.de\/wordpress\/wp-content\/uploads\/2014\/10\/RathausAhnen1.jpg 680w\" sizes=\"(max-width: 250px) 100vw, 250px\" \/><\/a>Im Wirtschaftsausschuss der B\u00fcrgerschaft am <a href=\"https:\/\/www.hamburg-fuer-die-elbe.de\/?p=9296\" target=\"_blank\">05.01.2016<\/a> wurde in einer Selbstbefassung das Thema &#8220;Sachstand des Klageverfahrens zur Fahrrinnenanpassung der Unter- und Au\u00dfenelbe&#8221; beraten und die Ergebnisse in einem <a href=\"https:\/\/www.buergerschaft-hh.de\/ParlDok\/dokument\/51269\/bericht-des-ausschusses-f%c3%bcr-wirtschaft-innovation-und-medien-%c3%bcber-die-selbstbefassung-sachstand-des-klageverfahrens-zur-fahrrinnenanpassung.pdf\" target=\"_blank\" class=\"broken_link\">Bericht ver\u00f6ffentlicht<\/a>.<\/p>\n<p>Wie nicht anders zu erwarten, nutzten einige Oppositionsparteien die Chance, weitere Details \u00fcber den kurz vor Weihnachten bekannt <a href=\"https:\/\/www.hamburg-fuer-die-elbe.de\/?p=8586\" target=\"_blank\">gewordenen Senatsdissenz<\/a> zur Fristverl\u00e4ngerung der \u00fcberarbeiteten WRRL-Unterlagen zur Elbvertiefung in Erfahrung zu bringen. Die Senatsvertreter berichteten nichts Neues &#8211; auch die Bild-Erkl\u00e4rung \u201e<a href=\"http:\/\/www.bild.de\/regional\/hamburg\/bild-kolumnen\/eine-geschichte-und-das-was-dahinter-steckt-44169912.bild.html\" target=\"_blank\">Rathaus intern \u2013 Eine Geschichte und das, was dahinter steckt&#8221;<\/a> war kein Thema.<\/p>\n<p>Wir erfahren aber, dass bis zum 05.01.2016 zehn Stellungnahmen eingegangen seien, davon vier von Umweltverwaltungen und sechs von Verb\u00e4nden. Statt Freude \u00fcber demokratische Rechtewahrnehmung zu \u00e4u\u00dfern und sich \u00fcber die Inhalte der R\u00fcckmeldungen informieren zu lassen, erfreuen sich diese Oppositionsparteien lieber an einem &#8220;Verbandsbashing&#8221;. Ein Abgeordneter er\u00f6ffnet: &#8220;<em>Er empfinde es als verdrie\u00dflich, dass dieser Kreis in jahrelangen Verhandlungen immer wieder beteiligt werde und das Ergebnis trotzdem sei, dass das Projekt rundweg abgelehnt und durch jede Instanz beklagt werde. Bei den GR\u00dcNEN m\u00f6ge dies zu einem Schmunzeln f\u00fchren, er selbst glaube aber, dass die grunds\u00e4tzliche Fragestellung der Verb\u00e4ndebeteiligung urspr\u00fcnglich ganz anders konzipiert gewesen sei, n\u00e4mlich dahin gehend, dass es inhaltlich zu Ergebnissen komme, um so gemeinsam Projekte durchzuf\u00fchren. Die Realit\u00e4t sei jedoch, wie eben beschrieben, eine andere. Die FDP werde die Fahrrinnenanpassung auf jeden Fall auch weiterhin politisch unterst\u00fctzen.<\/em>&#8221; Wir erschrecken angesichts dieser Worte &#8211; das soll also die h\u00e4ufig beschworene <a href=\"http:\/\/www.fdphamburg.de\/buergerschaftswahl\/wahlprogramm\/\" target=\"_blank\">Liberalit\u00e4t hanseatischer Pr\u00e4gung<\/a> sein? Von welchen Verhandlungen spricht dieser Abgeordnete? Das von den Elbvertiefungsgegnern vorgelegte schmerzhafte Kompromissangebot einer &#8220;<a href=\"https:\/\/www.google.de\/url?sa=t&amp;rct=j&amp;q=&amp;esrc=s&amp;source=web&amp;cd=1&amp;cad=rja&amp;uact=8&amp;ved=0ahUKEwiEg_rWnc3KAhUDkQ8KHa0rDxUQFggkMAA&amp;url=http%3A%2F%2Fwww.abendblatt.de%2Fwirtschaft%2Farticle106504332%2FWirtschaft-warnt-vor-einer-Elbvertiefung-light.html&amp;usg=AFQjCNF9d7iaI4MBuCv446lrcjxhd1kWEw\" target=\"_blank\">Elbvertiefung light<\/a>&#8220;,\u00a0 wurde seitens der jeweiligen politischen Entscheider mit einem Federwisch weggehauen. <strong>Das war &#8220;Bevormundung statt Beteiligung&#8221;!<\/strong><\/p>\n<p>Die Gr\u00fcnen schweigen &#8211; sie scheinen bei ihrem politischen Kernthema als L\u00e4mmer vom eigenen Regierungsglanze bet\u00e4ubt eingenickt zu sein. Von der Partei, der man \u00fcblicherweise wenig demokratisches Verst\u00e4ndnis unterstellt, gibt es aber den erl\u00f6senden demokratischen und freiheitlichen Balsam: &#8220;<em>Die Abgeordneten der Fraktion DIE LINKE konstatierten, sie hielten das Verb\u00e4ndeklagerecht im Gegensatz zur FDP f\u00fcr einen demokratischen Fortschritt, auch wenn das Agieren der Verb\u00e4nde im Einzelfall nicht immer jedem gefalle. Es sei ein gesellschaftlicher Gewinn, dass nicht mehr nur die Menschen klagen k\u00f6nnten, die Grund und Boden h\u00e4tten.<\/em>&#8221; Wirklich wahre Worte!<\/p>\n<p>Und das war dann leider Alles, was zum Thema &#8220;Sachstand des Klageverfahrens zur Fahrrinnenanpassung der Unter- und Au\u00dfenelbe&#8221; er\u00f6rtert wurde. Und da fragen sich die Parteien, warum diese keinen Zulauf mehr haben&#8230;<\/p>\n<p>PS: Der von uns kritisierte Abgeordnete ist in der Lage, seiner parlamentarischen Aufgabe nachzukommen. Seinen Lapsus, dass er in der Ausschusssitzung nicht nach den Beweggr\u00fcnden der Klagen gefragt hat, sondern nur sein befremdliches Verst\u00e4ndnis von Liberalit\u00e4t artikuliert, hat er \u00fcber eine <a href=\"https:\/\/www.buergerschaft-hh.de\/ParlDok\/dokument\/51189\/und-t%c3%a4glich-gr%c3%bc%c3%9ft-das-murmeltier-%e2%80%93-abschluss-des-beteiligungsverfahrens-in-sachen-elbvertiefung-in-sicht-.pdf\" target=\"_blank\" class=\"broken_link\">Schriftliche Kleine Anfrage<\/a>, mit einem allerdings mehr als merkw\u00fcrdigen Titel, versucht, zu korrigieren. In den Senatsantworten finden wir einige Informationen, die bereits auf der Ausschusssitzung erwartet h\u00e4tten.<\/p>\n","protected":false},"excerpt":{"rendered":"<p>Im Wirtschaftsausschuss der B\u00fcrgerschaft am 05.01.2016 wurde in einer Selbstbefassung das Thema &#8220;Sachstand des Klageverfahrens zur Fahrrinnenanpassung der Unter- und Au\u00dfenelbe&#8221; beraten und die Ergebnisse in einem Bericht ver\u00f6ffentlicht. Wie nicht anders zu erwarten, nutzten einige Oppositionsparteien die Chance, weitere Details \u00fcber den kurz vor Weihnachten bekannt gewordenen Senatsdissenz zur Fristverl\u00e4ngerung der \u00fcberarbeiteten WRRL-Unterlagen zur &hellip; <a href=\"https:\/\/www.hamburg-fuer-die-elbe.de\/?p=9308\" class=\"more-link\"><span class=\"screen-reader-text\">Sachstand Elbvertiefung?<\/span> weiterlesen <span class=\"meta-nav\">&rarr;<\/span><\/a><\/p>\n","protected":false},"author":2,"featured_media":0,"comment_status":"closed","ping_status":"closed","sticky":false,"template":"","format":"standard","meta":{"footnotes":""},"categories":[1,138,10],"tags":[44,168,393,68],"_links":{"self":[{"href":"https:\/\/www.hamburg-fuer-die-elbe.de\/index.php?rest_route=\/wp\/v2\/posts\/9308"}],"collection":[{"href":"https:\/\/www.hamburg-fuer-die-elbe.de\/index.php?rest_route=\/wp\/v2\/posts"}],"about":[{"href":"https:\/\/www.hamburg-fuer-die-elbe.de\/index.php?rest_route=\/wp\/v2\/types\/post"}],"author":[{"embeddable":true,"href":"https:\/\/www.hamburg-fuer-die-elbe.de\/index.php?rest_route=\/wp\/v2\/users\/2"}],"replies":[{"embeddable":true,"href":"https:\/\/www.hamburg-fuer-die-elbe.de\/index.php?rest_route=%2Fwp%2Fv2%2Fcomments&post=9308"}],"version-history":[{"count":5,"href":"https:\/\/www.hamburg-fuer-die-elbe.de\/index.php?rest_route=\/wp\/v2\/posts\/9308\/revisions"}],"predecessor-version":[{"id":9313,"href":"https:\/\/www.hamburg-fuer-die-elbe.de\/index.php?rest_route=\/wp\/v2\/posts\/9308\/revisions\/9313"}],"wp:attachment":[{"href":"https:\/\/www.hamburg-fuer-die-elbe.de\/index.php?rest_route=%2Fwp%2Fv2%2Fmedia&parent=9308"}],"wp:term":[{"taxonomy":"category","embeddable":true,"href":"https:\/\/www.hamburg-fuer-die-elbe.de\/index.php?rest_route=%2Fwp%2Fv2%2Fcategories&post=9308"},{"taxonomy":"post_tag","embeddable":true,"href":"https:\/\/www.hamburg-fuer-die-elbe.de\/index.php?rest_route=%2Fwp%2Fv2%2Ftags&post=9308"}],"curies":[{"name":"wp","href":"https:\/\/api.w.org\/{rel}","templated":true}]}}