{"id":984,"date":"2013-12-03T21:02:35","date_gmt":"2013-12-03T19:02:35","guid":{"rendered":"http:\/\/www.hamburg-fuer-die-elbe.de\/?p=984"},"modified":"2014-07-05T12:36:51","modified_gmt":"2014-07-05T11:36:51","slug":"verhandlungstermine-beim-verwaltungsgericht","status":"publish","type":"post","link":"https:\/\/www.hamburg-fuer-die-elbe.de\/?p=984","title":{"rendered":"Gerichtstermine Elbvertiefung"},"content":{"rendered":"<p>Heute hat das Bundesverwaltungsgericht in der <a href=\"http:\/\/www.bverwg.de\/presse\/pressemitteilungen\/pressemitteilung.php?jahr=2013&amp;nr=84\" target=\"_blank\">Pressemitteilung 84\/2013<\/a> die Verhandlungstermine zum Verfahren um die Elbvertiefung mitgeteilt. So ist die m\u00fcndlichen Verhandlung f\u00fcr den 15.\u00a0Juli\u00a02014 und weitere f\u00fcnf Verhandlungstage in der 29. und 30. Kalenderwoche angesetzt. Vorsorglich wurden drei weitere Verhandlungstage in der 31. Kalenderwoche eingeplant.<\/p>\n<p>Weiter teilt das Gericht mit, dass &#8220;An seiner urspr\u00fcnglichen Absicht, die Verfahren zun\u00e4chst auszusetzen und dem Gerichtshof der Europ\u00e4ischen Union bestimmte Fragen zur Auslegung der europ\u00e4ischen Wasserrahmenrichtlinie vorzulegen, wie dies bereits durch Beschluss vom 11.\u00a0Juli\u00a02013 in einem Verfahren zur Weservertiefung (<a href=\"http:\/\/www.bverwg.de\/entscheidungen\/verwandte_dokumente.php?az=BVerwG+7+A+20.11\">BVerwG\u00a07\u00a0A\u00a020.11<\/a>) geschehen ist, h\u00e4lt der Senat nicht mehr fest. Im Hinblick auf eine mittlerweile durch Beschl\u00fcsse vom 1.\u00a0Oktober\u00a02013 vorgenommene Planerg\u00e4nzung l\u00e4sst sich erst nach der m\u00fcndlichen Verhandlung verl\u00e4sslich beurteilen, ob diese Fragen sich in den Verfahren zur Elbvertiefung noch stellen und ob gegebenenfalls weitere Fragen zur Auslegung der Wasserrahmenrichtlinie vorzulegen sind.&#8221;<\/p>\n<p>Eine erste Interpretation der Presse finden Sie <a href=\"http:\/\/www.google.de\/url?sa=t&amp;rct=j&amp;q=&amp;esrc=s&amp;source=web&amp;cd=1&amp;cad=rja&amp;ved=0CDQQqQIwAA&amp;url=http%3A%2F%2Fwww.abendblatt.de%2Fhamburg%2Farticle122515781%2FBundesverwaltungsgericht-verhandelt-im-Juli-ueber-Elbvertiefung.html&amp;ei=nCmeUsXUI8KVtQaBnYDICA&amp;usg=AFQjCNEUlcHTBD8tsy8Gfm6whylihh4DcQ&amp;bvm=bv.57155469,d.Yms\" target=\"_blank\">hier<\/a>.<\/p>\n","protected":false},"excerpt":{"rendered":"<p>Heute hat das Bundesverwaltungsgericht in der Pressemitteilung 84\/2013 die Verhandlungstermine zum Verfahren um die Elbvertiefung mitgeteilt. So ist die m\u00fcndlichen Verhandlung f\u00fcr den 15.\u00a0Juli\u00a02014 und weitere f\u00fcnf Verhandlungstage in der 29. und 30. Kalenderwoche angesetzt. Vorsorglich wurden drei weitere Verhandlungstage in der 31. Kalenderwoche eingeplant. Weiter teilt das Gericht mit, dass &#8220;An seiner urspr\u00fcnglichen Absicht, &hellip; <a href=\"https:\/\/www.hamburg-fuer-die-elbe.de\/?p=984\" class=\"more-link\"><span class=\"screen-reader-text\">Gerichtstermine Elbvertiefung<\/span> weiterlesen <span class=\"meta-nav\">&rarr;<\/span><\/a><\/p>\n","protected":false},"author":2,"featured_media":0,"comment_status":"closed","ping_status":"closed","sticky":false,"template":"","format":"standard","meta":{"footnotes":""},"categories":[1,138],"tags":[44,46,47],"_links":{"self":[{"href":"https:\/\/www.hamburg-fuer-die-elbe.de\/index.php?rest_route=\/wp\/v2\/posts\/984"}],"collection":[{"href":"https:\/\/www.hamburg-fuer-die-elbe.de\/index.php?rest_route=\/wp\/v2\/posts"}],"about":[{"href":"https:\/\/www.hamburg-fuer-die-elbe.de\/index.php?rest_route=\/wp\/v2\/types\/post"}],"author":[{"embeddable":true,"href":"https:\/\/www.hamburg-fuer-die-elbe.de\/index.php?rest_route=\/wp\/v2\/users\/2"}],"replies":[{"embeddable":true,"href":"https:\/\/www.hamburg-fuer-die-elbe.de\/index.php?rest_route=%2Fwp%2Fv2%2Fcomments&post=984"}],"version-history":[{"count":4,"href":"https:\/\/www.hamburg-fuer-die-elbe.de\/index.php?rest_route=\/wp\/v2\/posts\/984\/revisions"}],"predecessor-version":[{"id":989,"href":"https:\/\/www.hamburg-fuer-die-elbe.de\/index.php?rest_route=\/wp\/v2\/posts\/984\/revisions\/989"}],"wp:attachment":[{"href":"https:\/\/www.hamburg-fuer-die-elbe.de\/index.php?rest_route=%2Fwp%2Fv2%2Fmedia&parent=984"}],"wp:term":[{"taxonomy":"category","embeddable":true,"href":"https:\/\/www.hamburg-fuer-die-elbe.de\/index.php?rest_route=%2Fwp%2Fv2%2Fcategories&post=984"},{"taxonomy":"post_tag","embeddable":true,"href":"https:\/\/www.hamburg-fuer-die-elbe.de\/index.php?rest_route=%2Fwp%2Fv2%2Ftags&post=984"}],"curies":[{"name":"wp","href":"https:\/\/api.w.org\/{rel}","templated":true}]}}