{"id":9951,"date":"2016-04-13T20:45:31","date_gmt":"2016-04-13T19:45:31","guid":{"rendered":"http:\/\/www.hamburg-fuer-die-elbe.de\/?p=9951"},"modified":"2016-10-07T09:55:27","modified_gmt":"2016-10-07T07:55:27","slug":"nordfriesland-sagt-nein","status":"publish","type":"post","link":"https:\/\/www.hamburg-fuer-die-elbe.de\/?p=9951","title":{"rendered":"Nordfriesland sagt Nein!"},"content":{"rendered":"<p><a href=\"https:\/\/www.hamburg-fuer-die-elbe.de\/wordpress\/wp-content\/uploads\/2015\/08\/AlexandervonHumboldt2.jpg\" target=\"_blank\"><img loading=\"lazy\" decoding=\"async\" class=\"alignright wp-image-7493\" src=\"https:\/\/www.hamburg-fuer-die-elbe.de\/wordpress\/wp-content\/uploads\/2015\/08\/AlexandervonHumboldt2.jpg\" alt=\"AlexandervonHumboldt2\" width=\"250\" height=\"187\" \/><\/a>In Sachen &#8220;<a href=\"https:\/\/www.hamburg-fuer-die-elbe.de\/?p=9927\" target=\"_blank\">Schlick-Schande<\/a>&#8221; und dem Fortgang der Verklappung von giftigem Hafenschlick vor Helgoland bei Tonne E3 hat sich ein, nach Meinung des schleswig-holsteinische Umweltministers Herrn Robert Habeck, weiterer Beteiligter mit einer vermeintlich nicht &#8220;stichhaltigen Einwendungen&#8221; zu Wort gemeldet. Wie heute in der SHZ zu lesen war, hat sich der <a href=\"http:\/\/www.shz.de\/lokales\/husumer-nachrichten\/nein-zur-elbschlick-verklappung-id13245116.html\" target=\"_blank\">Hauptausschuss des Kreises Nordfriesland<\/a> gegen die Verklappung ausgesprochen.<\/p>\n<p>Laut SHZ soll die <a href=\"http:\/\/ratsinfo.nordfriesland.de\/sdnet\/sdnetrim\/Lh0LgvGcu9To9Sm0Nl.HayIYu8Tq8Sj1Kg1HauCWqBZo5Ok5KeyIjvIWsESn4Rk4Te.MavCXuCWn4Oi0Lg-IbvDauHTp8To1Ok0HbwHau8Vt6Pi7Kj2GJ\/Vorlage_7-2016.pdf\" target=\"_blank\" class=\"broken_link\">moderat formulierte Verwaltungsvorlage<\/a>, in der die geplante Verklappung als \u00f6kologisch und \u00f6konomisch nicht nachhaltige \u201e\u00dcbergangsma\u00dfnahme\u201c akzeptiert und nur die Option einer Verl\u00e4ngerung ausgeschlossen werden sollte, schnell und einvernehmlich durch die Abgeordneten vom Tisch gewischt worden\u00a0sein. Hamburgs uns\u00e4gliche Unt\u00e4tigkeit der vergangenen Jahrzehnte ist sehr wohl von den Abgeordneten zur Kenntnis genommen und nicht vergessen worden.<\/p>\n<p>\u00dcber Jahre hat man aber in Hamburg dieses nicht wahrnehmen wollen. Nicht mal die Kostenentwicklung\u00a0und die Effektivit\u00e4t dieser ausufernden Baggerei scheint von den Senaten kritisch be\u00e4ugt und \u00f6ffentlich gerechtfertigt worden zu sein.<\/p>\n<p>Diesen Eindruck gewinnen wir bei der neu gestellten <a href=\"https:\/\/www.buergerschaft-hh.de\/ParlDok\/dokument\/52381\/zust%c3%a4ndigkeit-und-erfolgskontrolle-bei-baggerarbeiten-im-hamburger-hafen.pdf\" target=\"_blank\" class=\"broken_link\">Schriftlichen Kleinen Anfrage<\/a> in der B\u00fcrgerschaft. Die Antworten werden in rund einer Woche zu lesen sein&#8230;<\/p>\n<p>Nachtrag: den Beschlusstext des Hauptausschusses finden Sie <a href=\"http:\/\/ratsinfo.nordfriesland.de\/sdnet\/sdnetrim\/Lh0LgvGcu9To9Sm0Nl.HayIYu8Tq8Sj1Kg1HauCWqBZo5Ok5KeyJawHWsDSm4Qm0Le.JayCXuCWn4Oi0Lg-IbvDauHTp8To1Ok0HbwHau8Vt6Pi4Nj2GJ\/Beschlusstext_7-2016_-oeffentlich-_Hauptausschuss_11.04.2016.pdf\" target=\"_blank\" class=\"broken_link\">-&gt;hier<\/a>.<\/p>\n<p>&nbsp;<\/p>\n<p>&nbsp;<\/p>\n","protected":false},"excerpt":{"rendered":"<p>In Sachen &#8220;Schlick-Schande&#8221; und dem Fortgang der Verklappung von giftigem Hafenschlick vor Helgoland bei Tonne E3 hat sich ein, nach Meinung des schleswig-holsteinische Umweltministers Herrn Robert Habeck, weiterer Beteiligter mit einer vermeintlich nicht &#8220;stichhaltigen Einwendungen&#8221; zu Wort gemeldet. Wie heute in der SHZ zu lesen war, hat sich der Hauptausschuss des Kreises Nordfriesland gegen die &hellip; <a href=\"https:\/\/www.hamburg-fuer-die-elbe.de\/?p=9951\" class=\"more-link\"><span class=\"screen-reader-text\">Nordfriesland sagt Nein!<\/span> weiterlesen <span class=\"meta-nav\">&rarr;<\/span><\/a><\/p>\n","protected":false},"author":2,"featured_media":0,"comment_status":"closed","ping_status":"closed","sticky":false,"template":"","format":"standard","meta":{"footnotes":""},"categories":[1,10],"tags":[173,496,158],"_links":{"self":[{"href":"https:\/\/www.hamburg-fuer-die-elbe.de\/index.php?rest_route=\/wp\/v2\/posts\/9951"}],"collection":[{"href":"https:\/\/www.hamburg-fuer-die-elbe.de\/index.php?rest_route=\/wp\/v2\/posts"}],"about":[{"href":"https:\/\/www.hamburg-fuer-die-elbe.de\/index.php?rest_route=\/wp\/v2\/types\/post"}],"author":[{"embeddable":true,"href":"https:\/\/www.hamburg-fuer-die-elbe.de\/index.php?rest_route=\/wp\/v2\/users\/2"}],"replies":[{"embeddable":true,"href":"https:\/\/www.hamburg-fuer-die-elbe.de\/index.php?rest_route=%2Fwp%2Fv2%2Fcomments&post=9951"}],"version-history":[{"count":4,"href":"https:\/\/www.hamburg-fuer-die-elbe.de\/index.php?rest_route=\/wp\/v2\/posts\/9951\/revisions"}],"predecessor-version":[{"id":10657,"href":"https:\/\/www.hamburg-fuer-die-elbe.de\/index.php?rest_route=\/wp\/v2\/posts\/9951\/revisions\/10657"}],"wp:attachment":[{"href":"https:\/\/www.hamburg-fuer-die-elbe.de\/index.php?rest_route=%2Fwp%2Fv2%2Fmedia&parent=9951"}],"wp:term":[{"taxonomy":"category","embeddable":true,"href":"https:\/\/www.hamburg-fuer-die-elbe.de\/index.php?rest_route=%2Fwp%2Fv2%2Fcategories&post=9951"},{"taxonomy":"post_tag","embeddable":true,"href":"https:\/\/www.hamburg-fuer-die-elbe.de\/index.php?rest_route=%2Fwp%2Fv2%2Ftags&post=9951"}],"curies":[{"name":"wp","href":"https:\/\/api.w.org\/{rel}","templated":true}]}}